{"id":54482,"date":"2025-07-31T08:30:42","date_gmt":"2025-07-31T06:30:42","guid":{"rendered":"https:\/\/edublog.educastur.es\/ixuxu\/?p=54482"},"modified":"2025-07-31T13:02:07","modified_gmt":"2025-07-31T11:02:07","slug":"estau-del-tiempu-el-comercio","status":"publish","type":"post","link":"https:\/\/edublog.educastur.es\/ixuxu\/2025\/07\/estau-del-tiempu-el-comercio\/","title":{"rendered":"Est\u00e1u del tiempu (El Comercio)"},"content":{"rendered":"<p style=\"text-align: center\"><a href=\"https:\/\/s1.ppllstatics.com\/elcomercio\/www\/multimedia\/2025\/07\/30\/tiempo-asturias-jueves-31-julio-kmjF-U2301948938566Ca-1200x860@El%20Comercio.jpg\"><img loading=\"lazy\" decoding=\"async\" class=\"aligncenter size-large\" src=\"https:\/\/s1.ppllstatics.com\/elcomercio\/www\/multimedia\/2025\/07\/30\/tiempo-asturias-jueves-31-julio-kmjF-U2301948938566Ca-1200x860@El%20Comercio.jpg\" width=\"1200\" height=\"860\" \/><\/a><\/p>\n<p><strong>Vamos amanecer<\/strong> con nubes baxes na met\u00e1 norte y con cielos m\u00e1s estenos escontra&#8217;l sur. <strong>A partir del mediud\u00eda<\/strong> vamos reparar como les nubes van sumir polo que&#8217;l sol va rellumar en pr\u00e1cticamente tol Princip\u00e1u. Mientres la recta final del d\u00eda les nubes baxes volver\u00e1n apaecer dende la mari\u00f1a. Nun se refuga dalg\u00fan orbayu pocu importante na mari\u00f1a mientres la ma\u00f1ana. <strong>Los vientos<\/strong> van predominar de nordeste-norte fluexos con raches moderaes. <strong>Les temperatures m\u00e1ximes<\/strong> van ser id\u00e9ntiques a les d&#8217;esti mi\u00e9rcoles y <strong>les m\u00ednimes<\/strong> van xubir llixeramente un pocu.<\/p>\n<p><!--more--><\/p>\n<p><strong>El vienres<\/strong> preven intervalu nublos con m\u00e1s claros nes hores centrales pero, a lo llargo de la tarde, la nubosidad va dir a m\u00e1s y va acabase estendiendo por tola Comunid\u00e1 Aut\u00f3noma. Va Acabar lloviendo sele na mari\u00f1a y nun se refuga que pueda chispiar localmente n&#8217;otres zones de la met\u00e1 norte a la fin del d\u00eda. Les temperatures nun van variar nel casu de les m\u00e1ximes, ente que les m\u00ednimes podr\u00eden van baxar un poco nel sector centro-oriental.<\/p>\n<p><strong>A lo llargo del s\u00e1badu<\/strong> van abrise claros (sobremanera mientres la segunda parte del d\u00eda).<\/p>\n","protected":false},"excerpt":{"rendered":"<p>Vamos amanecer con nubes baxes na met\u00e1 norte y con cielos m\u00e1s estenos escontra&#8217;l sur. A partir del mediud\u00eda vamos reparar como les nubes van sumir polo que&#8217;l sol va rellumar en pr\u00e1cticamente tol Princip\u00e1u. Mientres la recta final del d\u00eda les nubes baxes volver\u00e1n apaecer dende la mari\u00f1a. Nun se refuga dalg\u00fan orbayu pocu [&hellip;]<\/p>\n","protected":false},"author":117,"featured_media":0,"comment_status":"closed","ping_status":"open","sticky":false,"template":"","format":"standard","meta":{"footnotes":""},"categories":[5],"tags":[],"class_list":["post-54482","post","type-post","status-publish","format-standard","hentry","category-tiempu"],"_links":{"self":[{"href":"https:\/\/edublog.educastur.es\/ixuxu\/wp-json\/wp\/v2\/posts\/54482","targetHints":{"allow":["GET"]}}],"collection":[{"href":"https:\/\/edublog.educastur.es\/ixuxu\/wp-json\/wp\/v2\/posts"}],"about":[{"href":"https:\/\/edublog.educastur.es\/ixuxu\/wp-json\/wp\/v2\/types\/post"}],"author":[{"embeddable":true,"href":"https:\/\/edublog.educastur.es\/ixuxu\/wp-json\/wp\/v2\/users\/117"}],"replies":[{"embeddable":true,"href":"https:\/\/edublog.educastur.es\/ixuxu\/wp-json\/wp\/v2\/comments?post=54482"}],"version-history":[{"count":1,"href":"https:\/\/edublog.educastur.es\/ixuxu\/wp-json\/wp\/v2\/posts\/54482\/revisions"}],"predecessor-version":[{"id":54483,"href":"https:\/\/edublog.educastur.es\/ixuxu\/wp-json\/wp\/v2\/posts\/54482\/revisions\/54483"}],"wp:attachment":[{"href":"https:\/\/edublog.educastur.es\/ixuxu\/wp-json\/wp\/v2\/media?parent=54482"}],"wp:term":[{"taxonomy":"category","embeddable":true,"href":"https:\/\/edublog.educastur.es\/ixuxu\/wp-json\/wp\/v2\/categories?post=54482"},{"taxonomy":"post_tag","embeddable":true,"href":"https:\/\/edublog.educastur.es\/ixuxu\/wp-json\/wp\/v2\/tags?post=54482"}],"curies":[{"name":"wp","href":"https:\/\/api.w.org\/{rel}","templated":true}]}}