{"id":54487,"date":"2025-07-31T19:00:33","date_gmt":"2025-07-31T17:00:33","guid":{"rendered":"https:\/\/edublog.educastur.es\/ixuxu\/?p=54487"},"modified":"2025-07-31T21:36:47","modified_gmt":"2025-07-31T19:36:47","slug":"poema-una-voz-de-a-c-p","status":"publish","type":"post","link":"https:\/\/edublog.educastur.es\/ixuxu\/2025\/07\/poema-una-voz-de-a-c-p\/","title":{"rendered":"Poema \u00abUna voz\u00bb de A.C.P."},"content":{"rendered":"<div dir=\"auto\" style=\"text-align: center\"><\/div>\n<p style=\"text-align: center\"><em><span style=\"text-decoration: underline;color: #800080\"><span style=\"font-size: 24px\"><strong>UNA VOZ<\/strong><\/span><\/span><span style=\"color: #800080\"><span style=\"font-size: 24px\"><strong>, d&#8217;<a href=\"https:\/\/www.bajamareditores.com\/autor_a\/azucena-couso-perez\">&#8216;Azucena Couso P\u00e9rez<\/a><\/strong><\/span><\/span><\/em><br \/>\n<span style=\"color: #800080\">.<\/span><br \/>\n<span style=\"font-size: 24px\"><em><span style=\"color: #800080\">Dime qui\u00e9n hai ende, detr\u00e1s de les palabres, <\/span><\/em><\/span><br \/>\n<span style=\"font-size: 24px\"><em><span style=\"color: #800080\">y qu&#8217;escribe los versos m\u00e1s murnios cada nueche, <\/span><\/em><\/span><br \/>\n<span style=\"font-size: 24px\"><em><span style=\"color: #800080\">\u00f3nde habita la to alma aballada, <\/span><\/em><\/span><br \/>\n<span style=\"font-size: 24px\"><em><span style=\"color: #800080\">qui\u00e9n enciende la to lluz cuando tou s&#8217;apaga.<\/span><\/em><\/span><\/p>\n<p style=\"text-align: center\"><span style=\"font-size: 24px\"><em><span style=\"color: #800080\">Dime, poeta insomne de les hores perd\u00edes, <\/span><\/em><\/span><br \/>\n<span style=\"font-size: 24px\"><em><span style=\"color: #800080\">quiero saber qui\u00e9n yes, <\/span><\/em><\/span><br \/>\n<span style=\"font-size: 24px\"><em><span style=\"color: #800080\">qui\u00e9n punxo sal sobro la ferida abierta, <\/span><\/em><\/span><br \/>\n<span style=\"font-size: 24px\"><em><span style=\"color: #800080\">qu\u00e9 demoniu acesmaba,<\/span><\/em><\/span><br \/>\n<span style=\"font-size: 24px\"><em><span style=\"color: #800080\">tu que llegues asina, <\/span><\/em><\/span><br \/>\n<span style=\"font-size: 24px\"><em><span style=\"color: #800080\">con esta primavera, <\/span><\/em><\/span><br \/>\n<span style=\"font-size: 24px\"><em><span style=\"color: #800080\">baltando los murios de la casa zarrada,<\/span><\/em><\/span><br \/>\n<span style=\"font-size: 24px\"><em><span style=\"color: #800080\"> regalando la to voz como&#8217;l pan de diariu<\/span><\/em><\/span><br \/>\n<span style=\"font-size: 24px\"><em><span style=\"color: #800080\"> qu&#8217;espero acald\u00eda en cantu del cam\u00edn.<\/span><\/em><\/span><br \/>\n.<br \/>\n(In\u00e9ditu, conten\u00edu na Antolox\u00eda \u00abVientu a favor 2\u00bb. <a href=\"https:\/\/www.bajamareditores.com\/autor_a\/azucena-couso-perez\">Bajamar editores<\/a>).<\/p>\n<p><!--more--><\/p>\n<div dir=\"auto\"><span style=\"font-size: 20px\"><em>Dime qui\u00e9n hay ah\u00ed, detr\u00e1s de las palabras,<\/em><\/span><\/div>\n<div dir=\"auto\"><span style=\"font-size: 20px\"><em>y que escribe los versos m\u00e1s tristes cada noche,<\/em><\/span><\/div>\n<div dir=\"auto\"><span style=\"font-size: 20px\"><em>d\u00f3nde habita tu alma fatigada,<\/em><\/span><\/div>\n<div dir=\"auto\"><span style=\"font-size: 20px\"><em>qui\u00e9n enciende tu luz cuando todo se apaga.<\/em><\/span><\/div>\n<div dir=\"auto\"><span style=\"font-size: 20px\"><em>Dime, poeta insomne de las horas perdidas,<\/em><\/span><\/div>\n<div dir=\"auto\"><span style=\"font-size: 20px\"><em>quiero saber qui\u00e9n eres,<\/em><\/span><\/div>\n<div dir=\"auto\"><span style=\"font-size: 20px\"><em>qui\u00e9n puso sal sobre la herida abierta,<\/em><\/span><\/div>\n<div dir=\"auto\"><span style=\"font-size: 20px\"><em>qu\u00e9 demonio acechaba,<\/em><\/span><\/div>\n<div dir=\"auto\"><span style=\"font-size: 20px\"><em>t\u00fa que llegas as\u00ed,<\/em><\/span><\/div>\n<div dir=\"auto\"><span style=\"font-size: 20px\"><em>con esta primavera,<\/em><\/span><\/div>\n<div dir=\"auto\"><span style=\"font-size: 20px\"><em>derribando los muros de la casa cerrada,<\/em><\/span><\/div>\n<div dir=\"auto\"><span style=\"font-size: 20px\"><em>regalando tu voz como el pan de diario<\/em><\/span><\/div>\n<div dir=\"auto\"><span style=\"font-size: 20px\"><em>que espero cada d\u00eda al borde del camino.<\/em><\/span><\/div>\n<p style=\"text-align: center\">\n<!-- iframe plugin v.6.0 wordpress.org\/plugins\/iframe\/ -->\n<iframe loading=\"lazy\" src=\"https:\/\/www.facebook.com\/plugins\/post.php?href=https%3A%2F%2Fwww.facebook.com%2Fisa.lobo.35%2Fposts%2Fpfbid024T8bTLMQDv8Y5GjZRqYefDJwqt7RLZzH8ELBshuaX6L16bVv1Q2tb5aXsV1udJUbl&#038;show_text=true&#038;width=500\" width=\"500\" height=\"1115\" style=\"border:none;overflow:hidden\" scrolling=\"no\" frameborder=\"0\" allowfullscreen=\"true\" allow=\"autoplay; clipboard-write; encrypted-media; picture-in-picture; web-share\" 0=\"\/iframe\" class=\"iframe-class\"><\/iframe>\n<\/p>\n","protected":false},"excerpt":{"rendered":"<p>UNA VOZ, d&#8217;&#8216;Azucena Couso P\u00e9rez . Dime qui\u00e9n hai ende, detr\u00e1s de les palabres, y qu&#8217;escribe los versos m\u00e1s murnios cada nueche, \u00f3nde habita la to alma aballada, qui\u00e9n enciende la to lluz cuando tou s&#8217;apaga. Dime, poeta insomne de les hores perd\u00edes, quiero saber qui\u00e9n yes, qui\u00e9n punxo sal sobro la ferida abierta, qu\u00e9 [&hellip;]<\/p>\n","protected":false},"author":117,"featured_media":0,"comment_status":"closed","ping_status":"open","sticky":false,"template":"","format":"standard","meta":{"footnotes":""},"categories":[39],"tags":[],"class_list":["post-54487","post","type-post","status-publish","format-standard","hentry","category-poesia"],"_links":{"self":[{"href":"https:\/\/edublog.educastur.es\/ixuxu\/wp-json\/wp\/v2\/posts\/54487","targetHints":{"allow":["GET"]}}],"collection":[{"href":"https:\/\/edublog.educastur.es\/ixuxu\/wp-json\/wp\/v2\/posts"}],"about":[{"href":"https:\/\/edublog.educastur.es\/ixuxu\/wp-json\/wp\/v2\/types\/post"}],"author":[{"embeddable":true,"href":"https:\/\/edublog.educastur.es\/ixuxu\/wp-json\/wp\/v2\/users\/117"}],"replies":[{"embeddable":true,"href":"https:\/\/edublog.educastur.es\/ixuxu\/wp-json\/wp\/v2\/comments?post=54487"}],"version-history":[{"count":2,"href":"https:\/\/edublog.educastur.es\/ixuxu\/wp-json\/wp\/v2\/posts\/54487\/revisions"}],"predecessor-version":[{"id":54491,"href":"https:\/\/edublog.educastur.es\/ixuxu\/wp-json\/wp\/v2\/posts\/54487\/revisions\/54491"}],"wp:attachment":[{"href":"https:\/\/edublog.educastur.es\/ixuxu\/wp-json\/wp\/v2\/media?parent=54487"}],"wp:term":[{"taxonomy":"category","embeddable":true,"href":"https:\/\/edublog.educastur.es\/ixuxu\/wp-json\/wp\/v2\/categories?post=54487"},{"taxonomy":"post_tag","embeddable":true,"href":"https:\/\/edublog.educastur.es\/ixuxu\/wp-json\/wp\/v2\/tags?post=54487"}],"curies":[{"name":"wp","href":"https:\/\/api.w.org\/{rel}","templated":true}]}}