{"id":54492,"date":"2025-07-31T21:38:38","date_gmt":"2025-07-31T19:38:38","guid":{"rendered":"https:\/\/edublog.educastur.es\/ixuxu\/?p=54492"},"modified":"2025-07-31T21:57:00","modified_gmt":"2025-07-31T19:57:00","slug":"la-esperiencia-inmersiva-que-representa-la-creacion-de-la-tierra-nuna-ilesia","status":"publish","type":"post","link":"https:\/\/edublog.educastur.es\/ixuxu\/2025\/07\/la-esperiencia-inmersiva-que-representa-la-creacion-de-la-tierra-nuna-ilesia\/","title":{"rendered":"La esperiencia inmersiva que representa la creaci\u00f3n de la Tierra n&#8217;una ilesia."},"content":{"rendered":"<p><span style=\"color: #008080\"><strong>\u2018Genesis\u2019<\/strong><\/span> aterriza en Xix\u00f3n:<strong><span style=\"color: #008080\"> la esperiencia inmersiva que representa la creaci\u00f3n de la Tierra n&#8217;una ilesia<\/span><\/strong>. Un espect\u00e1culu de lluz, son\u00edu y proyecciones qu&#8217;imaxina c\u00f3mo ser\u00eda la creaci\u00f3n de la Tierra dientro d&#8217;una gran ilesia de Xix\u00f3n, con estrenu en septiembre. <a href=\"https:\/\/secretmedianetwork.com\/gijon\/genesis-gijon-experiencia-inmersiva\/?ad_id=120233568803170155&amp;campaign_id=120233481188540155&amp;fbclid=IwY2xjawL4pQ1leHRuA2FlbQEwAGFkaWQBqyfLQOwcywEewQLFtqdI1UJGKEOV2-sFTnPBP2di-beuBUPghhSvZM4MNAGUPimuhqzy8Y4_aem_a_4LSMSRfOmDKqZVKS_1uw&amp;utm_campaign=409077_acc&amp;utm_content=120233568803170155&amp;utm_id=120233481188540155&amp;utm_medium=ad_pe_cbo&amp;utm_source=Facebook_Desktop_Feed&amp;utm_term=secretmedianetwork-gijon\">Web oficial<\/a><\/p>\n<p style=\"text-align: center\"><a href=\"https:\/\/offloadmedia.feverup.com\/secretmedianetwork.com\/wp-content\/uploads\/2025\/07\/17145604\/1620-1080AlexLomart_EonariumValencia-123-1024x683.jpg\"><img loading=\"lazy\" decoding=\"async\" class=\"aligncenter size-large\" src=\"https:\/\/offloadmedia.feverup.com\/secretmedianetwork.com\/wp-content\/uploads\/2025\/07\/17145604\/1620-1080AlexLomart_EonariumValencia-123-1024x683.jpg\" width=\"1024\" height=\"683\" \/><\/a><\/p>\n<ul>\n<li>\u00a0<a class=\"shortcode-outbound-link\" href=\"https:\/\/feverup.com\/m\/409077\" target=\"_blank\" rel=\"noopener noreferrer\" data-has-ga=\"true\" data-ga-type=\"click\" data-label=\"https:\/\/feverup.com\/m\/409077\" data-action=\"text_cta_1\" data-tracked=\"1\" data-category=\"click_sales\" data-cp_smn_source=\"secretmedianetwork\" data-cp_smn_content=\"genesis-gijon-experiencia-inmersiva\" data-cp_smn_term=\"text_cta_1\" data-ga-applied=\"true\" data-mrf-recirculation=\"[Article] Body Links\" data-mrf-link=\"https:\/\/feverup.com\/m\/409077\">La lista de espera ya est\u00e1 disponible<\/a> \/<a class=\"shortcode-outbound-link\" href=\"https:\/\/feverup.com\/m\/409077\" target=\"_blank\" rel=\"noopener noreferrer\" data-has-ga=\"true\" data-ga-type=\"click\" data-label=\"https:\/\/feverup.com\/m\/409077\" data-action=\"text_cta_2\" data-tracked=\"1\" data-category=\"click_sales\" data-cp_smn_source=\"secretmedianetwork\" data-cp_smn_content=\"genesis-gijon-experiencia-inmersiva\" data-cp_smn_term=\"text_cta_2\" data-ga-applied=\"true\" data-mrf-recirculation=\"[Article] Body Links\" data-mrf-link=\"https:\/\/feverup.com\/m\/409077\">Genesis<\/a> \/ \u00a0<a class=\"shortcode-outbound-link\" href=\"https:\/\/feverup.com\/m\/409077\" target=\"_blank\" rel=\"noopener noreferrer\" data-has-ga=\"true\" data-ga-type=\"click\" data-label=\"https:\/\/feverup.com\/m\/409077\" data-action=\"text_cta_5\" data-tracked=\"1\" data-category=\"click_sales\" data-cp_smn_source=\"secretmedianetwork\" data-cp_smn_content=\"genesis-gijon-experiencia-inmersiva\" data-cp_smn_term=\"text_cta_5\" data-ga-applied=\"true\" data-mrf-recirculation=\"[Article] Body Links\" data-mrf-link=\"https:\/\/feverup.com\/m\/409077\">Projektil<\/a> \/ <a href=\"https:\/\/applications-media.feverup.com\/video\/upload\/f_auto,w_720,h_720\/fever2\/plan\/video\/8aaec92c-6c5e-11f0-8575-921a05b6b227.mp4\">VIDEU<\/a> \/<\/li>\n<li><a href=\"https:\/\/feverup.com\/m\/409077\"><strong>Reserva<\/strong><\/a>\/ <a href=\"https:\/\/www.instagram.com\/eonarium.exp\">https:\/\/www.instagram.com\/eonarium.exp<\/a><\/li>\n<li>\u00a0<a href=\"https:\/\/google.com\/maps?z=14&amp;t=m&amp;q=loc:43.5350321+-5.6577119\" target=\"_blank\" rel=\"noopener\" data-has-ga=\"true\" data-ga-type=\"click\" data-category=\"outbound_link\" data-action=\"profile_card_location\" data-ga-applied=\"true\">Ilesia de La Inmaculada (Avenida Hermanos Felgueroso, 25, Xix\u00f3n, 33205)<\/a><\/li>\n<\/ul>\n<p><!--more--><\/p>\n<p>Xix\u00f3n va estrenar el 11 de setiembre un espect\u00e1culu inmersivo qu&#8217;imaxina c\u00f3mo ser\u00eden los primeros d\u00edes de la creaci\u00f3n de la Tierra. Col nome de Genesis, <strong>tr\u00e1tase d&#8217;una esperiencia de videomapping, lluz y m\u00fasica nel interior de la ilesia de la Inmaculada<\/strong>, tresformando cada rinc\u00f3n del templu nun viaxe sensorial. La llista d&#8217;espera y\u00e1 ta disponible para aportar a les entraes un d\u00eda antes de la vienta xeneral, que va ser el 6 d&#8217;agostu.<\/p>\n<p>Genesis\u00a0ye una esperiencia inmersiva que va convertir los murios d&#8217;esta ilesia nun llenzu d&#8217;imaxes, m\u00fasica y narraci\u00f3n visual. Al travi\u00e9s de la tecnolox\u00eda de\u00a0videomapping\u00a0de gran formatu, proyecciones envolventes y una banda sonora orixinal, qu&#8217;imaxina l&#8217;orixe de la Tierra tresformando&#8217;l patrimoniu arquitect\u00f3nicu nun relatu sensorial.<\/p>\n<div class=\"smn-tracklink-cta\"><a class=\"shortcode-outbound-link\" href=\"https:\/\/feverup.com\/m\/409077\" target=\"_blank\" rel=\"noopener noreferrer\" data-has-ga=\"true\" data-ga-type=\"click\" data-label=\"https:\/\/feverup.com\/m\/409077\" data-action=\"text_cta_3\" data-tracked=\"1\" data-category=\"click_sales\" data-cp_smn_source=\"secretmedianetwork\" data-cp_smn_content=\"genesis-gijon-experiencia-inmersiva\" data-cp_smn_term=\"text_cta_3\" data-ga-applied=\"true\" data-mrf-recirculation=\"[Article] Also Read\" data-mrf-link=\"https:\/\/feverup.com\/m\/409077\"><em>Genesis<\/em>\u00a0llega a Gij\u00f3n: la creaci\u00f3n narrada con luz, m\u00fasica y proyecciones<\/a><\/div>\n<p><img loading=\"lazy\" decoding=\"async\" class=\"alignnone wp-image-110117 size-full\" src=\"https:\/\/offloadmedia.feverup.com\/secretmedianetwork.com\/wp-content\/uploads\/2025\/07\/17145600\/1620-1080AlexLomart_EonariumValencia-80.jpg\" alt=\"\" width=\"1200\" height=\"800\" \/><\/p>\n<p>Sent\u00e1u\u00a0nun c\u00f3modu\u00a0puff\u00a0o n&#8217;una de les sielles\u00a0del espaciu, l&#8217;espectador garrasti a una representaci\u00f3n envolvente del orixe del mundu. N&#8217;apenes media hora,\u00a0<strong>Genesis\u00a0va esbillando los grandes afitaos de la creaci\u00f3n: l&#8217;apaici\u00f3n de la lluz, l&#8217;agua, la tierra, les plantes o los animales proxectar sobro les par\u00e9s, les b\u00f3vedes y los rincones de la ilesia.<\/strong> Tou asocede al so alredor, nuna redolada \u00edntima\u00a0y curioso dise\u00f1\u00e1u pa dexase llevar pola m\u00fasica y les imaxes.<\/p>\n<h2 style=\"text-align: center\">\u00a0<a class=\"shortcode-outbound-link\" href=\"https:\/\/feverup.com\/m\/409077\" target=\"_blank\" rel=\"noopener noreferrer\" data-has-ga=\"true\" data-ga-type=\"click\" data-label=\"https:\/\/feverup.com\/m\/409077\" data-action=\"text_cta_5\" data-tracked=\"1\" data-category=\"click_sales\" data-cp_smn_source=\"secretmedianetwork\" data-cp_smn_content=\"genesis-gijon-experiencia-inmersiva\" data-cp_smn_term=\"text_cta_5\" data-ga-applied=\"true\" data-mrf-recirculation=\"[Article] Body Links\" data-mrf-link=\"https:\/\/feverup.com\/m\/409077\">Projektil<\/a>\u00a0 l&#8217;arte de dar vida a l&#8217;arquitectura<\/h2>\n<p><img loading=\"lazy\" decoding=\"async\" class=\"alignnone wp-image-110116 size-full\" src=\"https:\/\/offloadmedia.feverup.com\/secretmedianetwork.com\/wp-content\/uploads\/2025\/07\/17145555\/1620-1080AlexLomart_EonariumValencia-6.jpg\" alt=\"\" width=\"1200\" height=\"800\" \/><\/p>\n<p><a class=\"shortcode-outbound-link\" href=\"https:\/\/feverup.com\/m\/409077\" target=\"_blank\" rel=\"noopener noreferrer\" data-has-ga=\"true\" data-ga-type=\"click\" data-label=\"https:\/\/feverup.com\/m\/409077\" data-action=\"text_cta_5\" data-tracked=\"1\" data-category=\"click_sales\" data-cp_smn_source=\"secretmedianetwork\" data-cp_smn_content=\"genesis-gijon-experiencia-inmersiva\" data-cp_smn_term=\"text_cta_5\" data-ga-applied=\"true\" data-mrf-recirculation=\"[Article] Body Links\" data-mrf-link=\"https:\/\/feverup.com\/m\/409077\">Projektil<\/a><\/p>\n<p>L&#8217;espect\u00e1culu ye una creaci\u00f3n de\u00a0Projektil, un estudiu especializ\u00e1u en experiencia multimedia que combina arte dixital, patrimoniu y narrativa audiovisual. El so trabayu basar en reinterpretar espacios hist\u00f3ricos por aciu tecnolox\u00eda d&#8217;\u00faltima xeneraci\u00f3n,\u00a0convirtiendo ilesies y monumentos n&#8217;escenarios de lluz y son\u00edu.<\/p>\n<div class=\"smn-tracklink-cta\"><a class=\"shortcode-outbound-link\" href=\"https:\/\/feverup.com\/m\/409077\" target=\"_blank\" rel=\"noopener noreferrer\" data-has-ga=\"true\" data-ga-type=\"click\" data-label=\"https:\/\/feverup.com\/m\/409077\" data-action=\"text_cta_6\" data-tracked=\"1\" data-category=\"click_sales\" data-cp_smn_source=\"secretmedianetwork\" data-cp_smn_content=\"genesis-gijon-experiencia-inmersiva\" data-cp_smn_term=\"text_cta_6\" data-ga-applied=\"true\" data-mrf-recirculation=\"[Article] Also Read\" data-mrf-link=\"https:\/\/feverup.com\/m\/409077\">Ap\u00fantate aqu\u00ed a la lista de espera para\u00a0<em>Genesis<\/em>, una espectacular inmersi\u00f3n de luz y color que ya han disfrutado miles de personas por todo el mundo.<\/a><\/div>\n<div>\n<div class=\"profile-card profile-card-multiplan\">\n<div class=\"row\">\n<div class=\"col-12\">\n<div id=\"plan-list-688bc5be1c554\" class=\"panel-group\">\n<div class=\"profile-card__plan-container \" data-transient=\"true\" data-collapse-state=\"show\">\n<div class=\"plan-detail-688bc5be1c554-1 collapse show\" data-bs-parent=\"#plan-list-688bc5be1c554\">\n<div class=\"profile-card__responsive-container\"><a class=\"tracked-link\" href=\"https:\/\/feverup.com\/m\/409077\" target=\"_blank\" rel=\"noopener noreferrer\" data-has-ga=\"true\" data-ga-type=\"click\" data-label=\"https:\/\/feverup.com\/m\/409077?utm_source=secretmedianetwork&amp;utm_medium=post&amp;utm_campaign=409077_smn&amp;utm_content=genesis-gijon-experiencia-inmersiva&amp;utm_term=profile_card_cta_409077\" data-action=\"profile_card_image\" data-tracked=\"1\" data-category=\"click_sales\" data-cp_smn_source=\"secretmedianetwork\" data-cp_smn_content=\"genesis-gijon-experiencia-inmersiva\" data-cp_smn_term=\"profile_card_image\" data-ga-applied=\"true\"><img decoding=\"async\" class=\"aligncenter\" src=\"https:\/\/applications-media.feverup.com\/image\/upload\/f_auto,w_720,h_720\/fever2\/plan\/photo\/0c381f62-6c5e-11f0-8ea8-ea7b988af772.jpg\" alt=\"Genesis: una experiencia luminosa e inmersiva en Gij\u00f3n - Lista de espera\" \/><\/a><\/div>\n<\/div>\n<div class=\"profile-card__content-container\">\n<div class=\"row p-0 m-0 align-items-center\">\n<div class=\"profile-card__content-data\">\n<div class=\"plan-detail-688bc5be1c554-1 collapse show\" data-bs-parent=\"#plan-list-688bc5be1c554\">\n<div class=\"profile-card__new-info\">\n<div class=\"mb-2\" style=\"text-align: center\">\u00a0<a href=\"https:\/\/google.com\/maps?z=14&amp;t=m&amp;q=loc:43.5350321+-5.6577119\" target=\"_blank\" rel=\"noopener\" data-has-ga=\"true\" data-ga-type=\"click\" data-category=\"outbound_link\" data-action=\"profile_card_location\" data-ga-applied=\"true\">Iglesia de La Inmaculada (Avenida Hermanos Felgueroso, 25, Gij\u00f3n, 33205)<\/a><\/div>\n<div>\n<div data-testid=\"plan-content-description\"><\/div>\n<ul>\n<li id=\"plan-description\" class=\"plan-description astro-4r2zdndd\" data-testid=\"plan-content-description\"><strong>\u00a0\u00a1Entradas a la venta desde el mi\u00e9rcoles 6 de agosto a las 12:00! \ud83d\udea8<\/strong><span style=\"color: #008080\"><strong>Qu\u00e9 vas a disfrutar:<\/strong><\/span><br \/>\n\ud83c\udf0e Un viaje audiovisual donde vivir\u00e1s la historia de la creaci\u00f3n desde una perspectiva diferente<br \/>\n\ud83c\udfa5 Proyecciones y v\u00eddeo mapping de vanguardia que muestran la luz, el agua, la tierra y la naturaleza como nunca antes las hab\u00edas visto<br \/>\n\u2728 Un espect\u00e1culo dividido con acompa\u00f1amiento musical para una experiencia a\u00fan m\u00e1s inmersiva<br \/>\n\ud83d\udc68\u200d\ud83d\udc69\u200d\ud83d\udc67 Una experiencia \u00fanica, perfecta para vivir con tu familia o amigos<span style=\"color: #008080\"><strong>Informaci\u00f3n<\/strong><\/span><br \/>\n\ud83d\udcc5 Fecha:\u00a0desde el 11 de septiembre<br \/>\n\u23f3 Duraci\u00f3n: 30 minutos<br \/>\n\ud83d\udccd Lugar: Iglesia de la Inmaculada, Gij\u00f3n<br \/>\n\ud83d\udc64 Edad: todos los p\u00fablicos.\u00a0\u00a0Si vienes con ni\u00f1os peque\u00f1os, te agradecemos que te asegures de que est\u00e9n tranquilos y sentados.<br \/>\n\u267f Accesibilidad: accesible para personas con movilidad reducida<br \/>\n\ud83d\udcb0 Precio: entradas desde 9,90\u20ac<br \/>\n\ud83d\udcba Habr\u00e1 sillas y puff disponibles. Cada persona tiene derecho a un asiento<br \/>\n\u2757 Los puffs no se incluyen con la entrada, tienes que adquirirlos aparte<br \/>\n\ud83d\udc49 Para visitas escolares, grupos educativos y de la tercera edad (15+ personas), reserva tus entradas\u00a0<a href=\"https:\/\/groups.feverup.com\/en\/?id=10465&amp;exp=Genesis+Gij%C3%B3n&amp;bt=educational&amp;cp_landing=cta_grid&amp;cp_landing_term=cta_grid&amp;cp_landing_source=eonariumexperiences-f38237eeea.landings.feverup&amp;utm_source=feverup.atlassian&amp;utm_campaign=10465-Genesis+Gij%C3%B3n-educational&amp;utm_medium=referral\" target=\"_blank\" rel=\"noopener\">aqu\u00ed<\/a>. Para grupos de m\u00e1s de 15 personas, reserva tus entradas\u00a0<a href=\"https:\/\/groups.feverup.com\/en\/?id=10465&amp;exp=Genesis+Gij%C3%B3n&amp;bt=large_group&amp;cp_landing=cta_grid&amp;cp_landing_term=cta_grid&amp;cp_landing_source=eonariumexperiences-f38237eeea.landings.feverup&amp;utm_source=feverup.atlassian&amp;utm_campaign=10465-Genesis+Gij%C3%B3n-large_group&amp;utm_medium=referral\" target=\"_blank\" rel=\"noopener\">aqu\u00ed<\/a><br \/>\n\u2753 Puedes consultar las preguntas frecuentes y sus respuestas\u00a0<a href=\"https:\/\/docs.google.com\/document\/d\/e\/2PACX-1vQqXldTNObEQaOdYP-lMfi0edsBlCtTvFXZV3xjZuvgZC-yO5vDvruarUu3gW-CzjuvSKTe77AHUdFl\/pub\" target=\"_blank\" rel=\"noopener\">aqu\u00ed<\/a><span style=\"color: #008080\"><strong>Programa detallado<\/strong><\/span><br \/>\n<strong><span style=\"color: #800080\"><em>&#8211; D\u00eda 1: Luz<\/em><\/span><\/strong><br \/>\n<span style=\"color: #800080\">El primer d\u00eda surgi\u00f3 la luz. Se destac\u00f3 de la oscuridad. Desde entonces, el d\u00eda y la noche se alternan.<\/span><\/p>\n<p><strong><span style=\"color: #800080\"><em>&#8211; D\u00eda 2: Agua y aire<\/em><\/span><\/strong><br \/>\n<span style=\"color: #800080\">En el segundo d\u00eda, se desarroll\u00f3 una inmensidad que separaba el agua. As\u00ed surgi\u00f3 el cielo.\u00a0<\/span><\/p>\n<p><strong><span style=\"color: #800080\"><em>&#8211; D\u00eda 3: Tierra y vida vegetal<\/em><\/span><\/strong><br \/>\n<span style=\"color: #800080\">El tercer d\u00eda se form\u00f3 la tierra seca. El agua se acumul\u00f3 en \u00e9l. Se formaron la tierra y los mares.\u00a0(Diversas plantas y \u00e1rboles crecieron en la tierra y la adornaron con un maravilloso resplandor de color).<\/span><\/p>\n<p><strong><span style=\"color: #800080\"><em>&#8211; D\u00eda 4: Cuerpos celestes<\/em><\/span><\/strong><br \/>\n<span style=\"color: #800080\">En el cuarto d\u00eda, surgi\u00f3 el sol, dando luz al d\u00eda, y la luna junto con las estrellas, iluminando el cielo nocturno.<\/span><\/p>\n<p><strong><span style=\"color: #800080\"><em>&#8211; D\u00eda 5: Animales del agua y del aire<\/em><\/span><\/strong><br \/>\n<span style=\"color: #800080\">En el quinto d\u00eda nacieron los animales del aire y del agua.\u00a0<\/span><\/p>\n<p><strong><span style=\"color: #800080\"><em>&#8211; D\u00eda 6: Animales terrestres y humanos<\/em><\/span><\/strong><br \/>\n<span style=\"color: #800080\">En el sexto d\u00eda, se a\u00f1adieron los animales que viven en la tierra. Y: los humanos.<\/span><\/p>\n<p><strong><span style=\"color: #800080\"><em>&#8211; S\u00e9ptimo d\u00eda: D\u00eda de descanso<\/em><\/span><\/strong><br \/>\n<span style=\"color: #800080\">En el s\u00e9ptimo d\u00eda se complet\u00f3 la obra<\/span><\/p>\n<p><strong>Descripci\u00f3n<\/strong><br \/>\n\u00bfTe imaginas c\u00f3mo fueron los primeros d\u00edas en nuestro mundo? El nacimiento de la luz, la tierra, el agua, la naturaleza\u2026 Una experiencia indescriptible en la que ahora podr\u00e1s sumergirte. Genesis lleva a la Iglesia de la Inmaculada\u00a0un show lum\u00ednico inmersivo donde revivir\u00e1s la historia de la creaci\u00f3n desde una perspectiva totalmente nueva. Un homenaje abstracto al planeta azul que sit\u00faa a los visitantes en el primer d\u00eda de existencia y los transporta milagrosamente a trav\u00e9s del tiempo. Luces, m\u00fasica y proyecciones de alto rendimiento inundar\u00e1n las paredes y el techo del espacio, envolvi\u00e9ndote en un viaje incomparable al inicio de todo. \u00a1Ap\u00fantate a la lista de espera de Genesis: una experiencia luminosa e inmersiva en Gij\u00f3n!<\/li>\n<\/ul>\n<section class=\"plan-content__block svelte-vu3cyy\"><\/section>\n<\/div>\n<\/div>\n<\/div>\n<\/div>\n<\/div>\n<\/div>\n<\/div>\n<\/div>\n<\/div>\n<\/div>\n<\/div>\n<\/div>\n","protected":false},"excerpt":{"rendered":"<p>\u2018Genesis\u2019 aterriza en Xix\u00f3n: la esperiencia inmersiva que representa la creaci\u00f3n de la Tierra n&#8217;una ilesia. Un espect\u00e1culu de lluz, son\u00edu y proyecciones qu&#8217;imaxina c\u00f3mo ser\u00eda la creaci\u00f3n de la Tierra dientro d&#8217;una gran ilesia de Xix\u00f3n, con estrenu en septiembre. Web oficial \u00a0La lista de espera ya est\u00e1 disponible \/Genesis \/ \u00a0Projektil \/ VIDEU [&hellip;]<\/p>\n","protected":false},"author":117,"featured_media":0,"comment_status":"closed","ping_status":"open","sticky":false,"template":"","format":"standard","meta":{"footnotes":""},"categories":[89,14],"tags":[],"class_list":["post-54492","post","type-post","status-publish","format-standard","hentry","category-arte","category-esposiciones"],"_links":{"self":[{"href":"https:\/\/edublog.educastur.es\/ixuxu\/wp-json\/wp\/v2\/posts\/54492","targetHints":{"allow":["GET"]}}],"collection":[{"href":"https:\/\/edublog.educastur.es\/ixuxu\/wp-json\/wp\/v2\/posts"}],"about":[{"href":"https:\/\/edublog.educastur.es\/ixuxu\/wp-json\/wp\/v2\/types\/post"}],"author":[{"embeddable":true,"href":"https:\/\/edublog.educastur.es\/ixuxu\/wp-json\/wp\/v2\/users\/117"}],"replies":[{"embeddable":true,"href":"https:\/\/edublog.educastur.es\/ixuxu\/wp-json\/wp\/v2\/comments?post=54492"}],"version-history":[{"count":7,"href":"https:\/\/edublog.educastur.es\/ixuxu\/wp-json\/wp\/v2\/posts\/54492\/revisions"}],"predecessor-version":[{"id":54499,"href":"https:\/\/edublog.educastur.es\/ixuxu\/wp-json\/wp\/v2\/posts\/54492\/revisions\/54499"}],"wp:attachment":[{"href":"https:\/\/edublog.educastur.es\/ixuxu\/wp-json\/wp\/v2\/media?parent=54492"}],"wp:term":[{"taxonomy":"category","embeddable":true,"href":"https:\/\/edublog.educastur.es\/ixuxu\/wp-json\/wp\/v2\/categories?post=54492"},{"taxonomy":"post_tag","embeddable":true,"href":"https:\/\/edublog.educastur.es\/ixuxu\/wp-json\/wp\/v2\/tags?post=54492"}],"curies":[{"name":"wp","href":"https:\/\/api.w.org\/{rel}","templated":true}]}}