{"id":54508,"date":"2025-07-31T15:16:01","date_gmt":"2025-07-31T13:16:01","guid":{"rendered":"https:\/\/edublog.educastur.es\/ixuxu\/?p=54508"},"modified":"2025-07-31T22:19:32","modified_gmt":"2025-07-31T20:19:32","slug":"el-turismu-rural-marca-nel-principaul-so-meyor-xunu-de-la-hestoria","status":"publish","type":"post","link":"https:\/\/edublog.educastur.es\/ixuxu\/2025\/07\/el-turismu-rural-marca-nel-principaul-so-meyor-xunu-de-la-hestoria\/","title":{"rendered":"El turismu rural marca nel Princip\u00e1u&#8217;l so meyor xunu de la hestoria"},"content":{"rendered":"<p style=\"text-align: center\"><a href=\"https:\/\/actualidad.asturias.es\/documents\/537115\/2716643\/Lago+del+Valle+-+Somiedo+-+Camilo+Alonso.jpg\/effce19e-a2b0-7da9-81db-f63681d13429?t=1753971517734\"><img loading=\"lazy\" decoding=\"async\" class=\"aligncenter size-large\" src=\"https:\/\/actualidad.asturias.es\/documents\/537115\/2716643\/Lago+del+Valle+-+Somiedo+-+Camilo+Alonso.jpg\/effce19e-a2b0-7da9-81db-f63681d13429?t=1753971517734\" width=\"2717\" height=\"1811\" \/><\/a><\/p>\n<p>El turismu rural marca nel Princip\u00e1u&#8217;l so meyor xunu de la hestoria, con m\u00e1s de 85.000 pernoctaciones. <strong>La comunid\u00e1 algama cifres r\u00e9cord de visitantes para&#8217;l sestu mes del a\u00f1u.<\/strong> La llegada de viaxeros internacionales sigue a l&#8217;alza en creciendo un 2%. <em>\u201cLos datos reflexen l&#8217;\u00e9situ de la estratexa de desestacionalizaci\u00f3n y consoliden Asturies como referente en turismu sostenible y calidable\u201d<\/em>, sorraya Lara Mart\u00ednez. Info<a href=\"https:\/\/actualidad.asturias.es\/-\/el-turismo-rural-marca-en-el-principado-su-mejor-junio-de-la-historia-con-m\u00e1s-de-85.000-pernoctaciones?redirect=%2Fnoticias\">: Actualid\u00e1 Asturies<\/a><\/p>\n<p><!--more--><\/p>\n<p>&nbsp;<\/p>\n<p><strong>Asturies sigue consolid\u00e1ndose como dest\u00edn tur\u00edsticu de referencia.<\/strong> Los datos publicaos g\u00fcei pol <strong>Institutu Nacional d&#8217;Estad\u00edstica (INE)<\/strong> confirmen que&#8217;l turismu rural algam\u00f3 en xunu les sos meyores cifres hist\u00f3riques para esti mes: 32.318 persones agospi\u00e1rense n&#8217;establecimientos rurales y xeneraron un total de 85.749 pernoctaciones. Esto supon una crecedera intera\u00f1al del 10,5% en n\u00famberu de turistes y del 24,5% n&#8217;estancies al respective de xunu de 2024.<\/p>\n<p>Esti escelente comportamientu contribuy\u00f3 a que&#8217;l conxuntu de l&#8217;activid\u00e1 tur\u00edstica nel Princip\u00e1u rexistrara tami\u00e9n cifres bien positives: 298.442 turistes y 633.630 pernoctaciones, lo que representa medr\u00edes del 4,6% y 2,4%, respectivamente. <strong>Son los meyores datos de visitantes para un mes de xunu desque hai rexistros y el segundu meyor datu d&#8217;estancies, nam\u00e1 por detr\u00e1s de 2023.<\/strong><\/p>\n<p>La crecedera de visitantes foi xeneraliz\u00e1u en casi toles tipolox\u00edes d&#8217;agospiamientu. Sacante los albergues tur\u00edsticos, tolos establecimientos amuesen medr\u00edes significatives: los apartamentos tur\u00edsticos lideren la crecedera (131,5%), sigu\u00edos de los campings (29,4%), el turismu rural (10,5%) y los hoteles (1,9%). Toos hoteles (204.806 turistes), campings (34.335), apartamentos tur\u00edsticos (16.184) y agospiamientos rurales (32.318)\u2013 batieron el so r\u00e9cord de visitantes nun mes de xunu.<\/p>\n<p><strong>Tami\u00e9n el turismu internacional amos\u00f3 esta crecedera<\/strong>, con un total de 83.309 viaxeros estranxeros, un 2% m\u00e1s qu&#8217;en xunu de 2024. La medr\u00eda foi especialmente notable n&#8217;apartamentos tur\u00edsticos (179,9%), hoteles (18%) y agospiamientos rurales (12,7).<\/p>\n<p>Los indicadores econ\u00f3micos tami\u00e9n confirmen la bona evoluci\u00f3n del sector. La tarifa media diaria n&#8217;hoteles algam\u00f3 los 73,14 euros (9%) y l&#8217;ingresu mediu per habitaci\u00f3n disponible asitiase en 40,12 euros (8%), dambos en comparanza con xunu de 2024.<\/p>\n<p>A lo \u00faltimo,<strong> l&#8217;empl\u00e9u n&#8217;agospiamientos tur\u00edsticos sigue a l&#8217;alza<\/strong>. En xunu, el sector dio trabayu a 6.371 persones, lo que supon un 1,5% m\u00e1s que nel mesmu mes del a\u00f1u anterior y un aumentu del 9,2% al respective de mayu.<\/p>\n<p>La viceconseyera de Turismu, Lara Mart\u00ednez, valor\u00f3 estos datos como \u201cuna amuesa clara de que la estratexa tur\u00edstica del Gobiernu d&#8217;Asturies ta dando resultancies\u201d. \u201cLa crecedera del turismu rural y el fechu de que teamos batiendo r\u00e9cords nun mes como xunu demuestren que tamos llogrando unu de los nuesos grandes oxetivos: allargar la temporada m\u00e1s all\u00e1 del branu, desestacionalizando la demanda y xenerando activid\u00e1 econ\u00f3mica y empl\u00e9u de forma m\u00e1s sostenida nel tiempu\u201d, se\u00f1al\u00f3.<\/p>\n<p><strong>\u201cLa fortaleza del turismu rural confirma qu&#8217;Asturies ye un referente pa quien busquen naturaleza, autenticid\u00e1 y calid\u00e1, y an\u00edmanos a siguir apostando por un modelu tur\u00edsticu sostenible, que curie del territoriu y que beneficie a tolos conceyos del Princip\u00e1u\u201d<\/strong>, concluy\u00f3.<\/p>\n","protected":false},"excerpt":{"rendered":"<p>El turismu rural marca nel Princip\u00e1u&#8217;l so meyor xunu de la hestoria, con m\u00e1s de 85.000 pernoctaciones. La comunid\u00e1 algama cifres r\u00e9cord de visitantes para&#8217;l sestu mes del a\u00f1u. La llegada de viaxeros internacionales sigue a l&#8217;alza en creciendo un 2%. \u201cLos datos reflexen l&#8217;\u00e9situ de la estratexa de desestacionalizaci\u00f3n y consoliden Asturies como referente [&hellip;]<\/p>\n","protected":false},"author":117,"featured_media":0,"comment_status":"closed","ping_status":"open","sticky":false,"template":"","format":"standard","meta":{"footnotes":""},"categories":[18],"tags":[],"class_list":["post-54508","post","type-post","status-publish","format-standard","hentry","category-turismu"],"_links":{"self":[{"href":"https:\/\/edublog.educastur.es\/ixuxu\/wp-json\/wp\/v2\/posts\/54508","targetHints":{"allow":["GET"]}}],"collection":[{"href":"https:\/\/edublog.educastur.es\/ixuxu\/wp-json\/wp\/v2\/posts"}],"about":[{"href":"https:\/\/edublog.educastur.es\/ixuxu\/wp-json\/wp\/v2\/types\/post"}],"author":[{"embeddable":true,"href":"https:\/\/edublog.educastur.es\/ixuxu\/wp-json\/wp\/v2\/users\/117"}],"replies":[{"embeddable":true,"href":"https:\/\/edublog.educastur.es\/ixuxu\/wp-json\/wp\/v2\/comments?post=54508"}],"version-history":[{"count":3,"href":"https:\/\/edublog.educastur.es\/ixuxu\/wp-json\/wp\/v2\/posts\/54508\/revisions"}],"predecessor-version":[{"id":54511,"href":"https:\/\/edublog.educastur.es\/ixuxu\/wp-json\/wp\/v2\/posts\/54508\/revisions\/54511"}],"wp:attachment":[{"href":"https:\/\/edublog.educastur.es\/ixuxu\/wp-json\/wp\/v2\/media?parent=54508"}],"wp:term":[{"taxonomy":"category","embeddable":true,"href":"https:\/\/edublog.educastur.es\/ixuxu\/wp-json\/wp\/v2\/categories?post=54508"},{"taxonomy":"post_tag","embeddable":true,"href":"https:\/\/edublog.educastur.es\/ixuxu\/wp-json\/wp\/v2\/tags?post=54508"}],"curies":[{"name":"wp","href":"https:\/\/api.w.org\/{rel}","templated":true}]}}