{"id":54523,"date":"2025-07-31T17:35:48","date_gmt":"2025-07-31T15:35:48","guid":{"rendered":"https:\/\/edublog.educastur.es\/ixuxu\/?p=54523"},"modified":"2025-07-31T22:40:31","modified_gmt":"2025-07-31T20:40:31","slug":"derechos-sociales-presenta-la-estratexa-daccesibilida-universal-2025-2030","status":"publish","type":"post","link":"https:\/\/edublog.educastur.es\/ixuxu\/2025\/07\/derechos-sociales-presenta-la-estratexa-daccesibilida-universal-2025-2030\/","title":{"rendered":"Derechos Sociales presenta la Estratexa d&#8217;Accesibilid\u00e1 Universal 2025-2030"},"content":{"rendered":"<div class=\"html-div xdj266r x14z9mp xat24cr x1lziwak xexx8yu x1a8lsjc xf7dkkf xv54qhq\">\n<div class=\"html-div xdj266r x14z9mp xat24cr x1lziwak xexx8yu xyri2b x18d9i69 x1c1uobl x1jx94hy x78zum5 x1q0g3np\">\n<div class=\"x78zum5 xdt5ytf xz62fqu x16ldp7u\">\n<div class=\"xu06os2 x1ok221b\">\n<div class=\"html-div xdj266r x14z9mp xat24cr x1lziwak xexx8yu xyri2b x18d9i69 x1c1uobl\" data-ad-rendering-role=\"profile_name\">\n<ul>\n<li class=\"html-h3 x14z9mp xat24cr x1lziwak xexx8yu xyri2b x18d9i69 x1c1uobl x1vvkbs x1heor9g x1qlqyl8 x1pd3egz x1a2a7pz x1gslohp x1yc453h\"><span class=\"x1lliihq x6ikm8r x10wlt62 x1n2onr6\"><span class=\"xt0psk2\"><a class=\"x1i10hfl xjbqb8w x1ejq31n x18oe1m7 x1sy0etr xstzfhl x972fbf x10w94by x1qhh985 x14e42zd x9f619 x1ypdohk xt0psk2 xe8uvvx xdj266r x14z9mp xat24cr x1lziwak xexx8yu xyri2b x18d9i69 x1c1uobl x16tdsg8 x1hl2dhg xggy1nq x1a2a7pz xkrqix3 x1sur9pj xzsf02u x1s688f\" role=\"link\" href=\"https:\/\/www.facebook.com\/socialasturias?__cft__[0]=AZWBGDdvVP2gJHfAd6rz_K2ZHa3DAtsbNTpdOBYqj8lcPzvz035Xl6XXGJdf51jajC8tv9Ie7MS7JMVPr1QCih8hoX0ioqrh_EcpDC9sLMaQ6XdWXM1sZ2l12DWV4Eu9Q0HJvdhKJQ7D92QcRXOpH36lbFf2VQH2WIS3XIOPjIqdbqpAEQ3ydm-yfwgxCbstiXwsJlyLKSTGmKJ5kkXTkvlS&amp;__tn__=-UC%2CP-y-R\"><b class=\"html-b xdj266r x14z9mp xat24cr x1lziwak xexx8yu xyri2b x18d9i69 x1c1uobl x1hl2dhg x16tdsg8 x1vvkbs x1s688f\"><span class=\"html-span xdj266r x14z9mp xat24cr x1lziwak xexx8yu xyri2b x18d9i69 x1c1uobl x1hl2dhg x16tdsg8 x1vvkbs\">Consejer\u00eda de Derechos Sociales y Bienestar<\/span><\/b><\/a><\/span><\/span>\/ M\u00e1s <span class=\"html-span xexx8yu xyri2b x18d9i69 x1c1uobl x1hl2dhg x16tdsg8 x1vvkbs x3nfvp2 x1j61x8r x1fcty0u xdj266r xat24cr xm2jcoa x1mpyi22 xxymvpz xlup9mm x1kky2od\"><img loading=\"lazy\" decoding=\"async\" class=\"xz74otr x15mokao x1ga7v0g x16uus16 xbiv7yw\" src=\"https:\/\/static.xx.fbcdn.net\/images\/emoji.php\/v9\/t8e\/1\/16\/2139.png\" alt=\"\u2139\ufe0f\" width=\"16\" height=\"16\" \/><\/span><span class=\"html-span xexx8yu xyri2b x18d9i69 x1c1uobl x1hl2dhg x16tdsg8 x1vvkbs x3nfvp2 x1j61x8r x1fcty0u xdj266r xat24cr xm2jcoa x1mpyi22 xxymvpz xlup9mm x1kky2od\"><img loading=\"lazy\" decoding=\"async\" class=\"xz74otr x15mokao x1ga7v0g x16uus16 xbiv7yw\" src=\"https:\/\/static.xx.fbcdn.net\/images\/emoji.php\/v9\/t51\/1\/16\/1f449.png\" alt=\"\ud83d\udc49\" width=\"16\" height=\"16\" \/><\/span><span class=\"html-span xdj266r x14z9mp xat24cr x1lziwak xexx8yu xyri2b x18d9i69 x1c1uobl x1hl2dhg x16tdsg8 x1vvkbs\"><a class=\"x1i10hfl xjbqb8w x1ejq31n x18oe1m7 x1sy0etr xstzfhl x972fbf x10w94by x1qhh985 x14e42zd x9f619 x1ypdohk xt0psk2 xe8uvvx xdj266r x14z9mp xat24cr x1lziwak xexx8yu xyri2b x18d9i69 x1c1uobl x16tdsg8 x1hl2dhg xggy1nq x1a2a7pz xkrqix3 x1sur9pj x1fey0fg x1s688f\" role=\"link\" href=\"https:\/\/tinyurl.com\/49dpx6kp?fbclid=IwZXh0bgNhZW0CMTAAYnJpZBExOW0zWm5qZ0ZQTjdNMW51TwEed8WZCNLr9o_2-9lew6bvdh1mBlxmf5zV54mkEb1QW0TZI5x2gCRG4B2NKK8_aem_7kXKwk-5kiRliPnV8297Bw\" target=\"_blank\" rel=\"nofollow noopener noreferrer\">https:\/\/tinyurl.com\/49dpx6kp<\/a><\/span><\/li>\n<\/ul>\n<p style=\"text-align: center\"><a href=\"https:\/\/actualidad.asturias.es\/documents\/537115\/2711725\/2025_07_29+Consejera+Derechos+Sociales+presentaci%C3%B3n+Estrategia+Accesibilidad+Universal.jpg\/42b7c108-37c9-5796-43c9-d5fcfda5bf7f?t=1753786938511\"><img loading=\"lazy\" decoding=\"async\" class=\"aligncenter size-large\" src=\"https:\/\/actualidad.asturias.es\/documents\/537115\/2711725\/2025_07_29+Consejera+Derechos+Sociales+presentaci%C3%B3n+Estrategia+Accesibilidad+Universal.jpg\/42b7c108-37c9-5796-43c9-d5fcfda5bf7f?t=1753786938511\" width=\"640\" height=\"481\" \/><\/a><\/p>\n<\/div>\n<\/div>\n<div class=\"xu06os2 x1ok221b\"><\/div>\n<\/div>\n<\/div>\n<\/div>\n<div class=\"html-div xdj266r x14z9mp xat24cr x1lziwak xexx8yu xyri2b x18d9i69 x1c1uobl\" dir=\"auto\">\n<div class=\"html-div xdj266r x14z9mp xat24cr x1lziwak xexx8yu xyri2b x18d9i69 x1c1uobl\" dir=\"auto\">\n<div class=\"html-div xdj266r x14z9mp xat24cr x1lziwak xexx8yu xyri2b x18d9i69 x1c1uobl\" data-ad-rendering-role=\"story_message\">\n<div class=\"x1l90r2v x1iorvi4 x1g0dm76 xpdmqnj\" data-ad-comet-preview=\"message\" data-ad-preview=\"message\">\n<div class=\"x78zum5 xdt5ytf xz62fqu x16ldp7u\">\n<div class=\"xu06os2 x1ok221b\">\n<div class=\"html-div xdj266r x14z9mp xat24cr x1lziwak xexx8yu xyri2b x18d9i69 x1c1uobl\">\n<div class=\"x14z9mp xat24cr x1lziwak x1vvkbs xtlvy1s x126k92a\">\n<div dir=\"auto\">Una fueya de ruta para garantizar redolaes, servicios y productos afechos para toles persones. El documentu recueye les actuaciones clave para los pr\u00f3ximos 5 a\u00f1os coles mires d&#8217;esaniciar barreres qu&#8217;afecten especialmente a persones mayores y con discapacid\u00e1. <span style=\"color: #008080\"><strong>La estratexa artic\u00falase en 5 exes: <\/strong>(1) Transversalidad, (2) Comunicaci\u00f3n y sistemes de sofitu, (3) Urbanismu, edificaci\u00f3n y vivienda (4) Cultura, ociu y deporte, (5) Tresporte.<\/span> Un apueste decid\u00edu por una Asturies accesible, inclusiva y para toles persones.<\/div>\n<\/div>\n<div dir=\"auto\"><!--more--><\/div>\n<div dir=\"auto\">Marta del Arcu, conseyera: <em>\u201cEsti testu representa&#8217;l compromisu firme del Gobiernu d&#8217;Asturies con una socied\u00e1 m\u00e1s inclusiva y m\u00e1s xusta\u201d.<\/em><\/div>\n<div class=\"x14z9mp xat24cr x1lziwak x1vvkbs xtlvy1s x126k92a\">\n<div dir=\"auto\"><\/div>\n<\/div>\n<\/div>\n<\/div>\n<\/div>\n<\/div>\n<\/div>\n<\/div>\n<\/div>\n<p>La estratexa s&#8217;estructura en cinco exes fundamentales, cada unu de los cualos recueye acciones concretes para esaniciar barreres arquitect\u00f3niques, sensoriales, cognitives, org\u00e1niques, sociales y f\u00edsiques:<\/p>\n<ul>\n<li><strong>Transversalidad.<\/strong> Los retos d&#8217;accesibilid\u00e1 tienen d&#8217;encetase de forma integral y coordinada para garantizar la participaci\u00f3n plena de toles persones.<\/li>\n<li><strong>Comunicaci\u00f3n, se\u00f1alizaci\u00f3n y sistemes de sofitu.<\/strong> Esti apart\u00e1u resulta esencial para favorecer la participaci\u00f3n social de la poblaci\u00f3n. Abarca dende la fayadiza se\u00f1alizaci\u00f3n d&#8217;espacios y edificios p\u00fablicos hasta l&#8217;atenci\u00f3n afecha nes alministraciones y l&#8217;accesu fayadizu a les nueves tecnolox\u00edes.<\/li>\n<li><strong>Urbanismu, edificaci\u00f3n y vivienda.<\/strong> Les ciudaes tienen de convertise n&#8217;espacios ensin barreres. Tami\u00e9n resulta precisu avanzar por que toes les viviendes s\u00edan accesibles.<\/li>\n<li><strong>Cultura, ociu y deporte.<\/strong> Estos sectores, qu&#8217;arriquecen la vida de les persones, tami\u00e9n tienen de ser inclusivos.<\/li>\n<li><strong>Tresporte.<\/strong> Nesti campu ye precisu esaniciar delles barreres qu&#8217;inda persisten.<\/li>\n<\/ul>\n<p>L&#8217;avieyamientu de la poblaci\u00f3n asturiana, xuntu con una alta prevalencia de la discapacid\u00e1, plantega desaf\u00edos significativos de servicios y pol\u00edtiques p\u00fabliques para los pr\u00f3ximos a\u00f1os, especialmente n&#8217;accesibilid\u00e1 y atenci\u00f3n social. La estratexa presentada esta ma\u00f1ana pretende empobinar les acciones para faer frente a esos retos.<\/p>\n","protected":false},"excerpt":{"rendered":"<p>Consejer\u00eda de Derechos Sociales y Bienestar\/ M\u00e1s https:\/\/tinyurl.com\/49dpx6kp Una fueya de ruta para garantizar redolaes, servicios y productos afechos para toles persones. El documentu recueye les actuaciones clave para los pr\u00f3ximos 5 a\u00f1os coles mires d&#8217;esaniciar barreres qu&#8217;afecten especialmente a persones mayores y con discapacid\u00e1. La estratexa artic\u00falase en 5 exes: (1) Transversalidad, (2) Comunicaci\u00f3n [&hellip;]<\/p>\n","protected":false},"author":117,"featured_media":0,"comment_status":"closed","ping_status":"open","sticky":false,"template":"","format":"standard","meta":{"footnotes":""},"categories":[1],"tags":[],"class_list":["post-54523","post","type-post","status-publish","format-standard","hentry","category-sin-categoria"],"_links":{"self":[{"href":"https:\/\/edublog.educastur.es\/ixuxu\/wp-json\/wp\/v2\/posts\/54523","targetHints":{"allow":["GET"]}}],"collection":[{"href":"https:\/\/edublog.educastur.es\/ixuxu\/wp-json\/wp\/v2\/posts"}],"about":[{"href":"https:\/\/edublog.educastur.es\/ixuxu\/wp-json\/wp\/v2\/types\/post"}],"author":[{"embeddable":true,"href":"https:\/\/edublog.educastur.es\/ixuxu\/wp-json\/wp\/v2\/users\/117"}],"replies":[{"embeddable":true,"href":"https:\/\/edublog.educastur.es\/ixuxu\/wp-json\/wp\/v2\/comments?post=54523"}],"version-history":[{"count":3,"href":"https:\/\/edublog.educastur.es\/ixuxu\/wp-json\/wp\/v2\/posts\/54523\/revisions"}],"predecessor-version":[{"id":54526,"href":"https:\/\/edublog.educastur.es\/ixuxu\/wp-json\/wp\/v2\/posts\/54523\/revisions\/54526"}],"wp:attachment":[{"href":"https:\/\/edublog.educastur.es\/ixuxu\/wp-json\/wp\/v2\/media?parent=54523"}],"wp:term":[{"taxonomy":"category","embeddable":true,"href":"https:\/\/edublog.educastur.es\/ixuxu\/wp-json\/wp\/v2\/categories?post=54523"},{"taxonomy":"post_tag","embeddable":true,"href":"https:\/\/edublog.educastur.es\/ixuxu\/wp-json\/wp\/v2\/tags?post=54523"}],"curies":[{"name":"wp","href":"https:\/\/api.w.org\/{rel}","templated":true}]}}