{"id":54527,"date":"2025-07-30T13:41:02","date_gmt":"2025-07-30T11:41:02","guid":{"rendered":"https:\/\/edublog.educastur.es\/ixuxu\/?p=54527"},"modified":"2025-07-31T22:45:15","modified_gmt":"2025-07-31T20:45:15","slug":"una-avilesina-nel-esitu-europeu-de-la-seleccion-espanola-de-surf","status":"publish","type":"post","link":"https:\/\/edublog.educastur.es\/ixuxu\/2025\/07\/una-avilesina-nel-esitu-europeu-de-la-seleccion-espanola-de-surf\/","title":{"rendered":"Una avilesina nel \u00e9situ europ\u00e9u de la Selecci\u00f3n Espa\u00f1ola de surf"},"content":{"rendered":"<div class=\"html-div xdj266r x14z9mp xat24cr x1lziwak xexx8yu x1a8lsjc xf7dkkf xv54qhq\">\n<div class=\"html-div xdj266r x14z9mp xat24cr x1lziwak xexx8yu xyri2b x18d9i69 x1c1uobl x1jx94hy x78zum5 x1q0g3np\">\n<div class=\"x78zum5 xdt5ytf xz62fqu x16ldp7u\">\n<div class=\"xu06os2 x1ok221b\">\n<div class=\"html-div xdj266r x14z9mp xat24cr x1lziwak xexx8yu xyri2b x18d9i69 x1c1uobl\" data-ad-rendering-role=\"profile_name\">\n<ul>\n<li class=\"html-h3 x14z9mp xat24cr x1lziwak xexx8yu xyri2b x18d9i69 x1c1uobl x1vvkbs x1heor9g x1qlqyl8 x1pd3egz x1a2a7pz x1gslohp x1yc453h\"><span class=\"x1lliihq x6ikm8r x10wlt62 x1n2onr6\"><span class=\"xt0psk2\"><a class=\"x1i10hfl xjbqb8w x1ejq31n x18oe1m7 x1sy0etr xstzfhl x972fbf x10w94by x1qhh985 x14e42zd x9f619 x1ypdohk xt0psk2 xe8uvvx xdj266r x14z9mp xat24cr x1lziwak xexx8yu xyri2b x18d9i69 x1c1uobl x16tdsg8 x1hl2dhg xggy1nq x1a2a7pz xkrqix3 x1sur9pj xzsf02u x1s688f\" role=\"link\" href=\"https:\/\/www.facebook.com\/lavozdeaviles?__cft__[0]=AZXidI9PbQd7GU0VBWpn62KVBMHogFOdL_2fr_QSr4zVgGVVAGkY0HJ6Ecq3B2FFNjLM4X2vUYxBcFVf5VQ1MdxJdxo9szPbPh6V_q_Z1BrzS-v7onKPtDvZbczkFvNlZ6XuNhq_PdJVL-Z__fH8oaWSwM7_rf5dEeH8RBYAlojarDqOMwr5rYWUuQMeC35rCzAL2Pw6nYKd_9ttWRE3CDak&amp;__tn__=-UC%2CP-y-R\"><b class=\"html-b xdj266r x14z9mp xat24cr x1lziwak xexx8yu xyri2b x18d9i69 x1c1uobl x1hl2dhg x16tdsg8 x1vvkbs x1s688f\"><span class=\"html-span xdj266r x14z9mp xat24cr x1lziwak xexx8yu xyri2b x18d9i69 x1c1uobl x1hl2dhg x16tdsg8 x1vvkbs\">La Voz de Avil\u00e9s<\/span><\/b><\/a><\/span> <\/span><span style=\"font-size: 16px\">\/<\/span><a class=\"x1i10hfl xjbqb8w x1ejq31n x18oe1m7 x1sy0etr xstzfhl x972fbf x10w94by x1qhh985 x14e42zd x9f619 x1ypdohk xt0psk2 xe8uvvx xdj266r x14z9mp xat24cr x1lziwak xexx8yu xyri2b x18d9i69 x1c1uobl x16tdsg8 x1hl2dhg xggy1nq x1a2a7pz xkrqix3 x1sur9pj x1fey0fg x1s688f\" style=\"font-size: 16px\" role=\"link\" href=\"https:\/\/www.elcomercio.es\/deportes\/mas-deportes\/asturias-impulsa-espana-surf-europeo-yumey-gonzalez-nicolas-garcia-20250729180529-nt.html?fbclid=IwZXh0bgNhZW0CMTAAYnJpZBExOW0zWm5qZ0ZQTjdNMW51TwEeSxmms1A8f83-9ncbSLLseqGOJeOzgOynMDnG-pfMAVhPyoI-f5IDSI_6P0U_aem_FR7_yT7fUZx6DqvgSRY6DQ\" target=\"_blank\" rel=\"nofollow noopener noreferrer\">https:\/\/www.elcomercio.es\/&#8230;\/asturias-impulsa-espana&#8230;<\/a><\/li>\n<\/ul>\n<p style=\"text-align: center\"><a href=\"https:\/\/s1.ppllstatics.com\/elcomercio\/www\/multimedia\/2025\/07\/29\/107221105-kqLI--1200x840@El%20Comercio.jpg\"><img loading=\"lazy\" decoding=\"async\" class=\"aligncenter size-large\" src=\"https:\/\/s1.ppllstatics.com\/elcomercio\/www\/multimedia\/2025\/07\/29\/107221105-kqLI--1200x840@El%20Comercio.jpg\" width=\"1200\" height=\"840\" \/><\/a><\/p>\n<p>Espa\u00f1a apodera&#8217;l surf europ\u00e9u y parte d&#8217;esi \u00e9situ tien acentu asturianu gracies a una entrenadora, Yumey Gonz\u00e1lez, responsable del longboard na Selecci\u00f3n Espa\u00f1ola, modalid\u00e1 que contribuy\u00f3 al t\u00edtulu absolutu con un oru del xixon\u00e9s Nicol\u00e1s Garc\u00eda y una plata de Julieta Rodr\u00edguez-Villamil. Tres Espa\u00f1a, completaron el podiu del EuroSurf 2025 apost\u00e1u en Santa Cruz la selecci\u00f3n anfitriona, Portugal, siguida d&#8217;Irlanda.<\/p>\n<p><!--more--><\/p>\n<p>La representaci\u00f3n espa\u00f1ola robl\u00f3 una actuaci\u00f3n brillosa nesti campeonatu con un papel destac\u00e1u en toles categor\u00edes, tantu en surf de tabla curtia como nel longboard. Tolos deportistes espa\u00f1oles que participaron na prueba \u2013Luis D\u00edaz, Rub\u00e9n Vitoria, Dylan Donegan, Ariane Ochoa, Luc\u00eda Machado, Sol Borelli, Nicol\u00e1s Garc\u00eda y Julieta Rodr\u00edguez-Villamil\u2013 contribuyeron a esti \u00e9situ apin\u00e1u con una medaya d&#8217;oru na puntuaci\u00f3n final.<\/p>\n<p><strong>Quepe destacar n&#8217;ese llogro la modalid\u00e1 de longboard, de la que ye responsable t\u00e9cnica l&#8217;avilesina Yumey Gonz\u00e1lez.<\/strong> La entrenadora, de 33 a\u00f1os, formaba parte d&#8217;un cuerpu t\u00e9cnicu de cinco persones \u2013al pie de Ricardo Bilbao, Luis P\u00e9rez, Jos\u00e9 Ruiz y Luis Morales\u2013 y pudo cimblar como&#8217;l restu de la delegaci\u00f3n nacional col t\u00edtulu in\u00e9ditu para&#8217;l nuesu pa\u00eds de campe\u00f3n d&#8217;Europa de longboard mascul\u00edn d&#8217;otru asturianu, el xixon\u00e9s Nicol\u00e1s Garc\u00eda.<\/p>\n<p><em>\u00abNicol\u00e1s demostr\u00f3 un peraltu nivel t\u00e9cnicu, combinando elegancia, control y fluidez en cada fola\u00bb<\/em><\/p>\n<p><em>\u00abCon una actuaci\u00f3n sobresaliente na gran final, Nico demostr\u00f3 un peraltu nivel t\u00e9cnicu, combinando elegancia, control y fluidez en cada fola. La so estratexa y llectura de la mar fueron claves para imponese n&#8217;una manga bien re\u00f1ida, onde supo caltener l&#8217;aselu y executar el so meyor surfing nel momentu decisivu\u00bb, destaca la mesma Federaci\u00f3n Espa\u00f1ola de Surfing.<\/em><\/p>\n<p>Pero Yumey Gonz\u00e1lez non y\u00e1 puede presumir d&#8217;esi \u00e9situ, porque otra pupila so, Julieta Rodr\u00edguez-Villamil, llograba tami\u00e9n un brillante subcampeonato d&#8217;Europa na categor\u00eda de longboard femen\u00edn nel Eurosurf 2025, roblando una de les sos meyores actuaciones internacionales col equipu nacional.<\/p>\n<p>En cuanto al restu d&#8217;actuaciones individuales nesta prueba de calter internacional n&#8217;ag\u00fces portugueses, Ariane Ochoa proclam\u00e1base subcampeona d&#8217;Europa en surf femen\u00edn y Luis D\u00edaz remataba la so participaci\u00f3n con un tercer puestu d&#8217;Europa en surf mascul\u00edn.<\/p>\n<p>Esti t\u00edtulu europ\u00e9u representa una importante reconocencia para&#8217;l longboard espa\u00f1ol. El so trunfu sumise al bon papel protagoniz\u00e1u pola Selecci\u00f3n Espa\u00f1ola en Santa Cruz,\u00abdientro d&#8217;un proyectu deportivu que combina esperiencia y talentu nuevo\u00bb, como se destaca dende l&#8217;organismu federativu sobro un \u00e9situ qu&#8217;en delles modalidaes nun tien precedentes nesti deporte a nivel nacional.<\/p>\n<p>Yumey Gonz\u00e1lez Rodr\u00edguez ye profesora d&#8217;Educaci\u00f3n F\u00edsica, activid\u00e1 que desenvolvi\u00f3 nel \u00faltimu a\u00f1u na Escuela del Deporte d&#8217;Asturies con see n&#8217;Avil\u00e9s y nel Institutu d&#8217;Educaci\u00f3n Secundaria Carre\u00f1o Miranda. Am\u00e1s, compatibiliza&#8217;l so oficiu cola so condici\u00f3n d&#8217;entrenadora de surf tantu na Federaci\u00f3n Espa\u00f1ola como na territorial.<\/p>\n<p>Antes de formar parte del cuerpu t\u00e9cnicu de dambes federaciones, esta avilesina foi deportista d&#8217;altu rendimientu y particip\u00f3 en dellos campeonatos europeos y mundiales de surf. \u00abLl\u00e9gate un momentu nel que tienes que decidir ente trabayu y deporte porque nun ganamos la vida col surf, asina que dediqu\u00e9 a la ense\u00f1anza\u00bb, esplica. \u00abLa Federaci\u00f3n Asturiana ufiert\u00f3me&#8217;l branu pas\u00e1u formar parte del cuerpu t\u00e9cnicu nel Campeonatu por Autonom\u00edes que ganamos tanto na modalid\u00e1 de surf como na de longboard. A partir d&#8217;ende, el branu pas\u00e1u hubo un camb\u00e9u na direcci\u00f3n deportiva de la Federaci\u00f3n Espa\u00f1ola y ufiert\u00e1ronme llevar el longboard\u00bb, recuerda Yumey Gonz\u00e1lez.<\/p>\n<p><strong>Seleccionadora nacional<\/strong><br \/>\nEl so trabayu como entrenadora del organismu federativu nacional consiste en \u00aballegar a toles competiciones a nivel nacional ya inclusive los acompa\u00f1o a les internaciones y, seg\u00fan les sos resultancies y momentu de forma son llamaos pa la preselecci\u00f3n. Colo que veo ell\u00ed y fui viendo nos campeonatos, decido qui\u00e9n son los que t\u00e1n en meyores condiciones pa representar a Espa\u00f1a nes competiciones\u00bb. afirma.<\/p>\n<p>El longboard ye una modalid\u00e1 deportiva dientro del surf que cada vez tien m\u00e1s reconocencia, non y\u00e1 a nivel de prauticantes, sin\u00f3n tami\u00e9n d&#8217;aficionaos, y qu&#8217;esixe un tipu d&#8217;habilidaes y maniobres distintes nes pruebes d&#8217;altu nivel. Les tables tienen que midir a lo menos 275 cent\u00edmetros, lo qu&#8217;obliga a \u00abaprovechar tola tabla con fluidez y estilu, y tener control hasta asitiar los dos pies na punta\u00bb. \u00abYe m\u00e1s visual que&#8217;l surf tradicional y de t\u00e9cnica los dos tienen la so dificult\u00e1. El longboard ye m\u00e1s calmu, mientres el surf ye m\u00e1s agresivu de potencia y velocid\u00e1\u00bb, esplica la entrenadora avilesina de la Selecci\u00f3n Espa\u00f1ola.<\/p>\n<\/div>\n<\/div>\n<\/div>\n<\/div>\n<\/div>\n<p>&nbsp;<\/p>\n","protected":false},"excerpt":{"rendered":"<p>La Voz de Avil\u00e9s \/https:\/\/www.elcomercio.es\/&#8230;\/asturias-impulsa-espana&#8230; Espa\u00f1a apodera&#8217;l surf europ\u00e9u y parte d&#8217;esi \u00e9situ tien acentu asturianu gracies a una entrenadora, Yumey Gonz\u00e1lez, responsable del longboard na Selecci\u00f3n Espa\u00f1ola, modalid\u00e1 que contribuy\u00f3 al t\u00edtulu absolutu con un oru del xixon\u00e9s Nicol\u00e1s Garc\u00eda y una plata de Julieta Rodr\u00edguez-Villamil. Tres Espa\u00f1a, completaron el podiu del EuroSurf 2025 [&hellip;]<\/p>\n","protected":false},"author":117,"featured_media":0,"comment_status":"closed","ping_status":"open","sticky":false,"template":"","format":"standard","meta":{"footnotes":""},"categories":[133],"tags":[],"class_list":["post-54527","post","type-post","status-publish","format-standard","hentry","category-deportes"],"_links":{"self":[{"href":"https:\/\/edublog.educastur.es\/ixuxu\/wp-json\/wp\/v2\/posts\/54527","targetHints":{"allow":["GET"]}}],"collection":[{"href":"https:\/\/edublog.educastur.es\/ixuxu\/wp-json\/wp\/v2\/posts"}],"about":[{"href":"https:\/\/edublog.educastur.es\/ixuxu\/wp-json\/wp\/v2\/types\/post"}],"author":[{"embeddable":true,"href":"https:\/\/edublog.educastur.es\/ixuxu\/wp-json\/wp\/v2\/users\/117"}],"replies":[{"embeddable":true,"href":"https:\/\/edublog.educastur.es\/ixuxu\/wp-json\/wp\/v2\/comments?post=54527"}],"version-history":[{"count":1,"href":"https:\/\/edublog.educastur.es\/ixuxu\/wp-json\/wp\/v2\/posts\/54527\/revisions"}],"predecessor-version":[{"id":54528,"href":"https:\/\/edublog.educastur.es\/ixuxu\/wp-json\/wp\/v2\/posts\/54527\/revisions\/54528"}],"wp:attachment":[{"href":"https:\/\/edublog.educastur.es\/ixuxu\/wp-json\/wp\/v2\/media?parent=54527"}],"wp:term":[{"taxonomy":"category","embeddable":true,"href":"https:\/\/edublog.educastur.es\/ixuxu\/wp-json\/wp\/v2\/categories?post=54527"},{"taxonomy":"post_tag","embeddable":true,"href":"https:\/\/edublog.educastur.es\/ixuxu\/wp-json\/wp\/v2\/tags?post=54527"}],"curies":[{"name":"wp","href":"https:\/\/api.w.org\/{rel}","templated":true}]}}