{"id":54529,"date":"2025-07-01T08:30:16","date_gmt":"2025-07-01T06:30:16","guid":{"rendered":"https:\/\/edublog.educastur.es\/ixuxu\/?p=54529"},"modified":"2025-07-31T22:50:47","modified_gmt":"2025-07-31T20:50:47","slug":"el-tiempu-el-comercio-105","status":"publish","type":"post","link":"https:\/\/edublog.educastur.es\/ixuxu\/2025\/07\/el-tiempu-el-comercio-105\/","title":{"rendered":"El tiempu (El Comercio)"},"content":{"rendered":"<p style=\"text-align: center\"><a href=\"https:\/\/s3.ppllstatics.com\/elcomercio\/www\/multimedia\/2025\/07\/31\/prevision-tiempo-asturias-kgkC-U2301948938566Ca-1200x860@El%20Comercio.jpg\"><img loading=\"lazy\" decoding=\"async\" class=\"aligncenter size-large\" src=\"https:\/\/s3.ppllstatics.com\/elcomercio\/www\/multimedia\/2025\/07\/31\/prevision-tiempo-asturias-kgkC-U2301948938566Ca-1200x860@El%20Comercio.jpg\" width=\"1200\" height=\"860\" \/><\/a><\/p>\n<p>Esperamos empecipiar la xornada con poca nubosid\u00e1 sacantes dellos intervalos de nubes baxes na mari\u00f1a. <strong>A lo llargo del d\u00eda<\/strong> vamos reparar como claramente van dir aumentando les nubes dende&#8217;l norte, estendi\u00e9ndose escontra l&#8217;interior hasta acabar cubriendo tol cielu asturianu.<strong> A partir de la tarde,<\/strong> nun se refuga que puedan escapase dellos orbayos poco importantes que, anque van ser m\u00e1s frecuentes na mari\u00f1a, podr\u00eden tami\u00e9n acabar afectando a puntos d&#8217;interior. <strong>Los vientos<\/strong> van ser fluexos predominando de norte-nordeste con dalguna qu&#8217;otra racha moderada.<strong> Les temperatures m\u00e1ximes<\/strong> nun van variar respectu al xueves y <strong>les m\u00ednimes<\/strong> van baxar llixeramente na met\u00e1 norte.<\/p>\n<p><!--more--><\/p>\n<p><strong>El s\u00e1badu<\/strong> vamos amanecer con nubes baxes pero, a partir del mediud\u00eda, van abrise grandes claros pudiendo quedar la tarde estena. Asina tou, nun se refuga que vuelva apaecer nubosid\u00e1 a la fin.<\/p>\n<p><strong>El domingu<\/strong> prevese bon tiempu con un claru protagonismu del sol y un ascensu de les temperatures.<\/p>\n<p>A m\u00e1s llargu plazu, ye bien probable que los term\u00f3metros tiendan a l&#8217;alza con d\u00edes bien calorosos nel ecuador de la selmana.<\/p>\n","protected":false},"excerpt":{"rendered":"<p>Esperamos empecipiar la xornada con poca nubosid\u00e1 sacantes dellos intervalos de nubes baxes na mari\u00f1a. A lo llargo del d\u00eda vamos reparar como claramente van dir aumentando les nubes dende&#8217;l norte, estendi\u00e9ndose escontra l&#8217;interior hasta acabar cubriendo tol cielu asturianu. A partir de la tarde, nun se refuga que puedan escapase dellos orbayos poco importantes [&hellip;]<\/p>\n","protected":false},"author":117,"featured_media":0,"comment_status":"closed","ping_status":"open","sticky":false,"template":"","format":"standard","meta":{"footnotes":""},"categories":[5],"tags":[],"class_list":["post-54529","post","type-post","status-publish","format-standard","hentry","category-tiempu"],"_links":{"self":[{"href":"https:\/\/edublog.educastur.es\/ixuxu\/wp-json\/wp\/v2\/posts\/54529","targetHints":{"allow":["GET"]}}],"collection":[{"href":"https:\/\/edublog.educastur.es\/ixuxu\/wp-json\/wp\/v2\/posts"}],"about":[{"href":"https:\/\/edublog.educastur.es\/ixuxu\/wp-json\/wp\/v2\/types\/post"}],"author":[{"embeddable":true,"href":"https:\/\/edublog.educastur.es\/ixuxu\/wp-json\/wp\/v2\/users\/117"}],"replies":[{"embeddable":true,"href":"https:\/\/edublog.educastur.es\/ixuxu\/wp-json\/wp\/v2\/comments?post=54529"}],"version-history":[{"count":1,"href":"https:\/\/edublog.educastur.es\/ixuxu\/wp-json\/wp\/v2\/posts\/54529\/revisions"}],"predecessor-version":[{"id":54530,"href":"https:\/\/edublog.educastur.es\/ixuxu\/wp-json\/wp\/v2\/posts\/54529\/revisions\/54530"}],"wp:attachment":[{"href":"https:\/\/edublog.educastur.es\/ixuxu\/wp-json\/wp\/v2\/media?parent=54529"}],"wp:term":[{"taxonomy":"category","embeddable":true,"href":"https:\/\/edublog.educastur.es\/ixuxu\/wp-json\/wp\/v2\/categories?post=54529"},{"taxonomy":"post_tag","embeddable":true,"href":"https:\/\/edublog.educastur.es\/ixuxu\/wp-json\/wp\/v2\/tags?post=54529"}],"curies":[{"name":"wp","href":"https:\/\/api.w.org\/{rel}","templated":true}]}}