{"id":54533,"date":"2025-07-31T22:59:47","date_gmt":"2025-07-31T20:59:47","guid":{"rendered":"https:\/\/edublog.educastur.es\/ixuxu\/?p=54533"},"modified":"2025-07-31T23:08:13","modified_gmt":"2025-07-31T21:08:13","slug":"agostu-enllenase-de-vivacs-nel-monte-asturianu","status":"publish","type":"post","link":"https:\/\/edublog.educastur.es\/ixuxu\/2025\/07\/agostu-enllenase-de-vivacs-nel-monte-asturianu\/","title":{"rendered":"Agostu enll\u00e9nase de vivacs (una forma de conectar col monte) nel monte asturianu"},"content":{"rendered":"<p style=\"text-align: center\"><a href=\"https:\/\/s1.ppllstatics.com\/elcomercio\/www\/multimedia\/2025\/07\/30\/vivacs-asturias-kdEF-U2302519466129pOE-1200x840@El%20Comercio.jpg\"><img loading=\"lazy\" decoding=\"async\" class=\"aligncenter size-large\" src=\"https:\/\/s1.ppllstatics.com\/elcomercio\/www\/multimedia\/2025\/07\/30\/vivacs-asturias-kdEF-U2302519466129pOE-1200x840@El%20Comercio.jpg\" width=\"1200\" height=\"835\" \/><\/a><\/p>\n<p>Agostu enll\u00e9nase de vivacs nel monte asturianu: el calendariu para esfrutar de la esperiencia. Una ruta de dos d\u00edes en Somiedu y delles esperiencies expr\u00e9s n&#8217;Ubi\u00f1a: el proyectu Seronda Gu\u00edes de Monte dise\u00f1\u00f3 un programa per d\u00edes que convida a tol mundu a dormir al rasu, reparar el cielu y reconectar cola naturaleza.<a href=\"https:\/\/www.elcomercio.es\/rutas-senderismo-por-asturias\/agosto-experiencias-vivacs-planes-dormir-raso-calendario-actividades-20250730135349-nt.html\"> El Comercio<\/a>\/ WhatsApp al 637 36 55 79.<\/p>\n<p><!--more--><\/p>\n<p>Dormir so les estrelles, ensin m\u00e1s techu que&#8217;l cielu. Ensin prieses, ensin cobertoria, ensin espertador\u2026 Solo&#8217;l silenciu, l&#8217;oral, les lluces que lleguen del firmamentu, dalguna llueca insomne, dalguna ca\u00f1a que llarpia, el conciertu de los grillos y el rumor del amanecer aver\u00e1ndose.<\/p>\n<p>Y cuando el cielu empiece a clarear, faer caf\u00e9. Y saborguialo ensin salir del sacu, viendo salir el sol dende&#8217;l coraz\u00f3n del monte.<\/p>\n<p>Ye un fechu: <strong>faer vivac ye especial.<\/strong> <strong>Una forma de conectar col monte<\/strong>, de sentila, bien intensa y bien sanadora que \u2013llue\u00f1e de lo que puede pensase- ta al algame de cualesquier. Ello ye que mientres este mesmu mes d&#8217;agostu y cola idea de promocionar el vivac como esperiencia accesible, <strong>el proyectu Seronda Gu\u00edes de Monte prepar\u00f3 tou un calendariu nel qu&#8217;el vivac ye protagonista absolutu.<\/strong><\/p>\n<p>\u00abQueremos que tol mundu pueda vivir la esperiencia de dormir nel monte. Y queremos resaltar qu&#8217;equ\u00ed n&#8217;Asturies, gracies al incre\u00edble paisaxe que tenemos perdayures, ye posible faelo ensin necesid\u00e1 de tar una selmana entera caminando ente cumes o acutar dellos d\u00edes pa entamar grandes trekkings\u00bb, esplica Consten V\u00e1zquez, gu\u00eda tres esta iniciativa.<\/p>\n<p>Nun fai falta tar dellos d\u00edes perd\u00edu nel monte: esta iniciativa prop\u00f3n esfrutar del atapecer, la nueche y l&#8217;amanecer nel monte ensin enormes esfuerzos nin munchos d\u00edes de caminada.<\/p>\n<p>Am\u00e1s, <strong>son vivacs pensaos por que cualesquier pueda esfrutar d&#8217;ellos, ensin escesiva esperiencia en monte<\/strong>: \u00abNun fai falta faer grandes rutes. Solo tener ganes de tar, de mirar, de dormir colos g\u00fceyos abiertos.\u00bb<\/p>\n<p>\u00abDise\u00f1emos un calendariu que toma tol mes d&#8217;agostu. Empezamos la primer fin de selmana, que vamos a Somiedu un par de d\u00edes pa faer dos cumes y una nueche al rasu. Y depu\u00e9s, a partir del 12 d&#8217;agostu empezamos colo que llamamos \u00abvivac expr\u00e9s\u00bb na zona d&#8217;Ubi\u00f1a: programaos pa partir de tarde y tornar pela ma\u00f1ana, ensin m\u00e1s destinos qu&#8217;el de dir dormir so les estrelles\u00bb, esplica.<\/p>\n<p><strong>M\u00e1s d&#8217;ocho oportunidaes pa vivir la esperiencia Vivac<\/strong><\/p>\n<ul>\n<li>Asina, el primeru de los vivacs programaos por Seronda Gu\u00edes de Monte va ser en Somiedu, los d\u00edes 2 y 3 d&#8217;agostu, con una ruta de dos d\u00edes pelos Picos Albos. \u00abVamos Faer xuna ruta circular d&#8217;unos 15 kil\u00f3metros, con 850 metros de desnivel positivu, partida en dos xornaes seles que combinen esfuerzu, contemplaci\u00f3n y vivencies inolvidables\u00bb, se\u00f1ala Consten.<\/li>\n<\/ul>\n<p>Les esperiencies vivac arrinquen este mesma fin de selmana en tierres de Somiedu con una ruta de dos d\u00edes y xuna nueche en plenu monte. El percorr\u00edu arrinca nel Altu de la Farrapona y traviesa llugares cargaos de guapura: la mayada de Cerveriz, la llaguna de Cebolleu, y la collada ente los dos Albos.<\/p>\n<p>\u00abUna vegada a lo cimero, y y\u00e1 ensin mochiles pesaes, xubise al Albu Oriental pa recibir la puesta de sol. Dende ell\u00ed, la mirada algama Babia, Ubi\u00f1a y parte del Cordal, nun horizonte que paez nun acabar nunca. Tres el descensu, llega&#8217;l momentu de preparar el vivac, compartir una cena senciella, un caf\u00e9 caliente y llevantar vistise escontra&#8217;l cielu: tamos en plena d\u00f3mina de Perseidas y ende enriba toles nueches pueden ser un espect\u00e1culu\u00bb, esbilla&#8217;l gu\u00eda.<\/p>\n<p>La esperiencia continua a l&#8217;amanecida, cuando&#8217;l grupu va xubir al Albu Occidental, col Llagu del Valle a los pies. Depu\u00e9s, el cam\u00edn sigue pola mayada de Calabazosa, arrodiando los llagos glaciares antes de cerrar el c\u00edrculu nel puntu de partida.<\/p>\n<p style=\"text-align: center\"><a href=\"https:\/\/s1.ppllstatics.com\/elcomercio\/www\/multimedia\/2025\/07\/30\/albo-somiedo.jpg\"><img loading=\"lazy\" decoding=\"async\" class=\"aligncenter size-large\" src=\"https:\/\/s1.ppllstatics.com\/elcomercio\/www\/multimedia\/2025\/07\/30\/albo-somiedo.jpg\" width=\"1920\" height=\"1280\" \/><\/a><\/p>\n<p>Vistas dende l&#8217;Albu Occidental, unu de los destinos cumbreros d&#8217;esti primera Vivac en Somiedu.<\/p>\n<p>\u00abLa de Somiedu ye una esperiencia llixeramente m\u00e1s intensa, que toma dos d\u00edes, una nueche n&#8217;hotel so les estrelles y xuna caminada conociendo los llugares m\u00e1s bellos d&#8217;esti territoriu. Nun ye que s\u00eda un trekking d&#8217;altu monte, pero tampoco ye \u00abexpr\u00e9s\u00bb. Los vivacs expr\u00e9s empiecen la selmana siguiente\u2026\u00bb, esplica.<\/p>\n<p>Refierse a que, a partir del 12 d&#8217;agostu, tien programaos vivacs muncho m\u00e1s curtios y flexibles n&#8217;Ubi\u00f1as, pa quien nun puedan o nun quieran comprometese a dos d\u00edes completos:<\/p>\n<p style=\"text-align: center\"><a href=\"https:\/\/s3.ppllstatics.com\/elcomercio\/www\/multimedia\/2025\/07\/30\/ubina-vivac-expres.jpg\"><img loading=\"lazy\" decoding=\"async\" class=\"aligncenter size-large\" src=\"https:\/\/s3.ppllstatics.com\/elcomercio\/www\/multimedia\/2025\/07\/30\/ubina-vivac-expres.jpg\" width=\"1381\" height=\"921\" \/><\/a><\/p>\n<p>\u00abLa idea ye que puedas pasar la tarde cola to xente, na sablera, tomando daqu\u00e9&#8230; y que a les cinco o seis de la tarde pongas les botes y xubas a dormir n&#8217;altor. Ensin arrenunciar a nada, pero gan\u00e1ndolo tou\u00bb, cuenta Consten.<\/p>\n<p><strong>Empezar a caminar pela tarde y dir dormir a los altos pa tornar tres l&#8217;almuerzu: los vivac expr\u00e9s empiecen el 12 d&#8217;agostu. <\/strong>Estes sal\u00edes aptes p&#8217;adultos, families, mascotes\u2026\u2014 consisten nuna xubida nidia pela tarde, una cena n&#8217;altor, una nueche so les estrelles y un amanecer dende puntos panor\u00e1micos con vistes al mar, los Picos d&#8217;Europa o les sierres centrales. Ente les zones escoy\u00edes, destaquen dellos rincones pocu frecuentaos del macizu de Ubi\u00f1a, dende los que se contempla media Asturies cuando amanez.<\/p>\n<p><strong><span style=\"color: #008080\">\u00abLes feches que tenemos confirmaes pa los Vivac expr\u00e9s son 8, inda con places llibres dalguna d&#8217;elles. La selmana del 12 d&#8217;agostu vamos faer 4: el 12, el 13, el 16 y el 17 d&#8217;agostu. Depu\u00e9s, la selmana siguiente hai dos programaos, pal 23 y el 24 d&#8217;agostu. Y tami\u00e9n otros dos el 30 y el 31\u00bb, desglosen.<\/span><\/strong><\/p>\n<p>\u00abLo guapo d&#8217;esta esperiencia ye eso: que puedes sentir lo que ye dormir nel monte ensin arrenunciar al d\u00eda de sablera, a la fiesta del to pueblu a otru d\u00eda, a la comida colos amigos, al verm\u00fa\u2026 salimos de tarde en busca de la vivencia y volvemos de ma\u00f1ana, cola pila cargada y tol d\u00eda per delantre pa esfrutar de lo que m\u00e1s te guste d&#8217;Asturies\u00bb.<\/p>\n<p>Esfrutar de la puesta de sol dende dalg\u00fan altu d&#8217;Ubi\u00f1as, dormir so mil estrelles, ver amanecer con un caf\u00e9&#8230; nun faen falta dellos d\u00edes pa saborguiar lo meyor del vivac.<\/p>\n<p>D&#8217;esta forma, xuntu col vivac de Somiedu d&#8217;esta fin de selmana, Seronda Gu\u00edes de Monte ufierta m\u00e1s de 8 feches distintes nesti mes d&#8217;agostu pa probar y saborguiar lo que significa dormir nel monte, so les estrelles. Pero nun son les \u00faniques: teniendo en cuenta qu&#8217;esti ye&#8217;l mes m\u00e1s aparente pa esta pr\u00e1ctica, animen a cualesquier comenenciudu a consultar otres feches. \u00abSi hai daqui\u00e9n comenenciudu a quien nun-y encaxa nenguna d&#8217;estos d\u00edes que nos consulte: hai otres feches zarraes nes que queden poques places ya inclusive feches llibres ensin anunciar que pueden rellenase\u00bb, afirmen.<\/p>\n<p>Eso s\u00ed, por que la activid\u00e1 s\u00eda completa y satisfactoria,<strong> una de les normes de Seronda ye salir con grupos amenorgaos d&#8217;unes 6-8 persones por vivac<\/strong>; asina que \u2013en casu d&#8217;inter\u00e9s- convien acutar pa nun quedase ensin sitiu. Pa faelo o solicitar m\u00e1s informaci\u00f3n puede llamase o escribir por WhatsApp al 637 36 55 79.<\/p>\n<p>&nbsp;<\/p>\n","protected":false},"excerpt":{"rendered":"<p>Agostu enll\u00e9nase de vivacs nel monte asturianu: el calendariu para esfrutar de la esperiencia. Una ruta de dos d\u00edes en Somiedu y delles esperiencies expr\u00e9s n&#8217;Ubi\u00f1a: el proyectu Seronda Gu\u00edes de Monte dise\u00f1\u00f3 un programa per d\u00edes que convida a tol mundu a dormir al rasu, reparar el cielu y reconectar cola naturaleza. El Comercio\/ [&hellip;]<\/p>\n","protected":false},"author":117,"featured_media":0,"comment_status":"closed","ping_status":"open","sticky":false,"template":"","format":"standard","meta":{"footnotes":""},"categories":[311,225,1],"tags":[],"class_list":["post-54533","post","type-post","status-publish","format-standard","hentry","category-montes","category-rutes","category-sin-categoria"],"_links":{"self":[{"href":"https:\/\/edublog.educastur.es\/ixuxu\/wp-json\/wp\/v2\/posts\/54533","targetHints":{"allow":["GET"]}}],"collection":[{"href":"https:\/\/edublog.educastur.es\/ixuxu\/wp-json\/wp\/v2\/posts"}],"about":[{"href":"https:\/\/edublog.educastur.es\/ixuxu\/wp-json\/wp\/v2\/types\/post"}],"author":[{"embeddable":true,"href":"https:\/\/edublog.educastur.es\/ixuxu\/wp-json\/wp\/v2\/users\/117"}],"replies":[{"embeddable":true,"href":"https:\/\/edublog.educastur.es\/ixuxu\/wp-json\/wp\/v2\/comments?post=54533"}],"version-history":[{"count":4,"href":"https:\/\/edublog.educastur.es\/ixuxu\/wp-json\/wp\/v2\/posts\/54533\/revisions"}],"predecessor-version":[{"id":54537,"href":"https:\/\/edublog.educastur.es\/ixuxu\/wp-json\/wp\/v2\/posts\/54533\/revisions\/54537"}],"wp:attachment":[{"href":"https:\/\/edublog.educastur.es\/ixuxu\/wp-json\/wp\/v2\/media?parent=54533"}],"wp:term":[{"taxonomy":"category","embeddable":true,"href":"https:\/\/edublog.educastur.es\/ixuxu\/wp-json\/wp\/v2\/categories?post=54533"},{"taxonomy":"post_tag","embeddable":true,"href":"https:\/\/edublog.educastur.es\/ixuxu\/wp-json\/wp\/v2\/tags?post=54533"}],"curies":[{"name":"wp","href":"https:\/\/api.w.org\/{rel}","templated":true}]}}