{"id":54538,"date":"2025-07-31T19:55:54","date_gmt":"2025-07-31T17:55:54","guid":{"rendered":"https:\/\/edublog.educastur.es\/ixuxu\/?p=54538"},"modified":"2025-07-31T23:12:52","modified_gmt":"2025-07-31T21:12:52","slug":"el-mastin-asturianu-mas-cerca-de-ser-reconociu-como-raza-canina","status":"publish","type":"post","link":"https:\/\/edublog.educastur.es\/ixuxu\/2025\/07\/el-mastin-asturianu-mas-cerca-de-ser-reconociu-como-raza-canina\/","title":{"rendered":"El mast\u00edn asturianu, m\u00e1s cerca de ser reconoc\u00edu como raza canina"},"content":{"rendered":"<p style=\"text-align: center\"><a href=\"https:\/\/s1.ppllstatics.com\/elcomercio\/www\/multimedia\/2025\/07\/31\/PASTOR-OSO-MASTIN-ASTURIANO-knxD-U2302532459472LpD-1200x840@El%20Comercio.jpg\"><img loading=\"lazy\" decoding=\"async\" class=\"aligncenter size-large\" src=\"https:\/\/s1.ppllstatics.com\/elcomercio\/www\/multimedia\/2025\/07\/31\/PASTOR-OSO-MASTIN-ASTURIANO-knxD-U2302532459472LpD-1200x840@El%20Comercio.jpg\" width=\"1200\" height=\"840\" \/><\/a><\/p>\n<p>La Real Socied\u00e1 Canina d&#8217;Espa\u00f1a cataloga a estos perros, tami\u00e9n conoc\u00edos como pastores del osu, como nuevu Grupu \u00c9tnicu. El Comit\u00e9 de Direcci\u00f3n de la Real Socied\u00e1 Canina d&#8217;Espa\u00f1a (RSCE) aprob\u00f3 oficialmente la incorporaci\u00f3n del pastor del oso \u2013 mast\u00edn asturianu como nuevu Grupu \u00c9tnicu Can\u00edn, lo qu&#8217;avera la reconocencia oficial d&#8217;estos perros como raza canina espa\u00f1ola. Para&#8217;l comit\u00e9, esta incorporaci\u00f3n representa una meyora t\u00e9cnica y una reconocencia a un can qu&#8217;encarna la hestoria y tradici\u00f3n d&#8217;Asturies\u00bb. <a href=\"https:\/\/www.elcomercio.es\/asturias\/mastin-asturiano-pastor-oso-grupo-etnico-real-sociedad-canina-20250731204158-nt.html\">El Comercio<\/a><\/p>\n<p><!--more--><\/p>\n<p>Esta decisi\u00f3n reconoz \u00abla singularid\u00e1 d&#8217;una poblaci\u00f3n enraigonada na hestoria, reforzando&#8217;l compromisu de la RSCE col caltenimientu de los perros tradicionales espa\u00f1oles\u00bb.<\/p>\n<p>La so inclusi\u00f3n nel <strong>Rexistru de Grupos \u00c9tnicos Caninos (RGEC)<\/strong> tien como oxetivu \u00abestablecer un tipu morfol\u00f3xicu defin\u00edu, fomentar una cr\u00eda responsable, caltener la diversid\u00e1 xen\u00e9tica y garantizar la sal\u00fa del conxuntu poblacional\u00bb. Am\u00e1s, con esta incorporaci\u00f3n reconoz el \u00abesfuerzu colectivu de los criadores que contribuyeron a caltener la esencia d&#8217;esti perru de trabayu\u00bb.<\/p>\n<p><strong>Orixinariu de los altos cordales asturianos, el pastor del oso \u2013 mast\u00edn asturianu foi conoc\u00edu a lo llargo del tiempu por diversu nomes (mast\u00edn de puertu, perru carranc\u00f3n, can lloberu)<\/strong> qu&#8217;evidencian el so estrechu venceyu cola vida de monte y la cultura popular de la rex\u00f3n. La so funci\u00f3n como guardi\u00e1n de fataos y la\u00a0 so resistencia natural convi\u00e9rtenlu nun compa\u00f1eru imprescindible pa los pastores dende fai xeneraciones.<\/p>\n<p><em><span style=\"color: #008080\"><strong>Caracter\u00edstiques<\/strong><\/span><\/em><\/p>\n<ul>\n<li><em><span style=\"color: #008080\">El RSCE define a estos perros como \u00abfuertes, silenciosos y lleales. <\/span><\/em><\/li>\n<li><em><span style=\"color: #008080\">Son muncho m\u00e1s qu&#8217;un perru de trabayu. Mientres sieglos, protex\u00f3 a los pregueros frente a depredadores, aportando a conoc\u00edu como&#8217;l perru del pueblu&#8217; en numberoses aldegues\u00bb.<\/span><\/em><\/li>\n<li><em><span style=\"color: #008080\">Pueden algamar ente 70 y 85 cent\u00edmetros d&#8217;altor y los 50 quilos de pesu. <\/span><\/em><\/li>\n<li><em><span style=\"color: #008080\">El so cuerpu robustu y la so morfolox\u00eda son prueba de la so adaptaci\u00f3n al terr\u00e9n montascosu, lo que-y confier xuna \u00abresistencia estraordinaria en cualquier d\u00f3mina del a\u00f1u\u00bb. <\/span><\/em><\/li>\n<li><em><span style=\"color: #008080\">La so pelame caracter\u00edzase por tener \u00abcolores y patrones tradicionales, protexer de too tipu de climes y reflexa xuna heriedu xen\u00e9ticu ancestral, fondamente amestada a la so redolada natural\u00bb.<\/span><\/em><\/li>\n<li><em><span style=\"color: #008080\">La serenid\u00e1, l&#8217;equilibriu y la nobleza componen el so calter. \u00abYe un perru territorial y bien lleal a les persones coles que convive. <\/span><\/em><\/li>\n<li><em><span style=\"color: #008080\">Anque ye acut\u00e1u colos desconoc\u00edos, enfr\u00e9ntase ensin duldar a cualquier amenaza esterna\u00bb, daqu\u00e9 que convierte al pastor del osu nun ali\u00e1u imprescindible na ganader\u00eda y un escelente guardi\u00e1n pa finques y llares rurales\u00bb.<\/span><\/em><\/li>\n<\/ul>\n","protected":false},"excerpt":{"rendered":"<p>La Real Socied\u00e1 Canina d&#8217;Espa\u00f1a cataloga a estos perros, tami\u00e9n conoc\u00edos como pastores del osu, como nuevu Grupu \u00c9tnicu. El Comit\u00e9 de Direcci\u00f3n de la Real Socied\u00e1 Canina d&#8217;Espa\u00f1a (RSCE) aprob\u00f3 oficialmente la incorporaci\u00f3n del pastor del oso \u2013 mast\u00edn asturianu como nuevu Grupu \u00c9tnicu Can\u00edn, lo qu&#8217;avera la reconocencia oficial d&#8217;estos perros como raza [&hellip;]<\/p>\n","protected":false},"author":117,"featured_media":0,"comment_status":"closed","ping_status":"open","sticky":false,"template":"","format":"standard","meta":{"footnotes":""},"categories":[1],"tags":[],"class_list":["post-54538","post","type-post","status-publish","format-standard","hentry","category-sin-categoria"],"_links":{"self":[{"href":"https:\/\/edublog.educastur.es\/ixuxu\/wp-json\/wp\/v2\/posts\/54538","targetHints":{"allow":["GET"]}}],"collection":[{"href":"https:\/\/edublog.educastur.es\/ixuxu\/wp-json\/wp\/v2\/posts"}],"about":[{"href":"https:\/\/edublog.educastur.es\/ixuxu\/wp-json\/wp\/v2\/types\/post"}],"author":[{"embeddable":true,"href":"https:\/\/edublog.educastur.es\/ixuxu\/wp-json\/wp\/v2\/users\/117"}],"replies":[{"embeddable":true,"href":"https:\/\/edublog.educastur.es\/ixuxu\/wp-json\/wp\/v2\/comments?post=54538"}],"version-history":[{"count":1,"href":"https:\/\/edublog.educastur.es\/ixuxu\/wp-json\/wp\/v2\/posts\/54538\/revisions"}],"predecessor-version":[{"id":54539,"href":"https:\/\/edublog.educastur.es\/ixuxu\/wp-json\/wp\/v2\/posts\/54538\/revisions\/54539"}],"wp:attachment":[{"href":"https:\/\/edublog.educastur.es\/ixuxu\/wp-json\/wp\/v2\/media?parent=54538"}],"wp:term":[{"taxonomy":"category","embeddable":true,"href":"https:\/\/edublog.educastur.es\/ixuxu\/wp-json\/wp\/v2\/categories?post=54538"},{"taxonomy":"post_tag","embeddable":true,"href":"https:\/\/edublog.educastur.es\/ixuxu\/wp-json\/wp\/v2\/tags?post=54538"}],"curies":[{"name":"wp","href":"https:\/\/api.w.org\/{rel}","templated":true}]}}