{"id":54548,"date":"2025-08-01T08:39:35","date_gmt":"2025-08-01T06:39:35","guid":{"rendered":"https:\/\/edublog.educastur.es\/ixuxu\/?p=54548"},"modified":"2025-08-01T18:40:05","modified_gmt":"2025-08-01T16:40:05","slug":"54548","status":"publish","type":"post","link":"https:\/\/edublog.educastur.es\/ixuxu\/2025\/08\/54548\/","title":{"rendered":"El tiempu (El Comercio)"},"content":{"rendered":"<p style=\"text-align: center\"><a href=\"https:\/\/s3.ppllstatics.com\/elcomercio\/www\/multimedia\/2025\/07\/31\/prevision-tiempo-asturias-kgkC-U2301948938566Ca-1200x860@El%20Comercio.jpg\"><img loading=\"lazy\" decoding=\"async\" class=\"aligncenter size-large\" src=\"https:\/\/s3.ppllstatics.com\/elcomercio\/www\/multimedia\/2025\/07\/31\/prevision-tiempo-asturias-kgkC-U2301948938566Ca-1200x860@El%20Comercio.jpg\" width=\"1200\" height=\"860\" \/><\/a><\/p>\n<p>Esperamos empecipiar la xornada con poca nubosid\u00e1 sacantes dellos intervalos de nubes baxes na mari\u00f1a.<strong> A lo llargo del d\u00eda<\/strong> vamos reparar como claramente van dir aumentando les nubes dende&#8217;l norte, estendi\u00e9ndose escontra l&#8217;interior hasta acabar cubriendo tol cielu asturianu. <strong>A partir de la tarde<\/strong>, nun se refuga que puedan escapase dellos orbayos poco importantes que, anque van ser m\u00e1s frecuentes na mari\u00f1a, podr\u00eden tami\u00e9n acabar afectando a puntos d&#8217;interior. <strong>Los vientos<\/strong> van ser fluexos predominando de norte-nordeste con dalguna qu&#8217;otra racha moderada. <strong>Les temperatures m\u00e1ximes<\/strong> nun van variar respectu al xueves y <strong>les m\u00ednimes<\/strong> van baxar llixeramente na met\u00e1 norte.<\/p>\n<p><!--more--><\/p>\n<p><strong>El s\u00e1badu<\/strong> vamos amanecer con nubes baxes pero, a partir del mediud\u00eda, van abrise grandes claros pudiendo quedar la tarde estena. Asina tou, nun se refuga que vuelva apaecer *nubosidad a la fin.<\/p>\n<p><strong>El domingu<\/strong> prevese bon tiempu con un claru protagonismu del sol y un ascensu de les temperatures.<\/p>\n<p><strong>A m\u00e1s llargu plazu<\/strong>, ye bien probable que los term\u00f3metros tiendan a l&#8217;alza con d\u00edes bien calorosos nel ecuador de la selmana.<\/p>\n","protected":false},"excerpt":{"rendered":"<p>Esperamos empecipiar la xornada con poca nubosid\u00e1 sacantes dellos intervalos de nubes baxes na mari\u00f1a. A lo llargo del d\u00eda vamos reparar como claramente van dir aumentando les nubes dende&#8217;l norte, estendi\u00e9ndose escontra l&#8217;interior hasta acabar cubriendo tol cielu asturianu. A partir de la tarde, nun se refuga que puedan escapase dellos orbayos poco importantes [&hellip;]<\/p>\n","protected":false},"author":117,"featured_media":0,"comment_status":"closed","ping_status":"open","sticky":false,"template":"","format":"standard","meta":{"footnotes":""},"categories":[5],"tags":[],"class_list":["post-54548","post","type-post","status-publish","format-standard","hentry","category-tiempu"],"_links":{"self":[{"href":"https:\/\/edublog.educastur.es\/ixuxu\/wp-json\/wp\/v2\/posts\/54548","targetHints":{"allow":["GET"]}}],"collection":[{"href":"https:\/\/edublog.educastur.es\/ixuxu\/wp-json\/wp\/v2\/posts"}],"about":[{"href":"https:\/\/edublog.educastur.es\/ixuxu\/wp-json\/wp\/v2\/types\/post"}],"author":[{"embeddable":true,"href":"https:\/\/edublog.educastur.es\/ixuxu\/wp-json\/wp\/v2\/users\/117"}],"replies":[{"embeddable":true,"href":"https:\/\/edublog.educastur.es\/ixuxu\/wp-json\/wp\/v2\/comments?post=54548"}],"version-history":[{"count":2,"href":"https:\/\/edublog.educastur.es\/ixuxu\/wp-json\/wp\/v2\/posts\/54548\/revisions"}],"predecessor-version":[{"id":54550,"href":"https:\/\/edublog.educastur.es\/ixuxu\/wp-json\/wp\/v2\/posts\/54548\/revisions\/54550"}],"wp:attachment":[{"href":"https:\/\/edublog.educastur.es\/ixuxu\/wp-json\/wp\/v2\/media?parent=54548"}],"wp:term":[{"taxonomy":"category","embeddable":true,"href":"https:\/\/edublog.educastur.es\/ixuxu\/wp-json\/wp\/v2\/categories?post=54548"},{"taxonomy":"post_tag","embeddable":true,"href":"https:\/\/edublog.educastur.es\/ixuxu\/wp-json\/wp\/v2\/tags?post=54548"}],"curies":[{"name":"wp","href":"https:\/\/api.w.org\/{rel}","templated":true}]}}