{"id":54559,"date":"2025-08-01T18:00:00","date_gmt":"2025-08-01T16:00:00","guid":{"rendered":"https:\/\/edublog.educastur.es\/ixuxu\/?p=54559"},"modified":"2025-08-01T18:55:23","modified_gmt":"2025-08-01T16:55:23","slug":"uvieu-va-llucir-na-feria-damueses-la-candidatura-a-capital-cultural-europea","status":"publish","type":"post","link":"https:\/\/edublog.educastur.es\/ixuxu\/2025\/08\/uvieu-va-llucir-na-feria-damueses-la-candidatura-a-capital-cultural-europea\/","title":{"rendered":"Uvi\u00e9u va llucir na Feria d&#8217;Amueses la candidatura a Capital Cultural Europea"},"content":{"rendered":"<p>Uvi\u00e9u va llucir na Feria d&#8217;Amueses la candidatura a Capital Cultural Europea: asina va ser el so pabell\u00f3n. El pabell\u00f3n municipal, \u00abun espaciu pens\u00e1u para arimar ilusi\u00f3n\u00bb, va tar dedic\u00e1u al proyectu col que la ciud\u00e1 pretende algamar la distinci\u00f3n en 2031. <a href=\"https:\/\/www.lne.es\/oviedo\/2025\/07\/31\/oviedo-lucira-feria-muestras-candidatura-120220447.html\">LNE<\/a><\/p>\n<p style=\"text-align: center\"><a href=\"https:\/\/estaticos-cdn.prensaiberica.es\/clip\/a7016756-2f3e-48e2-9020-7488c0e93c0a_16-9-aspect-ratio_default_0.webp\"><img loading=\"lazy\" decoding=\"async\" class=\"aligncenter size-large\" src=\"https:\/\/estaticos-cdn.prensaiberica.es\/clip\/a7016756-2f3e-48e2-9020-7488c0e93c0a_16-9-aspect-ratio_default_0.webp\" width=\"880\" height=\"495\" \/><\/a><\/p>\n<p><!--more--><\/p>\n<p>Con unu apueste visual destac\u00e1u, Uvi\u00e9u va llucir na Feria d&#8217;Amueses la so candidatura a Capital Europea de la Cultura nel a\u00f1u 2031. Tantu na parte esterior, al travi\u00e9s d&#8217;un gran panel <strong>col eslogan \u00abPuxa Europa\u00bb<\/strong> y los motivos corporativos del proyectu, como nel interior, onde se van esponer motivos distintivos de la cultura uvieina, la vocaci\u00f3n del espaciu ye la de promocionar el gran proyectu de la ciud\u00e1 que, de la mesma, pretende arreyar a toa Asturies. El stand municipal, d&#8217;unos 100 metros cuadraos, va tar \u00edntegramente dedic\u00e1u a la candidatura. Tr\u00e1tase d&#8217;un espaciu pens\u00e1u para arimar ilusi\u00f3n, sumar sofitos y amosar al p\u00fablicu asturianu les pilastres sobro los que se llevanta un proyectu cultural qu&#8217;aspira a faer hestoria\u00bb, aseguren los responsables de la candidatura.<\/p>\n<p><strong>El pabell\u00f3n uvie\u00edn va convertise nun escaparate del potencial cultural de la ciud\u00e1<\/strong>, con recursos espositivos, paneles informativos, conten\u00edos audiovisuales y actividaes empobinaes a tolos p\u00fablicos. Al travi\u00e9s d&#8217;una cuidada puesta n&#8217;escena \u2014con cubos, paneles y espacios interactivos\u2014 los visitantes van poder conocer de barganal les fortaleces coles qu&#8217;Uvi\u00e9u allega a esta prestixosa reconocencia europea, nuna candidatura que tesciende les llendes municipales y quier representar a toa Asturies.<\/p>\n<p style=\"text-align: center\"><a href=\"https:\/\/estaticos-cdn.prensaiberica.es\/clip\/59ad7bd4-9025-49fe-ac5b-f53646685287_source-aspect-ratio_default_0.webp\"><img loading=\"lazy\" decoding=\"async\" class=\"aligncenter size-large\" src=\"https:\/\/estaticos-cdn.prensaiberica.es\/clip\/59ad7bd4-9025-49fe-ac5b-f53646685287_source-aspect-ratio_default_0.webp\" width=\"1600\" height=\"1148\" \/><\/a><\/p>\n<p>\u00a0Paneles del interior del pabell\u00f3n d&#8217;Uvi\u00e9u na Feria d&#8217;Amueses. \/ LNE<\/p>\n<p>Unu de los elementos centrales va ser el lema de la candidatura: <strong>\u00abPuxa Europa, the *future is now\u00bb<\/strong>, xuna declaraci\u00f3n d&#8217;intenciones que combina la identid\u00e1 local y vocaci\u00f3n de futuru. El Conceyu va aprovechar la so presencia na Feria d&#8217;Amueses pa promocionar delles de les principales cites culturales del calendariu uvie\u00edn: la Temporada de Conciertos del Auditoriu y les Xornaes de Pianu, los Conciertos de San Mateo, el festival LINK d&#8217;esperiencies culturales ins\u00f3lites y l&#8217;aguada gastron\u00f3mica del Desarme, qu&#8217;aspira a convertise en Fiesta d&#8217;Inter\u00e9s Tur\u00edsticu Nacional.<\/p>\n<p><strong>Animaci\u00f3n <\/strong>L&#8217;animaci\u00f3n tami\u00e9n va tener un papel destac\u00e1u, con actuaciones de grupos folcl\u00f3ricos del programa de Festexos y sesiones de bailoterapia a cargu del popular instructor Amador. Como noved\u00e1, el stand va cuntar con una zona interactiva onde los visitantes van poder participar nuna curtia encuesta cultural, valorar les propuestes esistentes y dexar les sos idees p&#8217;arriquecer la candidatura. Quien participen van entrar nel sort\u00e9u d&#8217;entraes p&#8217;actividaes como la \u00f3pera, la zarzuela, los conciertos del Auditoriu o San Mateo, seg\u00fan pases VIP pa la Nueche Blanca.<\/p>\n<p>Va haber tami\u00e9n espaciu pa la imaxe y l&#8217;alcordanza, con un \u00abphotocall\u00bb interactivu que va dexar a los asistentes posar con fondos emblem\u00e1ticos de la ciud\u00e1 gracies a un sistema de croma. Les fotograf\u00edes van poder compartise en redes sociales y na web oficial del proyectu, reforzando la implicaci\u00f3n ciudadana nesta carrera cultural. Y como n&#8217;a\u00f1os anteriores, nun va faltar nel esterior del pabell\u00f3n la siempres fotografiada estatua de Mafalda, movida dende&#8217;l so allugamientu habitual nel Campu San Francisco.<\/p>\n<p style=\"text-align: center\"><a href=\"https:\/\/estaticos-cdn.prensaiberica.es\/clip\/94876fbc-a6fc-4fe5-a93b-6a89645f2810_source-aspect-ratio_default_0.webp\"><img loading=\"lazy\" decoding=\"async\" class=\"aligncenter size-large\" src=\"https:\/\/estaticos-cdn.prensaiberica.es\/clip\/94876fbc-a6fc-4fe5-a93b-6a89645f2810_source-aspect-ratio_default_0.webp\" width=\"1600\" height=\"984\" \/><\/a><\/p>\n<p>El d\u00eda grande va ser el s\u00e1badu 16 d&#8217;agostu, cuando se celebre&#8217;l <strong>D\u00eda d&#8217;Uvi\u00e9u na feria<\/strong>, cola presencia del alcalde, Alfredo Canteli, y representantes institucionales nun actu oficial centr\u00e1u na candidatura.<\/p>\n<p>&nbsp;<\/p>\n","protected":false},"excerpt":{"rendered":"<p>Uvi\u00e9u va llucir na Feria d&#8217;Amueses la candidatura a Capital Cultural Europea: asina va ser el so pabell\u00f3n. El pabell\u00f3n municipal, \u00abun espaciu pens\u00e1u para arimar ilusi\u00f3n\u00bb, va tar dedic\u00e1u al proyectu col que la ciud\u00e1 pretende algamar la distinci\u00f3n en 2031. LNE<\/p>\n","protected":false},"author":117,"featured_media":0,"comment_status":"closed","ping_status":"open","sticky":false,"template":"","format":"standard","meta":{"footnotes":""},"categories":[209,33],"tags":[],"class_list":["post-54559","post","type-post","status-publish","format-standard","hentry","category-fidma-xixon","category-uvieu"],"_links":{"self":[{"href":"https:\/\/edublog.educastur.es\/ixuxu\/wp-json\/wp\/v2\/posts\/54559","targetHints":{"allow":["GET"]}}],"collection":[{"href":"https:\/\/edublog.educastur.es\/ixuxu\/wp-json\/wp\/v2\/posts"}],"about":[{"href":"https:\/\/edublog.educastur.es\/ixuxu\/wp-json\/wp\/v2\/types\/post"}],"author":[{"embeddable":true,"href":"https:\/\/edublog.educastur.es\/ixuxu\/wp-json\/wp\/v2\/users\/117"}],"replies":[{"embeddable":true,"href":"https:\/\/edublog.educastur.es\/ixuxu\/wp-json\/wp\/v2\/comments?post=54559"}],"version-history":[{"count":2,"href":"https:\/\/edublog.educastur.es\/ixuxu\/wp-json\/wp\/v2\/posts\/54559\/revisions"}],"predecessor-version":[{"id":54561,"href":"https:\/\/edublog.educastur.es\/ixuxu\/wp-json\/wp\/v2\/posts\/54559\/revisions\/54561"}],"wp:attachment":[{"href":"https:\/\/edublog.educastur.es\/ixuxu\/wp-json\/wp\/v2\/media?parent=54559"}],"wp:term":[{"taxonomy":"category","embeddable":true,"href":"https:\/\/edublog.educastur.es\/ixuxu\/wp-json\/wp\/v2\/categories?post=54559"},{"taxonomy":"post_tag","embeddable":true,"href":"https:\/\/edublog.educastur.es\/ixuxu\/wp-json\/wp\/v2\/tags?post=54559"}],"curies":[{"name":"wp","href":"https:\/\/api.w.org\/{rel}","templated":true}]}}