{"id":54663,"date":"2025-08-01T21:48:09","date_gmt":"2025-08-01T19:48:09","guid":{"rendered":"https:\/\/edublog.educastur.es\/ixuxu\/?p=54663"},"modified":"2025-08-01T21:48:17","modified_gmt":"2025-08-01T19:48:17","slug":"rutes-nasturianu-magostu-con-denis","status":"publish","type":"post","link":"https:\/\/edublog.educastur.es\/ixuxu\/2025\/08\/rutes-nasturianu-magostu-con-denis\/","title":{"rendered":"Rutes n&#8217;asturianu n&#8217;agostu con Denis"},"content":{"rendered":"<p style=\"text-align: center\"><span class=\"x193iq5w xeuugli x13faqbe x1vvkbs xt0psk2 x1i0vuye xvs91rp xo1l8bm x5n08af x10wh9bi xpm28yp x8viiok x1o7cslx x126k92a\"><span class=\"html-span xexx8yu x4uap5 x18d9i69 xkhd6sd x1hl2dhg x16tdsg8 x1vvkbs x3nfvp2 x1j61x8r x1fcty0u xdj266r xat24cr xgzva0m xhhsvwb xxymvpz xlup9mm x1kky2od\">\n<!-- iframe plugin v.6.0 wordpress.org\/plugins\/iframe\/ -->\n<iframe loading=\"lazy\" src=\"https:\/\/www.instagram.com\/reel\/DMw8Kw7Kj_M\/embed\" width=\"460\" height=\"660\" 0=\"\/iframe\" scrolling=\"yes\" class=\"iframe-class\" frameborder=\"0\"><\/iframe>\n<\/span><\/span><\/p>\n<ul>\n<li><strong><a href=\"https:\/\/www.facebook.com\/serasturianu?__cft__%5b0%5d=AZVazuyWJ1nqOdEzPZhoUL6DHnUyEj_xNPKSetEGJtbhGVHwwyCkDHTLXguGVDQbhEgd5qk7vM6gZxr9uszaNMEzUIXK9UjC1Rj_HoxG0Rlj0jCwiwSVgNsGkDWM7o-lH5s2oXqvjZGZW-DUoi8N900sBxOUKMj7OZTSUMFy5KA-7Oi9jzEZtywD_gr4qEerAes&amp;__tn__=-UC%2CP-R\">Ser Asturianu<\/a>\u00a0<\/strong><\/li>\n<li>RUTES N&#8217;ASTURIANO N&#8217;<a href=\"https:\/\/www.facebook.com\/hashtag\/agosto?__eep__=6&amp;__cft__%5b0%5d=AZVazuyWJ1nqOdEzPZhoUL6DHnUyEj_xNPKSetEGJtbhGVHwwyCkDHTLXguGVDQbhEgd5qk7vM6gZxr9uszaNMEzUIXK9UjC1Rj_HoxG0Rlj0jCwiwSVgNsGkDWM7o-lH5s2oXqvjZGZW-DUoi8N900sBxOUKMj7OZTSUMFy5KA-7Oi9jzEZtywD_gr4qEerAes&amp;__tn__=*NK-R\"><strong>#AGOSTO <\/strong><\/a>Col historiador Denis \u00abEl Pruvianu\u00bb<\/li>\n<\/ul>\n<p>\u00a1El meyor plan pa esfrutar del <a href=\"https:\/\/www.facebook.com\/hashtag\/verano?__eep__=6&amp;__cft__%5b0%5d=AZVazuyWJ1nqOdEzPZhoUL6DHnUyEj_xNPKSetEGJtbhGVHwwyCkDHTLXguGVDQbhEgd5qk7vM6gZxr9uszaNMEzUIXK9UjC1Rj_HoxG0Rlj0jCwiwSVgNsGkDWM7o-lH5s2oXqvjZGZW-DUoi8N900sBxOUKMj7OZTSUMFy5KA-7Oi9jzEZtywD_gr4qEerAes&amp;__tn__=*NK-R\"><strong>#verano<\/strong><\/a> n&#8217;<a href=\"https:\/\/www.facebook.com\/hashtag\/asturies?__eep__=6&amp;__cft__%5b0%5d=AZVazuyWJ1nqOdEzPZhoUL6DHnUyEj_xNPKSetEGJtbhGVHwwyCkDHTLXguGVDQbhEgd5qk7vM6gZxr9uszaNMEzUIXK9UjC1Rj_HoxG0Rlj0jCwiwSVgNsGkDWM7o-lH5s2oXqvjZGZW-DUoi8N900sBxOUKMj7OZTSUMFy5KA-7Oi9jzEZtywD_gr4qEerAes&amp;__tn__=*NK-R\"><strong>#Asturies<\/strong><\/a> de la forma m\u00e1s aut\u00e9ntica! Na nuestra web (<a href=\"https:\/\/l.facebook.com\/l.php?u=http%3A%2F%2Fserasturianu.com%2F%3Ffbclid%3DIwZXh0bgNhZW0CMTAAYnJpZBExS01IVWEyMHV0eDlhRE96MwEekarZDMMrA-lDzz85iPt5fIRB7mL-bGPXUg5AM0UkwVDX7vuYk1bPksiBvNw_aem_GQis1XxdJbF9tU2udQaSBA&amp;h=AT1zKmcWsi_Ak9ab0ZnbOqHMoJ5Nkyu9YE0jWQZX9yAAGL_wv_ER7ExzxVc3YDy4i8X98s1upJI0rhTax_tCFM6Wv_8c-1eOwcq5qhOlrpjNk93lVvGEp1W2X3nMMtdOmThiIPsd9dFxNA&amp;__tn__=-UK-R&amp;c%5b0%5d=AT36Jrb1x8fQrgBi3MOuVxpYptWZ9IJFHP2_kwbkhScFWAXeoNc_6nqKcvFoEfMDCXWnkBHJ3cHRMYd5t2xAgfGVSMXkLL-q9vpWiJC6bH82Q3lBnetoKIAi89t2HxTg-FhxwSmVqf84Q4SYARt0U62fmoB4q6VkBNmTEbpK_FCMYWJQzjCAOcgWC2ZbROvh7NF2Jb_xFOxrb5PS3-Hz8gAMUQ\"><strong>serasturianu.com<\/strong><\/a>) podr\u00e1s consultar info, feches y facer la to reserva. <a href=\"https:\/\/www.instagram.com\/p\/DMw8Kw7Kj_M\/?hl=es\">Cartelu<\/a><\/p>\n<p><!--more--><\/p>\n<ul>\n<li>XIX\u00d3N MARINERO Domingo 10 \/ 120h \/ Casa Paquet<\/li>\n<li>REVOLUCI\u00d3N DE 1934\u00a0 \/ Vienres 15 \/ 17:30h \/ El Font\u00e1n, Uvieo<\/li>\n<li>UVIEO NA LLITERATURA ASTURIANA \/ S\u00e1bado 16 \/ 17:30h \/ Puerte de la Catedral<\/li>\n<li>REVOLUCI\u00d3N \u00a1EN LLANGREO!\u00a0 Domingo 24 \/ 11:30h\u00a0 Parque Vieyu de La Felguera<\/li>\n<li>XIX\u00d3N \u00a1EN GUERRA! \/ Domingo 31 \/ 17:30h \/ Teatru Jovellanos<\/li>\n<li>RESERVES: <a href=\"https:\/\/l.facebook.com\/l.php?u=http%3A%2F%2Fserasturianu.com%2F%3Ffbclid%3DIwZXh0bgNhZW0CMTAAYnJpZBExS01IVWEyMHV0eDlhRE96MwEezpYTCaVAIzryTE_2ixELVskaIVF-gGSSB5k9d8qduVKvHLNWbzuhUyaqLZ4_aem_qA5YIrIqxJiPA6pxqabSEA&amp;h=AT1zKmcWsi_Ak9ab0ZnbOqHMoJ5Nkyu9YE0jWQZX9yAAGL_wv_ER7ExzxVc3YDy4i8X98s1upJI0rhTax_tCFM6Wv_8c-1eOwcq5qhOlrpjNk93lVvGEp1W2X3nMMtdOmThiIPsd9dFxNA&amp;__tn__=-UK-R&amp;c%5b0%5d=AT36Jrb1x8fQrgBi3MOuVxpYptWZ9IJFHP2_kwbkhScFWAXeoNc_6nqKcvFoEfMDCXWnkBHJ3cHRMYd5t2xAgfGVSMXkLL-q9vpWiJC6bH82Q3lBnetoKIAi89t2HxTg-FhxwSmVqf84Q4SYARt0U62fmoB4q6VkBNmTEbpK_FCMYWJQzjCAOcgWC2ZbROvh7NF2Jb_xFOxrb5PS3-Hz8gAMUQ\"><strong>serasturianu.com<\/strong><\/a><\/li>\n<\/ul>\n","protected":false},"excerpt":{"rendered":"<p>Ser Asturianu\u00a0 RUTES N&#8217;ASTURIANO N&#8217;#AGOSTO Col historiador Denis \u00abEl Pruvianu\u00bb \u00a1El meyor plan pa esfrutar del #verano n&#8217;#Asturies de la forma m\u00e1s aut\u00e9ntica! Na nuestra web (serasturianu.com) podr\u00e1s consultar info, feches y facer la to reserva. Cartelu<\/p>\n","protected":false},"author":117,"featured_media":0,"comment_status":"closed","ping_status":"open","sticky":false,"template":"","format":"standard","meta":{"footnotes":""},"categories":[26,147],"tags":[],"class_list":["post-54663","post","type-post","status-publish","format-standard","hentry","category-guies","category-ser-asturianu"],"_links":{"self":[{"href":"https:\/\/edublog.educastur.es\/ixuxu\/wp-json\/wp\/v2\/posts\/54663","targetHints":{"allow":["GET"]}}],"collection":[{"href":"https:\/\/edublog.educastur.es\/ixuxu\/wp-json\/wp\/v2\/posts"}],"about":[{"href":"https:\/\/edublog.educastur.es\/ixuxu\/wp-json\/wp\/v2\/types\/post"}],"author":[{"embeddable":true,"href":"https:\/\/edublog.educastur.es\/ixuxu\/wp-json\/wp\/v2\/users\/117"}],"replies":[{"embeddable":true,"href":"https:\/\/edublog.educastur.es\/ixuxu\/wp-json\/wp\/v2\/comments?post=54663"}],"version-history":[{"count":2,"href":"https:\/\/edublog.educastur.es\/ixuxu\/wp-json\/wp\/v2\/posts\/54663\/revisions"}],"predecessor-version":[{"id":54666,"href":"https:\/\/edublog.educastur.es\/ixuxu\/wp-json\/wp\/v2\/posts\/54663\/revisions\/54666"}],"wp:attachment":[{"href":"https:\/\/edublog.educastur.es\/ixuxu\/wp-json\/wp\/v2\/media?parent=54663"}],"wp:term":[{"taxonomy":"category","embeddable":true,"href":"https:\/\/edublog.educastur.es\/ixuxu\/wp-json\/wp\/v2\/categories?post=54663"},{"taxonomy":"post_tag","embeddable":true,"href":"https:\/\/edublog.educastur.es\/ixuxu\/wp-json\/wp\/v2\/tags?post=54663"}],"curies":[{"name":"wp","href":"https:\/\/api.w.org\/{rel}","templated":true}]}}