{"id":54668,"date":"2025-08-01T11:11:52","date_gmt":"2025-08-01T09:11:52","guid":{"rendered":"https:\/\/edublog.educastur.es\/ixuxu\/?p=54668"},"modified":"2025-08-01T22:15:12","modified_gmt":"2025-08-01T20:15:12","slug":"xixon-va-allugar-la-copa-de-la-reina-dh-oquei-sobro-patinos-en-2026","status":"publish","type":"post","link":"https:\/\/edublog.educastur.es\/ixuxu\/2025\/08\/xixon-va-allugar-la-copa-de-la-reina-dh-oquei-sobro-patinos-en-2026\/","title":{"rendered":"Xix\u00f3n va allugar la Copa de la Reina d&#8217;h.oquei sobro patinos en 2026"},"content":{"rendered":"<p style=\"text-align: center\"><a href=\"https:\/\/estaticos-cdn.prensaiberica.es\/clip\/1ac8024a-6d01-4f03-aacf-9a0c0e001b4b_16-9-discover-aspect-ratio_default_0.webp\"><img loading=\"lazy\" decoding=\"async\" class=\"aligncenter size-large\" src=\"https:\/\/estaticos-cdn.prensaiberica.es\/clip\/1ac8024a-6d01-4f03-aacf-9a0c0e001b4b_16-9-discover-aspect-ratio_default_0.webp\" width=\"1200\" height=\"675\" \/><\/a><\/p>\n<p>El golpe de stick definitivu: Xix\u00f3n va allugar la Copa de la Reina d&#8217;h.oquei sobro patinos en 2026. La competici\u00f3n va celebrase nel Palaciu de los Deportes de La Gu\u00eda nunes feches ent\u00e1 por concretar tres l&#8217;alcuerdu alcanz\u00e1u ente Patronatu Deportivu Municipal y Real Federaci\u00f3n Espa\u00f1ola de Patinaxe | \u00abVamos Tar al altor por que s\u00eda tou un \u00e9situ\u00bb, reivindica Jorge Pa\u00f1eda. <a href=\"https:\/\/www.lne.es\/gijon\/2025\/07\/30\/golpe-stick-definitivo-gijon-albergara-120204002.html?fbclid=IwY2xjawL5_sJleHRuA2FlbQIxMQABHnPVpZbGNOsFqF_TF8hQde3EzsHtO_WHE3A2sLM2lL5jSo8Z4ETiDhnFyHYi_aem_V3wDPVY4P4KSzLA3AeWvKg\">LNE<\/a><\/p>\n<p><!--more--><\/p>\n<p>Un \u00faltimu golpe de stick que da los sos frutos. La Copa de la Reina d&#8217;h.oquei sobro patinos de 2026, finalmente, va celebrase en Xix\u00f3n. Tres les tiranteces de los \u00faltimos d\u00edes, Patronatu Deportivu Municipal y <strong>Real Federaci\u00f3n Espa\u00f1ola de Patinaxe (RFEP)<\/strong> algamaron un alcuerdu por que la ciud\u00e1 acueya l&#8217;a\u00f1u que vien la cita m\u00e1s importante del h.oquei sobro patinos femen\u00edn a nivel nacional. Va Ser nel Palaciu de los Deportes de La Gu\u00eda, con capacid\u00e1 pa 5.000 espectadores, nunes feches que se van comunicar llueu, \u00abuna vegada queden cerraos los detalles lox\u00edsticos y de calendariu\u00bb.<\/p>\n<p>\u00abDambes partes supieron reconducir la situaci\u00f3n y trabayaron de forma conxunta pa garantizar qu&#8217;esta emblem\u00e1tica competici\u00f3n celebrase en Xix\u00f3n, ciud\u00e1 con una amplia tradici\u00f3n y fuerte vinculaci\u00f3n col h.oquei sobro patinos, y n&#8217;especial col equipu Telecable Xix\u00f3n\u00bb.<\/p>\n<p>\u00abYe un honor llograr qu&#8217;esta competici\u00f3n apueste pola nuesa ciud\u00e1 y toi convenc\u00edu de que&#8217;l Patronatu va tar al altor por que s\u00eda tou un \u00e9situ\u00bb, afirm\u00f3 Jorge Pa\u00f1eda, conceyal de Deportes y presidente del Patronatu Deportivu Municipal, organismu pal que yera xuna \u00abpriorid\u00e1\u00bb que les feches de la Copa de la Reina nun coincidieren cola temporada de los equipos que compiten nel Palaciu de los Deportes.<\/p>\n","protected":false},"excerpt":{"rendered":"<p>El golpe de stick definitivu: Xix\u00f3n va allugar la Copa de la Reina d&#8217;h.oquei sobro patinos en 2026. La competici\u00f3n va celebrase nel Palaciu de los Deportes de La Gu\u00eda nunes feches ent\u00e1 por concretar tres l&#8217;alcuerdu alcanz\u00e1u ente Patronatu Deportivu Municipal y Real Federaci\u00f3n Espa\u00f1ola de Patinaxe | \u00abVamos Tar al altor por que [&hellip;]<\/p>\n","protected":false},"author":117,"featured_media":0,"comment_status":"closed","ping_status":"open","sticky":false,"template":"","format":"standard","meta":{"footnotes":""},"categories":[133],"tags":[],"class_list":["post-54668","post","type-post","status-publish","format-standard","hentry","category-deportes"],"_links":{"self":[{"href":"https:\/\/edublog.educastur.es\/ixuxu\/wp-json\/wp\/v2\/posts\/54668","targetHints":{"allow":["GET"]}}],"collection":[{"href":"https:\/\/edublog.educastur.es\/ixuxu\/wp-json\/wp\/v2\/posts"}],"about":[{"href":"https:\/\/edublog.educastur.es\/ixuxu\/wp-json\/wp\/v2\/types\/post"}],"author":[{"embeddable":true,"href":"https:\/\/edublog.educastur.es\/ixuxu\/wp-json\/wp\/v2\/users\/117"}],"replies":[{"embeddable":true,"href":"https:\/\/edublog.educastur.es\/ixuxu\/wp-json\/wp\/v2\/comments?post=54668"}],"version-history":[{"count":3,"href":"https:\/\/edublog.educastur.es\/ixuxu\/wp-json\/wp\/v2\/posts\/54668\/revisions"}],"predecessor-version":[{"id":54671,"href":"https:\/\/edublog.educastur.es\/ixuxu\/wp-json\/wp\/v2\/posts\/54668\/revisions\/54671"}],"wp:attachment":[{"href":"https:\/\/edublog.educastur.es\/ixuxu\/wp-json\/wp\/v2\/media?parent=54668"}],"wp:term":[{"taxonomy":"category","embeddable":true,"href":"https:\/\/edublog.educastur.es\/ixuxu\/wp-json\/wp\/v2\/categories?post=54668"},{"taxonomy":"post_tag","embeddable":true,"href":"https:\/\/edublog.educastur.es\/ixuxu\/wp-json\/wp\/v2\/tags?post=54668"}],"curies":[{"name":"wp","href":"https:\/\/api.w.org\/{rel}","templated":true}]}}