{"id":54672,"date":"2025-08-01T11:16:17","date_gmt":"2025-08-01T09:16:17","guid":{"rendered":"https:\/\/edublog.educastur.es\/ixuxu\/?p=54672"},"modified":"2025-08-01T22:20:18","modified_gmt":"2025-08-01T20:20:18","slug":"carabeles-portugueses-en-salinas","status":"publish","type":"post","link":"https:\/\/edublog.educastur.es\/ixuxu\/2025\/08\/carabeles-portugueses-en-salinas\/","title":{"rendered":"Carabeles portugueses en Salinas"},"content":{"rendered":"<p>Topen un exemplar na vera, al altor de la escalera 8 del arenal castrillonense. \u00abAngua\u00f1o&#8217;l n\u00famberu d&#8217;exemplares avistaos ta siendo residual\u00bb, afirma Nacho Fl\u00f3rez, coordinador del serviciu de Salvamentu en Castrill\u00f3n.<\/p>\n<p style=\"text-align: center\"><a href=\"https:\/\/estaticos-cdn.prensaiberica.es\/clip\/71630d9e-dee8-4440-bcb0-ea6747dd2dfe_16-9-discover-aspect-ratio_default_0.webp\"><img loading=\"lazy\" decoding=\"async\" class=\"aligncenter size-large\" src=\"https:\/\/estaticos-cdn.prensaiberica.es\/clip\/71630d9e-dee8-4440-bcb0-ea6747dd2dfe_16-9-discover-aspect-ratio_default_0.webp\" width=\"1200\" height=\"675\" \/><\/a><\/p>\n<p><!--more--><br \/>\nTopen una carabela portuguesa na sablera de Salinas. Al altor de la escalera 8 del arenal castrillonense foi top\u00e1u g\u00fcei un exemplar d&#8217;estes mal llamaes aguamales. Seg\u00fan fontes del serviciu de Salvamentu, l&#8217;exemplar lleg\u00f3 a la vera y nun caus\u00f3 mancaes a neng\u00fan ba\u00f1ista.<\/p>\n<p>No que va de branu,\u00a0 l&#8217;avistamiento de carabeles portugueses ta siendo pr\u00e1cticamente residual en Salinas, ensin dulda la sablera m\u00e1s allegada de la contorna. \u00abVa dos selmanes llegaron tr\u00e9s o cuatro a la sablera que picaron a un par de persones o tr\u00e9s, pero t\u00e1n siendo bien poques\u00bb, destaca Fl\u00f3rez, coordinador de Salvamentu de Castrill\u00f3n.<\/p>\n<p>L&#8217;a\u00f1u pas\u00e1u, les carabeles portugueses fueron un quebraderu de cabeza en dellos arenales de la rex\u00f3n. Especialmente nel Oriente, onde dellos d\u00edes hubo que cerrar al ba\u00f1o sableres para garantizar la segurid\u00e1 de los ba\u00f1istas.<\/p>\n<p><strong>\u00bfQu\u00e9 son les carabeles portugueses? <\/strong>La carabela portuguesa nun son aguamales, son organismos formaos por tr\u00e9s p\u00f3lipos con numberosos tent\u00e1culos que lu sirven para atrapar a les sos preses y que pueden paralizar a un pexe grande y afectar seriamente a la sal\u00fa de los humanos. La falta de los so depredadores naturales puede contribuyir a la so apaici\u00f3n nes nueses mari\u00f1es.<\/p>\n<p><strong>\u00bfQu\u00e9 faer si te pica una carabela portuguesa? <\/strong>La carabela portuguesa ye una aguamala conocida tami\u00e9n como botella azul o falsa aguamala, que tami\u00e9n puede provocanos un bien mal ratu.<\/p>\n<p>El so nome vien de qu&#8217;el so parte flotante \u201casemeyase a una bolsa azul tresparente rellena de gas d&#8217;unos 30 cent\u00edmetros rematada por una vela de color viol\u00e1ceo na parte dorsal, que lu sirve para movese. La parte somorguiada ta formada por una serie de tent\u00e1culos que pueden algamar los 10-20 metros\u201d, espliquen dende&#8217;l Ministeriu de Sanid\u00e1.<\/p>\n<p>Al igual qu&#8217;otros tipos d&#8217;aguamales, esos tent\u00e1culos espulsen una sustanza t\u00f3xico al entrar en contactu con ellos que provoquen les siguientes molesties:<\/p>\n<ul>\n<li><strong>Dolor agudu y fuerte.<\/strong><\/li>\n<li><strong>Mancadures na zona de contactu<\/strong> como inflamaci\u00f3n, encarnizamientu, ang\u00fce\u00f1es o descamaci\u00f3n. Esti esp\u00e9cime puede llegar a provocar una reacci\u00f3n cutanea en zones que nun entraron en contactu cola carabela portuguesa.<\/li>\n<li>Am\u00e1s, y de forma escepcional,<strong> puede llegar producir \u201cuna afecci\u00f3n xeneralizada<\/strong>, causando problemes respiratorios, cardiacos, neurol\u00f3xicos o gastrointestinales, tales como vultures, fiebre, estomagaes y ansied\u00e1 que xeneralmente pasen n&#8217;unos d\u00edes.<\/li>\n<li>En casu d&#8217;especial sensibilid\u00e1 a la toxina puede causar inclusive la muerte\u201d, alverten los espertos.<\/li>\n<li>Con\u00f3cense casos en que se producieron reacciones graves pasaos los d\u00edes de la picadura (ulceraciones, celulitis, necrosis y cangrena).<\/li>\n<\/ul>\n<p>Asina, nel casu de que sepamos que la picadura foi producida por una carabela portuguesa:<\/p>\n<ul>\n<li>Dir directamente a un puestu de socorru para ser atend\u00edu.<\/li>\n<li>Aplicar una soluci\u00f3n t\u00f3pica de bicarbonatu de sodiu.<\/li>\n<li>Si la persona esperimenta s\u00edntomes d&#8217;empeoramientu tien d&#8217;allegase a urxencies.<\/li>\n<\/ul>\n","protected":false},"excerpt":{"rendered":"<p>Topen un exemplar na vera, al altor de la escalera 8 del arenal castrillonense. \u00abAngua\u00f1o&#8217;l n\u00famberu d&#8217;exemplares avistaos ta siendo residual\u00bb, afirma Nacho Fl\u00f3rez, coordinador del serviciu de Salvamentu en Castrill\u00f3n.<\/p>\n","protected":false},"author":117,"featured_media":0,"comment_status":"closed","ping_status":"open","sticky":false,"template":"","format":"standard","meta":{"footnotes":""},"categories":[93,48],"tags":[],"class_list":["post-54672","post","type-post","status-publish","format-standard","hentry","category-sableres","category-salu"],"_links":{"self":[{"href":"https:\/\/edublog.educastur.es\/ixuxu\/wp-json\/wp\/v2\/posts\/54672","targetHints":{"allow":["GET"]}}],"collection":[{"href":"https:\/\/edublog.educastur.es\/ixuxu\/wp-json\/wp\/v2\/posts"}],"about":[{"href":"https:\/\/edublog.educastur.es\/ixuxu\/wp-json\/wp\/v2\/types\/post"}],"author":[{"embeddable":true,"href":"https:\/\/edublog.educastur.es\/ixuxu\/wp-json\/wp\/v2\/users\/117"}],"replies":[{"embeddable":true,"href":"https:\/\/edublog.educastur.es\/ixuxu\/wp-json\/wp\/v2\/comments?post=54672"}],"version-history":[{"count":1,"href":"https:\/\/edublog.educastur.es\/ixuxu\/wp-json\/wp\/v2\/posts\/54672\/revisions"}],"predecessor-version":[{"id":54673,"href":"https:\/\/edublog.educastur.es\/ixuxu\/wp-json\/wp\/v2\/posts\/54672\/revisions\/54673"}],"wp:attachment":[{"href":"https:\/\/edublog.educastur.es\/ixuxu\/wp-json\/wp\/v2\/media?parent=54672"}],"wp:term":[{"taxonomy":"category","embeddable":true,"href":"https:\/\/edublog.educastur.es\/ixuxu\/wp-json\/wp\/v2\/categories?post=54672"},{"taxonomy":"post_tag","embeddable":true,"href":"https:\/\/edublog.educastur.es\/ixuxu\/wp-json\/wp\/v2\/tags?post=54672"}],"curies":[{"name":"wp","href":"https:\/\/api.w.org\/{rel}","templated":true}]}}