{"id":54694,"date":"2025-08-01T18:10:03","date_gmt":"2025-08-01T16:10:03","guid":{"rendered":"https:\/\/edublog.educastur.es\/ixuxu\/?p=54694"},"modified":"2025-08-01T22:49:47","modified_gmt":"2025-08-01T20:49:47","slug":"inauguracion-de-la-fidma-2025-en-xixon","status":"publish","type":"post","link":"https:\/\/edublog.educastur.es\/ixuxu\/2025\/08\/inauguracion-de-la-fidma-2025-en-xixon\/","title":{"rendered":"Inauguraci\u00f3n de la FIDMA 2025 en Xix\u00f3n"},"content":{"rendered":"<p style=\"text-align: center\"><a href=\"https:\/\/actualidad.asturias.es\/documents\/537115\/2718679\/2025_08_01+Presidente+inauguracion+Fidma+7.jpg\/e44049a5-278c-d9fd-dd7c-6df99a170fd4?t=1754068529336\"><img loading=\"lazy\" decoding=\"async\" class=\"aligncenter \" src=\"https:\/\/actualidad.asturias.es\/documents\/537115\/2718679\/2025_08_01+Presidente+inauguracion+Fidma+7.jpg\/e44049a5-278c-d9fd-dd7c-6df99a170fd4?t=1754068529336\" width=\"835\" height=\"879\" \/><\/a><\/p>\n<p>Barb\u00f3n inaugura la <strong>68\u00aa edici\u00f3n de la Feria Internacional d&#8217;Amueses d&#8217;Asturies<\/strong> con un llamamientu al alcuerdu pol resurdir industrial de la comunid\u00e1. El presidente sorraya la garant\u00eda de suministru el\u00e9ctricu como \u201cla llave de cam\u00edn para la reindustrializaci\u00f3n d&#8217;Asturies\u201d y reclama unid\u00e1 institucional para consolidar la crecedera econ\u00f3mica del Princip\u00e1u. <a href=\"https:\/\/actualidad.asturias.es\/-\/barb\u00f3n-inaugura-la-68\u00aa-edici\u00f3n-de-la-feria-internacional-de-muestras-de-asturias-con-un-llamamiento-al-acuerdo-por-el-resurgir-industrial-de-la-comunidad?redirect=%2F\">Actualid\u00e1 Asturies<\/a><\/p>\n<p><!--more--><\/p>\n<p>Na so intervenci\u00f3n, sorray\u00f3 la necesid\u00e1 de garantizar el suministru enerx\u00e9ticu como \u201cllave de cam\u00edn para la reindustrializaci\u00f3n d&#8217;Asturies\u201d, de la qu&#8217;aportun\u00f3 na importancia estrat\u00e9xica del an\u00edu central de la rede el\u00e9ctrica para asegurar el desenvolvimientu de proyectos empresariales en zones clave como El Musel.<\/p>\n<p>\u201cEl suministru el\u00e9ctricu resulta b\u00e1sicu para Arcelor, para Asturiana de Cinc, para la industria y\u00e1 instalada, pero tami\u00e9n para la que deseya asitiase nel Princip\u00e1u\u201d, afirm\u00f3&#8217;l xefe del Executivu, quien se\u00f1al\u00f3 que la comunid\u00e1 ta \u00abcargada de bones razones\u00bb para amosase esixente nesta materia. Nesti sent\u00edu, llament\u00f3 \u201cla irresponsabilid\u00e1 de quien refugaron les mid\u00edes previstes nel decretu llei antiapagones\u201d, que van suponer un perxuiciu econ\u00f3micu para les grandes empreses asturianes.<\/p>\n<p>Mientres el so discursu, Barb\u00f3n realiz\u00f3 un balance de los sos seis a\u00f1os de gobiernu nel que valor\u00f3 tr\u00e9s indicadores clave: la meyora del merc\u00e1u llaboral, la meyora nes comunicaciones y l&#8217;impulsu econ\u00f3micu deriv\u00e1u de l&#8217;atracci\u00f3n d&#8217;inversiones. \u201cEl gran fechu d&#8217;esti per\u00edodu ye&#8217;l tresformamientu d&#8217;Asturies\u201d, se\u00f1al\u00f3, para recordar que <strong>\u201cla \u00faltima entrega de la Encuesta de Poblaci\u00f3n Activa asitia al Princip\u00e1u a la cabeza de la creaci\u00f3n d&#8217;empl\u00e9u\u201d.<\/strong><\/p>\n<p>Nel \u00e1mbitu de les infraestructures, reclam\u00f3&#8217;l cumplimientu \u00edntegru del plan de cercan\u00edes ferroviaries y l&#8217;aceleraci\u00f3n del Corredor Atl\u00e1nticu, seg\u00fan la execuci\u00f3n del plan de v\u00edes de Xix\u00f3n. <strong>\u201cL&#8217;Asturies de g\u00fcei, que ye l&#8217;Asturies hiperconect\u00e1, rique que se cumplan los compromisos adquir\u00edos\u201d<\/strong>, indic\u00f3.<\/p>\n<p>El presidente tami\u00e9n espres\u00f3 la so esmolici\u00f3n pol retayu previstu nel presupuestu de la<strong> Pol\u00edtica Agraria Com\u00fan (PAC)<\/strong> para&#8217;l periodu 2028\u20132034, y encament\u00f3 a la Comisi\u00f3n Europea a \u201centainar l&#8217;aplicaci\u00f3n de les mid\u00edes de protecci\u00f3n de la industria comu\u00f1al y, cuantim\u00e1s, de la siderurxa\u201d. Sobre esti asuntu, reclam\u00f3 xuna \u201creacci\u00f3n r\u00e1pida y en\u00e9rxica\u201d \u00e9nte&#8217;l caltenimientu de los aranceles estadounidenses sobre l&#8217;aceru y l&#8217;aluminiu.<\/p>\n<p>&nbsp;<\/p>\n<p style=\"text-align: center\"><a href=\"https:\/\/actualidad.asturias.es\/documents\/537115\/2718679\/2025_08_01+Presidente+inauguracion+Fidma+3.jpg\/dbbd7710-46fb-7dc9-2cfd-0d9bfb6b2ac9?t=1754066882388\"><img loading=\"lazy\" decoding=\"async\" class=\"aligncenter \" src=\"https:\/\/actualidad.asturias.es\/documents\/537115\/2718679\/2025_08_01+Presidente+inauguracion+Fidma+3.jpg\/dbbd7710-46fb-7dc9-2cfd-0d9bfb6b2ac9?t=1754066882388\" width=\"825\" height=\"605\" \/><\/a><\/p>\n<p>Barb\u00f3n concluy\u00f3 la so intervenci\u00f3n con un llamamientu a la unid\u00e1 institucional y social: \u201cG\u00fcei, nel estrenu del nuevu sieglu de la Feria d&#8217;Amueses, ll\u00e1mo-yos a un alcuerdu pol resurdir d&#8217;Asturies\u201d. Estim\u00f3&#8217;l trabayu de los organizadores del certame, qu&#8217;angua\u00f1o axunta a 720 espositores y barganal de 2.200 marques, y destac\u00f3 el calter especial d&#8217;esta edici\u00f3n, la primera que se celebra tres la reconocencia de la cultura sidrera asturiana como patrimoniu cultural inmaterial de la Humanid\u00e1 per parte de la Unesco.<\/p>\n<p>\u201cEsta feria ta de restallu\u201d, afirm\u00f3&#8217;l presidente, de la que convid\u00f3 al p\u00fablicu a visitar l&#8217;estand institucional del Princip\u00e1u, dedic\u00e1u a la cultura sidrera como se\u00f1a d&#8217;identid\u00e1 d&#8217;Asturies.<\/p>\n<p style=\"text-align: center\"><a href=\"https:\/\/actualidad.asturias.es\/documents\/537115\/2718679\/2025_08_01+Presidente+inauguracion+Fidma+1.jpg\/b6d2dd75-3958-471a-b039-6427ff3ceda5?t=1754066882156\"><img loading=\"lazy\" decoding=\"async\" class=\"aligncenter size-large\" src=\"https:\/\/actualidad.asturias.es\/documents\/537115\/2718679\/2025_08_01+Presidente+inauguracion+Fidma+1.jpg\/b6d2dd75-3958-471a-b039-6427ff3ceda5?t=1754066882156\" width=\"1920\" height=\"1106\" \/><\/a><\/p>\n<p>&nbsp;<\/p>\n","protected":false},"excerpt":{"rendered":"<p>Barb\u00f3n inaugura la 68\u00aa edici\u00f3n de la Feria Internacional d&#8217;Amueses d&#8217;Asturies con un llamamientu al alcuerdu pol resurdir industrial de la comunid\u00e1. El presidente sorraya la garant\u00eda de suministru el\u00e9ctricu como \u201cla llave de cam\u00edn para la reindustrializaci\u00f3n d&#8217;Asturies\u201d y reclama unid\u00e1 institucional para consolidar la crecedera econ\u00f3mica del Princip\u00e1u. Actualid\u00e1 Asturies<\/p>\n","protected":false},"author":117,"featured_media":0,"comment_status":"closed","ping_status":"open","sticky":false,"template":"","format":"standard","meta":{"footnotes":""},"categories":[209],"tags":[],"class_list":["post-54694","post","type-post","status-publish","format-standard","hentry","category-fidma-xixon"],"_links":{"self":[{"href":"https:\/\/edublog.educastur.es\/ixuxu\/wp-json\/wp\/v2\/posts\/54694","targetHints":{"allow":["GET"]}}],"collection":[{"href":"https:\/\/edublog.educastur.es\/ixuxu\/wp-json\/wp\/v2\/posts"}],"about":[{"href":"https:\/\/edublog.educastur.es\/ixuxu\/wp-json\/wp\/v2\/types\/post"}],"author":[{"embeddable":true,"href":"https:\/\/edublog.educastur.es\/ixuxu\/wp-json\/wp\/v2\/users\/117"}],"replies":[{"embeddable":true,"href":"https:\/\/edublog.educastur.es\/ixuxu\/wp-json\/wp\/v2\/comments?post=54694"}],"version-history":[{"count":2,"href":"https:\/\/edublog.educastur.es\/ixuxu\/wp-json\/wp\/v2\/posts\/54694\/revisions"}],"predecessor-version":[{"id":54696,"href":"https:\/\/edublog.educastur.es\/ixuxu\/wp-json\/wp\/v2\/posts\/54694\/revisions\/54696"}],"wp:attachment":[{"href":"https:\/\/edublog.educastur.es\/ixuxu\/wp-json\/wp\/v2\/media?parent=54694"}],"wp:term":[{"taxonomy":"category","embeddable":true,"href":"https:\/\/edublog.educastur.es\/ixuxu\/wp-json\/wp\/v2\/categories?post=54694"},{"taxonomy":"post_tag","embeddable":true,"href":"https:\/\/edublog.educastur.es\/ixuxu\/wp-json\/wp\/v2\/tags?post=54694"}],"curies":[{"name":"wp","href":"https:\/\/api.w.org\/{rel}","templated":true}]}}