{"id":54701,"date":"2025-08-02T08:30:32","date_gmt":"2025-08-02T06:30:32","guid":{"rendered":"https:\/\/edublog.educastur.es\/ixuxu\/?p=54701"},"modified":"2025-08-02T11:32:22","modified_gmt":"2025-08-02T09:32:22","slug":"el-tiempu-el-comercio-106","status":"publish","type":"post","link":"https:\/\/edublog.educastur.es\/ixuxu\/2025\/08\/el-tiempu-el-comercio-106\/","title":{"rendered":"El tiempu (El Comercio)"},"content":{"rendered":"<p style=\"text-align: center\"><a href=\"https:\/\/s2.ppllstatics.com\/elcomercio\/www\/multimedia\/2025\/08\/01\/prevision-tiempo-asturias-kOgE-U2301948938566Ca-1200x860@El%20Comercio.jpg\"><img loading=\"lazy\" decoding=\"async\" class=\"aligncenter size-large\" src=\"https:\/\/s2.ppllstatics.com\/elcomercio\/www\/multimedia\/2025\/08\/01\/prevision-tiempo-asturias-kOgE-U2301948938566Ca-1200x860@El%20Comercio.jpg\" width=\"1200\" height=\"860\" \/><\/a><\/p>\n<p><strong>Vamos amanecer<\/strong> con cierta nubosid\u00e1 anque con m\u00e1s claros escontra&#8217;l sur del Princip\u00e1u. <strong>Mientres les hores centrales del d\u00eda<\/strong> les nubes van dir a menos hasta quedar los cielos pr\u00e1cticamente estenaos en tola rex\u00f3n. Comoquier, <strong>a la fin de la tarde<\/strong> ye posible qu&#8217;apaezan nuevamente dellos intervalos nublos. La probabilid\u00e1 de precipitaciones va ser bien baxa anque, s\u00eda que non, nun se refuguen dellos orbayos poco importantes na mari\u00f1a pela ma\u00f1ana. <strong>Los vientos<\/strong> van predominar de nordeste con raches moderaes na mari\u00f1a y fluexes nel restu. Tocantes a <strong>les temperatures<\/strong>, apenes s&#8217;esperen variaciones respecto al vienres. <strong>Les m\u00e1ximes<\/strong> van ser bien similares y les m\u00ednimes, s\u00eda que non, van xubir llixeramente nel interior central.<\/p>\n<p><!--more--><\/p>\n<p><strong>El domingu<\/strong> vamos concluyir la selmana con una xornada soleyera na que les temperatures diurnes van xubir nel terciu oeste y nel cordal, calteni\u00e9ndose ensin cambeos nel restu. Los vientos volver\u00e1n soplar de nordeste.<\/p>\n<p><strong>Para la pr\u00f3xima selmana<\/strong> prevense unos d\u00edes de calor que podr\u00eden llegar a algamar los 35 \u00baC nes zones m\u00e1s templaes del interior asturianu.<\/p>\n","protected":false},"excerpt":{"rendered":"<p>Vamos amanecer con cierta nubosid\u00e1 anque con m\u00e1s claros escontra&#8217;l sur del Princip\u00e1u. Mientres les hores centrales del d\u00eda les nubes van dir a menos hasta quedar los cielos pr\u00e1cticamente estenaos en tola rex\u00f3n. Comoquier, a la fin de la tarde ye posible qu&#8217;apaezan nuevamente dellos intervalos nublos. La probabilid\u00e1 de precipitaciones va ser bien [&hellip;]<\/p>\n","protected":false},"author":117,"featured_media":0,"comment_status":"closed","ping_status":"open","sticky":false,"template":"","format":"standard","meta":{"footnotes":""},"categories":[5],"tags":[],"class_list":["post-54701","post","type-post","status-publish","format-standard","hentry","category-tiempu"],"_links":{"self":[{"href":"https:\/\/edublog.educastur.es\/ixuxu\/wp-json\/wp\/v2\/posts\/54701","targetHints":{"allow":["GET"]}}],"collection":[{"href":"https:\/\/edublog.educastur.es\/ixuxu\/wp-json\/wp\/v2\/posts"}],"about":[{"href":"https:\/\/edublog.educastur.es\/ixuxu\/wp-json\/wp\/v2\/types\/post"}],"author":[{"embeddable":true,"href":"https:\/\/edublog.educastur.es\/ixuxu\/wp-json\/wp\/v2\/users\/117"}],"replies":[{"embeddable":true,"href":"https:\/\/edublog.educastur.es\/ixuxu\/wp-json\/wp\/v2\/comments?post=54701"}],"version-history":[{"count":1,"href":"https:\/\/edublog.educastur.es\/ixuxu\/wp-json\/wp\/v2\/posts\/54701\/revisions"}],"predecessor-version":[{"id":54702,"href":"https:\/\/edublog.educastur.es\/ixuxu\/wp-json\/wp\/v2\/posts\/54701\/revisions\/54702"}],"wp:attachment":[{"href":"https:\/\/edublog.educastur.es\/ixuxu\/wp-json\/wp\/v2\/media?parent=54701"}],"wp:term":[{"taxonomy":"category","embeddable":true,"href":"https:\/\/edublog.educastur.es\/ixuxu\/wp-json\/wp\/v2\/categories?post=54701"},{"taxonomy":"post_tag","embeddable":true,"href":"https:\/\/edublog.educastur.es\/ixuxu\/wp-json\/wp\/v2\/tags?post=54701"}],"curies":[{"name":"wp","href":"https:\/\/api.w.org\/{rel}","templated":true}]}}