{"id":54703,"date":"2025-08-01T17:33:00","date_gmt":"2025-08-01T15:33:00","guid":{"rendered":"https:\/\/edublog.educastur.es\/ixuxu\/?p=54703"},"modified":"2025-08-02T11:35:10","modified_gmt":"2025-08-02T09:35:10","slug":"festival-de-la-sardina-de-candas","status":"publish","type":"post","link":"https:\/\/edublog.educastur.es\/ixuxu\/2025\/08\/festival-de-la-sardina-de-candas\/","title":{"rendered":"Festival de la Sardina de Cand\u00e1s"},"content":{"rendered":"<p>Agostu empieza con una cita y\u00e1 imprescindible nel branu asturianu: el Festival de la Sardina de Cand\u00e1s. El vienres d\u00eda 1, a partir de les 17 hores, el pas\u00e9u de San Antonio va enllenase de miles de persones dispuestes a esfrutar d&#8217;esti manxar del Cant\u00e1bricu. El festival, qu&#8217;algama la so edici\u00f3n n\u00famberu 54, enm\u00e1rcase nes fiestes de San F\u00e9lix, que van animar la villa candasina hasta&#8217;l domingu, 3 d&#8217;agostu, y que&#8217;l so programa incl\u00fai propuestes tan destacaes y consolidaes como&#8217;l Festival Internacional de Charangues.<a href=\"https:\/\/www.elcomercio.es\/gastronomia\/agenda\/donde-comer-asturias-gastronomia-agenda-planes-fin-semana-20250730130056-nt.html\"> El Comercio<\/a><\/p>\n<p style=\"text-align: center\"><a href=\"https:\/\/s3.ppllstatics.com\/elcomercio\/www\/multimedia\/2025\/07\/30\/festival-sardina-candas-kUnF-U2302518939879TfE-1200x840@El%20Comercio.jpg\"><img loading=\"lazy\" decoding=\"async\" class=\"aligncenter size-large\" src=\"https:\/\/s3.ppllstatics.com\/elcomercio\/www\/multimedia\/2025\/07\/30\/festival-sardina-candas-kUnF-U2302518939879TfE-1200x840@El%20Comercio.jpg\" width=\"1200\" height=\"840\" \/><\/a><\/p>\n<p>&nbsp;<\/p>\n","protected":false},"excerpt":{"rendered":"<p>Agostu empieza con una cita y\u00e1 imprescindible nel branu asturianu: el Festival de la Sardina de Cand\u00e1s. El vienres d\u00eda 1, a partir de les 17 hores, el pas\u00e9u de San Antonio va enllenase de miles de persones dispuestes a esfrutar d&#8217;esti manxar del Cant\u00e1bricu. El festival, qu&#8217;algama la so edici\u00f3n n\u00famberu 54, enm\u00e1rcase nes [&hellip;]<\/p>\n","protected":false},"author":117,"featured_media":0,"comment_status":"closed","ping_status":"open","sticky":false,"template":"","format":"standard","meta":{"footnotes":""},"categories":[175],"tags":[],"class_list":["post-54703","post","type-post","status-publish","format-standard","hentry","category-festival-gastronomicu"],"_links":{"self":[{"href":"https:\/\/edublog.educastur.es\/ixuxu\/wp-json\/wp\/v2\/posts\/54703","targetHints":{"allow":["GET"]}}],"collection":[{"href":"https:\/\/edublog.educastur.es\/ixuxu\/wp-json\/wp\/v2\/posts"}],"about":[{"href":"https:\/\/edublog.educastur.es\/ixuxu\/wp-json\/wp\/v2\/types\/post"}],"author":[{"embeddable":true,"href":"https:\/\/edublog.educastur.es\/ixuxu\/wp-json\/wp\/v2\/users\/117"}],"replies":[{"embeddable":true,"href":"https:\/\/edublog.educastur.es\/ixuxu\/wp-json\/wp\/v2\/comments?post=54703"}],"version-history":[{"count":1,"href":"https:\/\/edublog.educastur.es\/ixuxu\/wp-json\/wp\/v2\/posts\/54703\/revisions"}],"predecessor-version":[{"id":54704,"href":"https:\/\/edublog.educastur.es\/ixuxu\/wp-json\/wp\/v2\/posts\/54703\/revisions\/54704"}],"wp:attachment":[{"href":"https:\/\/edublog.educastur.es\/ixuxu\/wp-json\/wp\/v2\/media?parent=54703"}],"wp:term":[{"taxonomy":"category","embeddable":true,"href":"https:\/\/edublog.educastur.es\/ixuxu\/wp-json\/wp\/v2\/categories?post=54703"},{"taxonomy":"post_tag","embeddable":true,"href":"https:\/\/edublog.educastur.es\/ixuxu\/wp-json\/wp\/v2\/tags?post=54703"}],"curies":[{"name":"wp","href":"https:\/\/api.w.org\/{rel}","templated":true}]}}