{"id":54705,"date":"2025-08-02T11:36:52","date_gmt":"2025-08-02T09:36:52","guid":{"rendered":"https:\/\/edublog.educastur.es\/ixuxu\/?p=54705"},"modified":"2025-08-02T11:38:48","modified_gmt":"2025-08-02T09:38:48","slug":"la-escanda-una-cebera-milenaria-que-se-collecha-en-plenu-branu","status":"publish","type":"post","link":"https:\/\/edublog.educastur.es\/ixuxu\/2025\/08\/la-escanda-una-cebera-milenaria-que-se-collecha-en-plenu-branu\/","title":{"rendered":"La escanda, una cebera milenaria que se collecha en plenu branu"},"content":{"rendered":"<p>La escanda, una cebera milenaria que se collecha en plenu branu. El trabayu de <a href=\"https:\/\/www.escanda.es\/es\"><span style=\"color: #008080\"><strong>Speltastur<\/strong><\/span><\/a> conc\u00e9ntrase agora tantu nel campu como nes instalaciones de L.lena onde saquen el granu y mu\u00e9lese para consiguir la farina.<a href=\"https:\/\/www.elcomercio.es\/gastronomia\/escanda-cereal-milenario-cosecha-pleno-verano-20250802221835-nt.html\"> El Comercio<\/a><\/p>\n<p style=\"text-align: center\"><a href=\"https:\/\/s1.ppllstatics.com\/elcomercio\/www\/multimedia\/2025\/08\/01\/107315173-kFlH-U2302539908766aHG-1200x840@El%20Comercio.jpg\"><img loading=\"lazy\" decoding=\"async\" class=\"aligncenter size-large\" src=\"https:\/\/s1.ppllstatics.com\/elcomercio\/www\/multimedia\/2025\/08\/01\/107315173-kFlH-U2302539908766aHG-1200x840@El%20Comercio.jpg\" width=\"1182\" height=\"840\" \/><\/a><\/p>\n<p>La escanda lleva milenios apurriendo reflexos brillantes al paisaxe asturiano porque difier del trigu, que prefier un clima templao y seco para la maduraci\u00f3n. Esta resistente cebera que fora de la rex\u00f3n conocen como espelta<strong> collechase en d\u00edes soleyeros de xunetu y agostu<\/strong>, cuando la tierra ta bien seca, polo que quien lo trabayen enf\u00f3tense estos d\u00edes nel campu en xornaes intenses y siempres condicionaes pola meteorolox\u00eda.<\/p>\n<p><!--more--><a href=\"https:\/\/s2.ppllstatics.com\/elcomercio\/www\/multimedia\/2025\/08\/01\/escanda1.jpg\"><img loading=\"lazy\" decoding=\"async\" class=\"aligncenter size-large\" src=\"https:\/\/s2.ppllstatics.com\/elcomercio\/www\/multimedia\/2025\/08\/01\/escanda1.jpg\" width=\"1920\" height=\"1503\" \/><\/a><\/p>\n<p>&nbsp;<\/p>\n","protected":false},"excerpt":{"rendered":"<p>La escanda, una cebera milenaria que se collecha en plenu branu. El trabayu de Speltastur conc\u00e9ntrase agora tantu nel campu como nes instalaciones de L.lena onde saquen el granu y mu\u00e9lese para consiguir la farina. El Comercio La escanda lleva milenios apurriendo reflexos brillantes al paisaxe asturiano porque difier del trigu, que prefier un clima [&hellip;]<\/p>\n","protected":false},"author":117,"featured_media":0,"comment_status":"closed","ping_status":"open","sticky":false,"template":"","format":"standard","meta":{"footnotes":""},"categories":[138],"tags":[],"class_list":["post-54705","post","type-post","status-publish","format-standard","hentry","category-alimentos"],"_links":{"self":[{"href":"https:\/\/edublog.educastur.es\/ixuxu\/wp-json\/wp\/v2\/posts\/54705","targetHints":{"allow":["GET"]}}],"collection":[{"href":"https:\/\/edublog.educastur.es\/ixuxu\/wp-json\/wp\/v2\/posts"}],"about":[{"href":"https:\/\/edublog.educastur.es\/ixuxu\/wp-json\/wp\/v2\/types\/post"}],"author":[{"embeddable":true,"href":"https:\/\/edublog.educastur.es\/ixuxu\/wp-json\/wp\/v2\/users\/117"}],"replies":[{"embeddable":true,"href":"https:\/\/edublog.educastur.es\/ixuxu\/wp-json\/wp\/v2\/comments?post=54705"}],"version-history":[{"count":2,"href":"https:\/\/edublog.educastur.es\/ixuxu\/wp-json\/wp\/v2\/posts\/54705\/revisions"}],"predecessor-version":[{"id":54707,"href":"https:\/\/edublog.educastur.es\/ixuxu\/wp-json\/wp\/v2\/posts\/54705\/revisions\/54707"}],"wp:attachment":[{"href":"https:\/\/edublog.educastur.es\/ixuxu\/wp-json\/wp\/v2\/media?parent=54705"}],"wp:term":[{"taxonomy":"category","embeddable":true,"href":"https:\/\/edublog.educastur.es\/ixuxu\/wp-json\/wp\/v2\/categories?post=54705"},{"taxonomy":"post_tag","embeddable":true,"href":"https:\/\/edublog.educastur.es\/ixuxu\/wp-json\/wp\/v2\/tags?post=54705"}],"curies":[{"name":"wp","href":"https:\/\/api.w.org\/{rel}","templated":true}]}}