{"id":54723,"date":"2025-08-02T12:04:18","date_gmt":"2025-08-02T10:04:18","guid":{"rendered":"https:\/\/edublog.educastur.es\/ixuxu\/?p=54723"},"modified":"2025-08-02T12:04:18","modified_gmt":"2025-08-02T10:04:18","slug":"agostu-llega-al-mae-con-espiritu-veraniegu-y-mirada-artesana","status":"publish","type":"post","link":"https:\/\/edublog.educastur.es\/ixuxu\/2025\/08\/agostu-llega-al-mae-con-espiritu-veraniegu-y-mirada-artesana\/","title":{"rendered":"Agostu llega al MAE con esp\u00edritu veraniegu y mirada artesana."},"content":{"rendered":"<p style=\"text-align: center\"><img loading=\"lazy\" decoding=\"async\" class=\"x5yr21d xu96u03 x10l6tqk x13vifvy x87ps6o xh8yej3 aligncenter\" src=\"https:\/\/scontent-bcn1-1.cdninstagram.com\/v\/t39.30808-6\/525937852_1314869823980149_6621327911453601947_n.jpg?stp=dst-jpg_e35_tt6&amp;efg=eyJ2ZW5jb2RlX3RhZyI6IkZFRUQuaW1hZ2VfdXJsZ2VuLjk3MngxMjE2LnNkci5mMzA4MDguZGVmYXVsdF9pbWFnZS5jMiJ9&amp;_nc_ht=scontent-bcn1-1.cdninstagram.com&amp;_nc_cat=101&amp;_nc_oc=Q6cZ2QEC9fvpimgwuMCwWfv9464HkHRoYcEqwUgOCJXjmoOYNbuhKxNI8FkRnYKhYNWPwMn3QjvYv70j5eB1CoxrVT_g&amp;_nc_ohc=rSAxT9_PfU8Q7kNvwH9O_ng&amp;_nc_gid=bXjkpuEZ1vYJArJDRUgWsg&amp;edm=APs17CUAAAAA&amp;ccb=7-5&amp;ig_cache_key=MzY4OTQ1NjYzMjIxMzE1NjIxMg%3D%3D.3-ccb7-5&amp;oh=00_AfTuvhRsXzW4P8Dv2KWnmZAm5tOrT7BOzavCtHz1uO1i9A&amp;oe=6893AF5F&amp;_nc_sid=10d13b\" alt=\"Photo by Mercado Artesano y Ecologico on August 01, 2025. Puede ser una imagen de p\u00f3ster y texto que dice &quot;MERCADO ARTESANO Y ECOL\u00d3GICO DE GIJ\u00d3N MAE ARTESAN\u00cdA CON SABOR A VERANO 15. 16. 17. agosto Plaza Mayor, Gij\u00f3n VECOLOCICO \u03b3\u03b5\u03b6\u03b1\u03b9\u03cd\u03c3\u03b9\u03c2 Asturias Cij\u00f3n\/Xiv\u00f3n visita Oijon visitagij\u00f3n C CAIA RURAI&quot;.\" width=\"495\" height=\"619\" \/><\/p>\n<div class=\"x6s0dn4 xjd31um x18b5jzi x1lun4ml x78zum5 x1iyjqo2 x1tjbqro\">\n<div class=\"x1lliihq xh8yej3\">\n<div class=\"x1qjc9v5 x972fbf x10w94by x1qhh985 x14e42zd x9f619 x78zum5 xdt5ytf x2lah0s xk390pu xdj266r x14z9mp xat24cr x1lziwak xexx8yu xyri2b x18d9i69 x1c1uobl x1n2onr6 xggy1nq x11njtxf\" role=\"button\" aria-hidden=\"true\">\n<div class=\"x1i10hfl\">\n<div class=\"_aagu\">\n<div class=\"_aagw\"><\/div>\n<\/div>\n<\/div>\n<\/div>\n<\/div>\n<\/div>\n<div class=\"x4h1yfo\">\n<div class=\"xvbhtw8 x78zum5 xdt5ytf x5yr21d x1n2onr6 xh8yej3\">\n<div class=\"x5yr21d xw2csxc x1odjw0f x1n2onr6\">\n<div class=\"x9f619 x78zum5 xdt5ytf x5yr21d xexx8yu xv54qhq x1l90r2v xf7dkkf x10l6tqk xh8yej3\">\n<div class=\"html-div xdj266r x14z9mp xat24cr x1lziwak xyri2b x1c1uobl x9f619 xjbqb8w x78zum5 x15mokao x1ga7v0g x16uus16 xbiv7yw xsag5q8 xz9dl7a x1uhb9sk x1plvlek xryxfnj x1c4vz4f x2lah0s x1q0g3np xqjyukv x1qjc9v5 x1oa3qoh x1nhvcw1\">\n<div class=\"html-div xdj266r x14z9mp xat24cr x1lziwak xexx8yu xyri2b x18d9i69 x1c1uobl x9f619 xjbqb8w x78zum5 x15mokao x1ga7v0g x16uus16 xbiv7yw x1uhb9sk x1plvlek xryxfnj x1iyjqo2 x2lwn1j xeuugli x1q0g3np xqjyukv x1qjc9v5 x1oa3qoh x1nhvcw1\">\n<div class=\"html-div xdj266r x14z9mp xat24cr x1lziwak xexx8yu xyri2b x18d9i69 x1c1uobl x9f619 xjbqb8w x78zum5 x15mokao x1ga7v0g x16uus16 xbiv7yw x1uhb9sk x1plvlek xryxfnj x1iyjqo2 x2lwn1j xeuugli xdt5ytf xqjyukv x1qjc9v5 x1oa3qoh x1nhvcw1\">\n<p><span class=\"x193iq5w xeuugli x13faqbe x1vvkbs xt0psk2 x1i0vuye xvs91rp xo1l8bm x5n08af x10wh9bi xpm28yp x8viiok x1o7cslx x126k92a\"><span class=\"x193iq5w xeuugli x13faqbe x1vvkbs xt0psk2 x1i0vuye xvs91rp xo1l8bm x5n08af x10wh9bi xpm28yp x8viiok x1o7cslx x126k92a\"> <a class=\"x1i10hfl xjbqb8w x1ejq31n x18oe1m7 x1sy0etr xstzfhl x972fbf x10w94by x1qhh985 x14e42zd x9f619 x1ypdohk xt0psk2 xe8uvvx xdj266r x14z9mp xat24cr x1lziwak xexx8yu xyri2b x18d9i69 x1c1uobl x16tdsg8 x1hl2dhg xggy1nq x1a2a7pz  _aa9_ _a6hd\" role=\"link\" href=\"https:\/\/www.instagram.com\/explore\/tags\/makeeublue\/\">#MakeEUBlue<\/a>.\/ Del 15 al 17 d&#8217;agostu \/ De 11 a 15 h y de 17 a 21 h \/ Plaza Mayor \u00b7 Xix\u00f3n<\/p>\n<p><\/span><\/span><\/p>\n<p><strong>Del 15 al 17, la Plaza Mayor de Xix\u00f3n<\/strong> tresformarase nun puntu d&#8217;alcuentru ente tradici\u00f3n y descansu, oficiu y xuegu. El cartelu dizlo tou: una madre\u00f1a convertida en sablera, como met\u00e1fora de lo que somos, raiga\u00f1os que tami\u00e9n saben celebrar.<\/p>\n<p>Esti mes, am\u00e1s, aliamos col mar:<strong> \u201cL&#8217;oc\u00e9anu empieza na to ciud\u00e1\u201d<\/strong> ye xuna activid\u00e1 participativa pa cavilgar, crear y colgar mensaxes nuna gran rede simb\u00f3lica, en collaboraci\u00f3n con Atlantic Cities, Bioparc Acuariu de Xix\u00f3n y la campa\u00f1a europea #MakeEUBlue.<\/p>\n<p>Y el 17 d&#8217;agostu a les 14:00 h\u2026 \u00a1movemos al ritmu de Rodrigo Cueves con un baille colectivu abiertu a tol mundu! Porque esta comunid\u00e1 bailla pola so candidatura a Pueblu Exemplar d&#8217;Asturies 2025.<\/p>\n<p>&nbsp;<\/p>\n<\/div>\n<\/div>\n<\/div>\n<\/div>\n<\/div>\n<\/div>\n<\/div>\n","protected":false},"excerpt":{"rendered":"<p>#MakeEUBlue.\/ Del 15 al 17 d&#8217;agostu \/ De 11 a 15 h y de 17 a 21 h \/ Plaza Mayor \u00b7 Xix\u00f3n Del 15 al 17, la Plaza Mayor de Xix\u00f3n tresformarase nun puntu d&#8217;alcuentru ente tradici\u00f3n y descansu, oficiu y xuegu. El cartelu dizlo tou: una madre\u00f1a convertida en sablera, como met\u00e1fora de [&hellip;]<\/p>\n","protected":false},"author":117,"featured_media":0,"comment_status":"closed","ping_status":"open","sticky":false,"template":"","format":"standard","meta":{"footnotes":""},"categories":[290],"tags":[],"class_list":["post-54723","post","type-post","status-publish","format-standard","hentry","category-mercau"],"_links":{"self":[{"href":"https:\/\/edublog.educastur.es\/ixuxu\/wp-json\/wp\/v2\/posts\/54723","targetHints":{"allow":["GET"]}}],"collection":[{"href":"https:\/\/edublog.educastur.es\/ixuxu\/wp-json\/wp\/v2\/posts"}],"about":[{"href":"https:\/\/edublog.educastur.es\/ixuxu\/wp-json\/wp\/v2\/types\/post"}],"author":[{"embeddable":true,"href":"https:\/\/edublog.educastur.es\/ixuxu\/wp-json\/wp\/v2\/users\/117"}],"replies":[{"embeddable":true,"href":"https:\/\/edublog.educastur.es\/ixuxu\/wp-json\/wp\/v2\/comments?post=54723"}],"version-history":[{"count":1,"href":"https:\/\/edublog.educastur.es\/ixuxu\/wp-json\/wp\/v2\/posts\/54723\/revisions"}],"predecessor-version":[{"id":54725,"href":"https:\/\/edublog.educastur.es\/ixuxu\/wp-json\/wp\/v2\/posts\/54723\/revisions\/54725"}],"wp:attachment":[{"href":"https:\/\/edublog.educastur.es\/ixuxu\/wp-json\/wp\/v2\/media?parent=54723"}],"wp:term":[{"taxonomy":"category","embeddable":true,"href":"https:\/\/edublog.educastur.es\/ixuxu\/wp-json\/wp\/v2\/categories?post=54723"},{"taxonomy":"post_tag","embeddable":true,"href":"https:\/\/edublog.educastur.es\/ixuxu\/wp-json\/wp\/v2\/tags?post=54723"}],"curies":[{"name":"wp","href":"https:\/\/api.w.org\/{rel}","templated":true}]}}