{"id":54745,"date":"2025-08-02T13:07:53","date_gmt":"2025-08-02T11:07:53","guid":{"rendered":"https:\/\/edublog.educastur.es\/ixuxu\/?p=54745"},"modified":"2025-08-02T13:07:53","modified_gmt":"2025-08-02T11:07:53","slug":"el-boom-de-la-lavanda","status":"publish","type":"post","link":"https:\/\/edublog.educastur.es\/ixuxu\/2025\/08\/el-boom-de-la-lavanda\/","title":{"rendered":"El boom de la lavanda"},"content":{"rendered":"<p style=\"text-align: center\"><a href=\"https:\/\/phantom-elmundo.uecdn.es\/7cc6866936207bf75adf479d5ebf069a\/resize\/1820\/f\/webp\/assets\/multimedia\/imagenes\/2025\/07\/24\/17533548053406.jpg\"><img loading=\"lazy\" decoding=\"async\" class=\"aligncenter size-large\" src=\"https:\/\/phantom-elmundo.uecdn.es\/7cc6866936207bf75adf479d5ebf069a\/resize\/1820\/f\/webp\/assets\/multimedia\/imagenes\/2025\/07\/24\/17533548053406.jpg\" width=\"1820\" height=\"1058\" \/><\/a><\/p>\n<p style=\"text-align: center\"><a href=\"https:\/\/www.elmundo.es\/yodona\/vida-saludable\/2025\/08\/02\/6882137be4d4d8630c8b45a1.html\">El Mundo<\/a> \/<\/p>\n<p>El boom de la lavanda: el remediu natural contra&#8217;l estr\u00e9s, la velea y espertar nocherniegos. <strong>Brihuega, la Provenza espa\u00f1ola<\/strong>, escuende&#8217;l secretu para dormir meyor. Visitamos los sos campos violetes de la mano d&#8217;Emilio Valivos, *perfumista hist\u00f3ricu de *Loewe y unu de los principales *impulsores del so desenvolvimientu.<\/p>\n<ul>\n<li><strong>Brihuega (Guadalajara): <a href=\"https:\/\/es.wikipedia.org\/wiki\/Brihuega\">wiki<\/a> \/<a href=\"https:\/\/brihuega.es\"> web Conceyu<\/a> \/<\/strong><\/li>\n<\/ul>\n<p><!--more--><br \/>\nValerie Aucouturier La perfumista que tresforma refugayes n&#8217;aselu y bienestar: \u00abCol aceite de lavanda salen unes galletes perriques o unu fervinchu que relaxa\u00bb Sua\u00f1u \u00bfPor qu\u00e9 nun fuelgo bien si duermo 8 hores? La clave ta na hora a la que te ches<br \/>\nCarla Estivill Cient\u00edfica fitoterapeuta promotora de la calid\u00e1 del sua\u00f1u: \u00abSi dormimos pocu, tenemos una mala xesti\u00f3n de les emociones Llargues fileres arumaes, el runf\u00edu de les abeyes como banda sonora, l&#8217;oral y el sol ba\u00f1ando l&#8217;intensu color violeta propiu de la lavanda&#8230;<\/p>\n<p>&nbsp;<\/p>\n<p><strong>Datos ya intereses en redol a la lavanda: <\/strong>Los campos de lavanda empezaron fai m\u00e1s de 40 a\u00f1os. Angua\u00f1o, cunten con 1.000 hect\u00e1rees de distintes variedaes lavanda y tr\u00e9s tipos de lavandines. La distancia m\u00e1xima de la destiler\u00eda ye 15 km de los campos, pa destilar en cuesti\u00f3n de minutos tres la corte de la flor y prindar tol so golor. Les plantes de lavanda duren unos 12 o 13 a\u00f1os, el primer a\u00f1u ye una pequena espiga que nun da rendimientu, los meyores a\u00f1os son del 4\u00ba al 8\u00ba. Cuando les plantes arr\u00ednquense, esmag\u00e1yense y \u00fasense pa faer compost.<\/p>\n<ul>\n<li>Hai unes 10.000 plantes per hect\u00e1rea de lavanda, nel lavand\u00edn unos 8.500 o 9.000 por Hai.<\/li>\n<li>La lavanda reproduzsr por grana, el lavand\u00edn (h\u00edbridu de lavanda y espliegu com\u00fan) por frada.<\/li>\n<li>Recu\u00e9yense aprosimao 15 hect\u00e1rees per d\u00eda, el contenedor tien 28m3 y recueye 8.000kg. de flor.<\/li>\n<li>El golor y rendimientu de lavanda y lavand\u00edn son bien distintos.<\/li>\n<li>La lavanda acutase pa perfumer\u00eda fina y el lavand\u00edn pa productos como xabones, xeles o xamp\u00faes.<\/li>\n<li>2025 foi un bon a\u00f1u de collecha poles ag\u00fces. La flor recu\u00e9yese cuando&#8217;l p\u00e9talu empieza a cayer y la planta ta ente&#8217;l 40%y el 50%.<\/li>\n<li>Tolos campos t\u00e1n percima de los 1.000 m d&#8217;altor, aprosimao a 1025 m d&#8217;altor.<\/li>\n<li>Los campos de lavanda atraen a les abeyes, fundamentales pal ecosistema, hai m\u00e1s de 100 setos mui cerca del campu de lavand\u00edn que visitamos.<\/li>\n<li>Hai una gran finca de casi 500 hect\u00e1rees xun\u00edes, tr\u00e1tase de la finca m\u00e1s grande dedicada a arumoses de lavanda y lavand\u00edn de toa Europa.<\/li>\n<li>Espa\u00f1a ta nel Top 3 de productores mundiales de lavandas, dempu\u00e9s de Francia y Bulgaria.<\/li>\n<li>Nueses lavandas t\u00e1n certificaes y son 100% ecol\u00f3xiques, ye una priorid\u00e1 que cualquier abonu que s&#8217;utilice nun ataye la flora o la fauna.<\/li>\n<li>Los restos de la lavanda empleganse p&#8217;abonos, entemecer con restos de plantes y ca\u00f1es.<\/li>\n<li>Tami\u00e9n se faen piensos pa ganader\u00eda, al tar arumaos, la carne adquier un sabor distinto.<\/li>\n<li>Util\u00edcense unos 100 kg. de flor pa xenerar 300 g. d&#8217;aceite esencial de lavanda.<\/li>\n<\/ul>\n","protected":false},"excerpt":{"rendered":"<p>El Mundo \/ El boom de la lavanda: el remediu natural contra&#8217;l estr\u00e9s, la velea y espertar nocherniegos. Brihuega, la Provenza espa\u00f1ola, escuende&#8217;l secretu para dormir meyor. Visitamos los sos campos violetes de la mano d&#8217;Emilio Valivos, *perfumista hist\u00f3ricu de *Loewe y unu de los principales *impulsores del so desenvolvimientu. Brihuega (Guadalajara): wiki \/ web [&hellip;]<\/p>\n","protected":false},"author":117,"featured_media":0,"comment_status":"closed","ping_status":"open","sticky":false,"template":"","format":"standard","meta":{"footnotes":""},"categories":[201,48],"tags":[],"class_list":["post-54745","post","type-post","status-publish","format-standard","hentry","category-flores","category-salu"],"_links":{"self":[{"href":"https:\/\/edublog.educastur.es\/ixuxu\/wp-json\/wp\/v2\/posts\/54745","targetHints":{"allow":["GET"]}}],"collection":[{"href":"https:\/\/edublog.educastur.es\/ixuxu\/wp-json\/wp\/v2\/posts"}],"about":[{"href":"https:\/\/edublog.educastur.es\/ixuxu\/wp-json\/wp\/v2\/types\/post"}],"author":[{"embeddable":true,"href":"https:\/\/edublog.educastur.es\/ixuxu\/wp-json\/wp\/v2\/users\/117"}],"replies":[{"embeddable":true,"href":"https:\/\/edublog.educastur.es\/ixuxu\/wp-json\/wp\/v2\/comments?post=54745"}],"version-history":[{"count":1,"href":"https:\/\/edublog.educastur.es\/ixuxu\/wp-json\/wp\/v2\/posts\/54745\/revisions"}],"predecessor-version":[{"id":54755,"href":"https:\/\/edublog.educastur.es\/ixuxu\/wp-json\/wp\/v2\/posts\/54745\/revisions\/54755"}],"wp:attachment":[{"href":"https:\/\/edublog.educastur.es\/ixuxu\/wp-json\/wp\/v2\/media?parent=54745"}],"wp:term":[{"taxonomy":"category","embeddable":true,"href":"https:\/\/edublog.educastur.es\/ixuxu\/wp-json\/wp\/v2\/categories?post=54745"},{"taxonomy":"post_tag","embeddable":true,"href":"https:\/\/edublog.educastur.es\/ixuxu\/wp-json\/wp\/v2\/tags?post=54745"}],"curies":[{"name":"wp","href":"https:\/\/api.w.org\/{rel}","templated":true}]}}