{"id":54756,"date":"2025-08-02T13:14:20","date_gmt":"2025-08-02T11:14:20","guid":{"rendered":"https:\/\/edublog.educastur.es\/ixuxu\/?p=54756"},"modified":"2025-08-02T13:14:20","modified_gmt":"2025-08-02T11:14:20","slug":"lalternativa-a-los-llagos-de-cuadonga-con-paisaxes-ideales-y-ensin-masificar","status":"publish","type":"post","link":"https:\/\/edublog.educastur.es\/ixuxu\/2025\/08\/lalternativa-a-los-llagos-de-cuadonga-con-paisaxes-ideales-y-ensin-masificar\/","title":{"rendered":"L&#8217;alternativa a los Llagos de Cuadonga con paisaxes ideales y ensin masificar"},"content":{"rendered":"<p>L&#8217;alternativa a los Llagos de Cuadonga con paisaxes ideales y ensin masificar. La ruta ye senciella, ronda los 8 kil\u00f3metros y at\u00f3pase nun Parque Natural d&#8217;Asturies. Esta ruta en plenu valle del Jerte ye de les m\u00e1s guapes ya ideal para dase un ba\u00f1u pel branu. Asina ye la ruta por pasareles colgantes qu&#8217;empieza y termina n&#8217;unu de los pueblos m\u00e1s guapos d&#8217;Espa\u00f1a. <a href=\"https:\/\/www.vozpopuli.com\/viajes\/la-alternativa-a-los-lagos-de-covadonga-con-paisajes-ideales-y-sin-masificar.html\">Fonte: Voz<\/a><\/p>\n<p style=\"text-align: center\"><a href=\"https:\/\/d30gl8nkrjm6kp.cloudfront.net\/articulos\/articulos-2020395.jpg\"><img loading=\"lazy\" decoding=\"async\" class=\"aligncenter size-large\" src=\"https:\/\/d30gl8nkrjm6kp.cloudfront.net\/articulos\/articulos-2020395.jpg\" width=\"1200\" height=\"675\" \/><\/a><\/p>\n<p style=\"text-align: center\">Llagos de Saliencia, n&#8217;Asturies &#8211; Wikimedia Commons<\/p>\n<p style=\"text-align: left\"><!--more--><\/p>\n<p>Los Llagos de Cuadonga son unu de los llugares y paraxes m\u00e1s ic\u00f3nicos d&#8217;Asturies. La so popularid\u00e1, signific\u00e1u relixosu, seg\u00fan lo guapo de les sos vistes fixo que la zona at\u00f3pese demasiao masificada en delles ocasiones, polo que cuntar con una alternativa -igual de guapa ya impresionante- pa senderistes y amigues de la naturaleza ye ideal.<\/p>\n<p>Les redes sociales y\u00e1 comparten la guapura d&#8217;una ruta de tan solo 8,5 kil\u00f3metros, ideal pa esfrutar al pie de familia y amigos pola so cencellez y baxa dificult\u00e1. Tr\u00e1tase de la <span style=\"color: #008080\"><strong>Ruta circular pelos Llagos de Saliencia, nel Parque Natural de Somiedu.<\/strong><\/span> Asina, mientres el trayectu ye posible ver los cuatro m\u00edticos llagos dende distintes perspectives: La Cueva, La Mina, Cerveriz y Calabazosa<\/p>\n<p>La ruta empieza nel Altu de la Farrapona a unos 1.708 metros y lleva a los visitantes al travi\u00e9s de los llagos de la Cueva, la Mina, Cerveriz y Calabazosa, ufiertando vistes espectaculares y l&#8217;oportunid\u00e1 de conectar cola naturaleza.<\/p>\n<p>Esti altu at\u00f3pase na frontera ente Asturies y la provincia de Lli\u00f3n, y cuenta con aparcamientu pa dexar el coche y empezar l&#8217;aventura de forma c\u00f3moda. Con una distancia d&#8217;ente 7 y 9 kil\u00f3metros, la duraci\u00f3n de la ruta ronda les 3 y 4 hores en funci\u00f3n del ritmu y n\u00famberu de paraes.<\/p>\n<p><strong>El llagu de la Cueva<\/strong> ye&#8217;l primeru n&#8217;apaecer una vegada empecipiada la caminada. La so peculiarid\u00e1 anicia nos sos colores, de tonos acolorataos por cuenta de un antiguu xacimientu de fierro na zona. Asina, <strong>La Mina ye&#8217;l segundu llagu,<\/strong> pr\u00f3ximu y onde s&#8217;aprecien muertes de la miner\u00eda tradicional. La ruta xune l&#8217;amor a la naturaleza colo llamativo de la hestoria de la zona.<\/p>\n<p><strong>El tercer llagu ye&#8217;l de Cerveriz<\/strong>, un llugar perfectu pa faer la parada principal, comer daqu\u00e9 y recuperar fuerces. Ta arrodi\u00e1u de prader\u00edes verdes y ye de colores azules intensos. <strong>Finalmente, el llagu Calabazosa ye&#8217;l postreru y m\u00e1s fondu<\/strong>, con una apariencia espectacular, motivu pol cual ll\u00e9vase la mayor cantid\u00e1 de fotograf\u00edes.<\/p>\n<p>Finalmente, al falar del Parque Natural de Somiedu, este foi declar\u00e1u en 1988, seg\u00fan Acuta de la Biosfera pola UNESCO nel a\u00f1u 2000. Na so fauna m\u00e1s emblem\u00e1tica ye imposible nun destacar al osu pardu cant\u00e1bricu -especie protexida y s\u00edmbolu del parque-, llobu ib\u00e9ricu, robecu, venaos, corzos y aves rapazos como la \u00e1guila real y urogallo cant\u00e1bricu. Mentanto, el fayedal, carbayera y abeduriu formen impresionantes montes.<\/p>\n","protected":false},"excerpt":{"rendered":"<p>L&#8217;alternativa a los Llagos de Cuadonga con paisaxes ideales y ensin masificar. La ruta ye senciella, ronda los 8 kil\u00f3metros y at\u00f3pase nun Parque Natural d&#8217;Asturies. Esta ruta en plenu valle del Jerte ye de les m\u00e1s guapes ya ideal para dase un ba\u00f1u pel branu. Asina ye la ruta por pasareles colgantes qu&#8217;empieza y [&hellip;]<\/p>\n","protected":false},"author":117,"featured_media":0,"comment_status":"closed","ping_status":"open","sticky":false,"template":"","format":"standard","meta":{"footnotes":""},"categories":[225],"tags":[],"class_list":["post-54756","post","type-post","status-publish","format-standard","hentry","category-rutes"],"_links":{"self":[{"href":"https:\/\/edublog.educastur.es\/ixuxu\/wp-json\/wp\/v2\/posts\/54756","targetHints":{"allow":["GET"]}}],"collection":[{"href":"https:\/\/edublog.educastur.es\/ixuxu\/wp-json\/wp\/v2\/posts"}],"about":[{"href":"https:\/\/edublog.educastur.es\/ixuxu\/wp-json\/wp\/v2\/types\/post"}],"author":[{"embeddable":true,"href":"https:\/\/edublog.educastur.es\/ixuxu\/wp-json\/wp\/v2\/users\/117"}],"replies":[{"embeddable":true,"href":"https:\/\/edublog.educastur.es\/ixuxu\/wp-json\/wp\/v2\/comments?post=54756"}],"version-history":[{"count":1,"href":"https:\/\/edublog.educastur.es\/ixuxu\/wp-json\/wp\/v2\/posts\/54756\/revisions"}],"predecessor-version":[{"id":54757,"href":"https:\/\/edublog.educastur.es\/ixuxu\/wp-json\/wp\/v2\/posts\/54756\/revisions\/54757"}],"wp:attachment":[{"href":"https:\/\/edublog.educastur.es\/ixuxu\/wp-json\/wp\/v2\/media?parent=54756"}],"wp:term":[{"taxonomy":"category","embeddable":true,"href":"https:\/\/edublog.educastur.es\/ixuxu\/wp-json\/wp\/v2\/categories?post=54756"},{"taxonomy":"post_tag","embeddable":true,"href":"https:\/\/edublog.educastur.es\/ixuxu\/wp-json\/wp\/v2\/tags?post=54756"}],"curies":[{"name":"wp","href":"https:\/\/api.w.org\/{rel}","templated":true}]}}