{"id":54760,"date":"2025-08-02T13:20:20","date_gmt":"2025-08-02T11:20:20","guid":{"rendered":"https:\/\/edublog.educastur.es\/ixuxu\/?p=54760"},"modified":"2025-08-02T13:22:38","modified_gmt":"2025-08-02T11:22:38","slug":"un-antes-y-un-dempues-nel-muja-el-museu-tresformase-con-tecnoloxia-interactiva-y-inmersiva","status":"publish","type":"post","link":"https:\/\/edublog.educastur.es\/ixuxu\/2025\/08\/un-antes-y-un-dempues-nel-muja-el-museu-tresformase-con-tecnoloxia-interactiva-y-inmersiva\/","title":{"rendered":"\u00abUn antes y un dempu\u00e9s nel MUJA\u00bb: el mus\u00e9u tresformase con tecnolox\u00eda interactiva y inmersiva"},"content":{"rendered":"<p><a href=\"https:\/\/www.lne.es\/oriente\/2025\/07\/30\/despues-muja-museo-transforma-tecnologia-120164636.html\">LNE<\/a> \/<a href=\"https:\/\/www.museojurasicoasturias.com\/es\"> web MUJA<\/a> \/<\/p>\n<p>\u00abUn antes y un dempu\u00e9s nel MUJA\u00bb: el mus\u00e9u tresformase con tecnolox\u00eda interactiva y inmersiva. La renovaci\u00f3n del equipamientu m\u00e1s visit\u00e1u d&#8217;Asturies incorpora pantalles led xigantes, proyecciones animaes y llume dixital pa revolucionar la esperiencia del visitante.<\/p>\n<p style=\"text-align: center\"><a href=\"https:\/\/www.asturiasmundial.com\/noticias\/fotos\/\/141246_1_thumb.jpg\"><img loading=\"lazy\" decoding=\"async\" class=\"aligncenter size-large\" src=\"https:\/\/www.asturiasmundial.com\/noticias\/fotos\/\/141246_1_thumb.jpg\" width=\"770\" height=\"380\" \/><\/a><\/p>\n<p>El Mus\u00e9u del Xur\u00e1sicu d&#8217;Asturies (MUJA) empecipi\u00f3 una nueva etpa. En cumpliendo 21 a\u00f1os dende la so inauguraci\u00f3n y gracies a una inversi\u00f3n global de 600.000 euros, l&#8217;equipamientu cultural m\u00e1s visit\u00e1u d&#8217;Asturies <strong>modernizase con tecnolox\u00edes dixitales y interactivas que tresformen por completu la esperiencia del p\u00fablicu.<\/strong> Financiada con fondos europeos Next Generation, la renovaci\u00f3n consolida al MUJA como motor cultural, cient\u00edficu y tur\u00edsticu.<\/p>\n<p><!--more--><\/p>\n<p>La vicepresidenta y presidenta en funciones del Princip\u00e1u, Gimena Llamedo, visit\u00f3 esti martes el mus\u00e9u pa conocer de primera esquito les nueves instalaciones y recursos tecnol\u00f3xicos dise\u00f1aos ya impulsaos pola Socied\u00e1 Publica de Xesti\u00f3n y Promoci\u00f3n Tur\u00edstica y Cultural del Princip\u00e1u.<\/p>\n<p>\u00abNel Gobiernu d&#8217;Asturies siguimos apostando por esti mus\u00e9u que ye familiar. Queremos siguir ameyorando esa esperiencia de visita, democratizalo y faelo m\u00e1s curiosu\u00bb, esplic\u00f3 Llamedo.<\/p>\n<p style=\"text-align: center\"><a href=\"https:\/\/coperibadesella.com\/wp-content\/uploads\/2025\/07\/MUJA-Digitalizacion-inversiones-1-1350x760.jpeg\"><img loading=\"lazy\" decoding=\"async\" class=\"aligncenter size-large\" src=\"https:\/\/coperibadesella.com\/wp-content\/uploads\/2025\/07\/MUJA-Digitalizacion-inversiones-1-1350x760.jpeg\" width=\"1350\" height=\"760\" \/><\/a><\/p>\n<p>Una de les principales novedaes at\u00f3pase na Sala del Xur\u00e1sicu Asturianu, onde <strong>s&#8217;instalaron tr\u00e9s nueves pantalles de gran formatu que proxecten recreaciones animaes del paisaxe y la biodiversid\u00e1 de #cada periodu xeol\u00f3xicu, en conex\u00f3n directa colos f\u00f3siles esib\u00edos.<\/strong> La gran pantalla LED, que cunta con m\u00e1s de 26 metros llineales y 35 metros cuadraos, podr\u00eda suponer un curiosu m\u00e1s pa esta importante sala:<\/p>\n<p>\u00abEsa sala ye la xoya de la corona. Tolo qu&#8217;atopamos ende ye orixinal y la xente nun entraba porque yera un pocu m\u00e1s trabayosa y complicada. Agora con eses recreaciones podemos ver perfectamente como yera la d\u00f3mina, los dinosaurios y otros animales que conviv\u00eden con ellos. Ye una marav\u00eda\u00bb, cunta Marta Molleda, responsable del MUJA.<\/p>\n<p>Na Sala d&#8217;Introducci\u00f3n al Xur\u00e1sicu, el visitante puede comprobar agora c\u00f3mo s&#8217;allumen ciertos g\u00fcesos del ictiosauriu m\u00e1s completu top\u00e1u na pen\u00ednsula ib\u00e9rica, que se resalten simult\u00e1neamente nuna proyecci\u00f3n mural pa reconstruyir la cadarma completa. Al travi\u00e9s d&#8217;una recreaci\u00f3n animada, tami\u00e9n s&#8217;amuesa&#8217;l fondu mar\u00edn nel qu&#8217;habitaba esti reptil xur\u00e1sicu y c\u00f3mo se mov\u00eda.<\/p>\n<p>Am\u00e1s, un nuevu v\u00eddeu anim\u00e1u esplica&#8217;l procesu de fosilizaci\u00f3n d&#8217;una pisada de dinosauriu, acompa\u00f1\u00e1u por un llume dixital que destaca ca\u00fana de les icnites espuestes. Un recursu m\u00e1s p&#8217;ameyorar l&#8217;accesibilid\u00e1: \u00abAm\u00e1s, tola esposici\u00f3n va tar coordinada con un encend\u00edu r\u00e1pidu y avisos nes pantalles, lo cual va dexar qu&#8217;am\u00e1s del avisu sonoru haya un avisu visual pa persones con problemes d&#8217;audici\u00f3n\u00bb, a\u00f1ede la coordinadora del mus\u00e9u.<\/p>\n<p>L&#8217;equipu del MUJA\u00a0 acoy\u00f3 esta renovaci\u00f3n con entusiasmu, y considerala un puntu d&#8217;inflex\u00f3n tres m\u00e1s de dos d\u00e9cades de trayectoria, asina lo esplica Fo\u00edna Molleda: \u00abTamos bien contentos, ye un camb\u00e9u que creo que yera necesariu. Llevamos 21 a\u00f1os de mus\u00e9u y anque la imaxe ye bastante modernu, fa\u00eda falta meter la tecnolox\u00eda nes nueses sales\u00bb.<\/p>\n<p style=\"text-align: center\"><a href=\"https:\/\/coperibadesella.com\/wp-content\/uploads\/2025\/07\/MUJA-Digitalizacion-inversiones-4-1536x865.jpeg\"><img loading=\"lazy\" decoding=\"async\" class=\"aligncenter size-large\" src=\"https:\/\/coperibadesella.com\/wp-content\/uploads\/2025\/07\/MUJA-Digitalizacion-inversiones-4-1536x865.jpeg\" width=\"1536\" height=\"865\" \/><\/a><\/p>\n<p>Paralelamente, el Princip\u00e1u licit\u00f3 una segunda fase del proyectu, con una inversi\u00f3n de m\u00e1s de 265.000 euros, tami\u00e9n con fondos Next Generation, que va dexar actualizar les sales amiestes al Tri\u00e1sicu y Cret\u00e1cicu y habilitar una nueva sala inmersiva nel espaciu d&#8217;esposiciones temporales.<\/p>\n<p>\u00abD\u00edcennos los cient\u00edficos que ye un antes y un dempu\u00e9s nesti mus\u00e9u. El MUJA agora ye un mus\u00e9u del sieglu XXI y queremos que la xente vaya con esa alcordanza, que s&#8217;emocione visitando esti recursu y que s\u00eda un curiosu pa ne\u00f1os, pa mayores y families\u00bb, a\u00f1edi\u00f3 la vicepresidenta del executivu asturianu.<\/p>\n<p>Empresa responsable de la dixitalizaci\u00f3n en <a class=\"\" href=\"http:\/\/www.nunsys.com\/\" target=\"_new\" rel=\"noopener\" data-start=\"3313\" data-end=\"3327\">www.nunsys.com<\/a>.<\/p>\n","protected":false},"excerpt":{"rendered":"<p>LNE \/ web MUJA \/ \u00abUn antes y un dempu\u00e9s nel MUJA\u00bb: el mus\u00e9u tresformase con tecnolox\u00eda interactiva y inmersiva. La renovaci\u00f3n del equipamientu m\u00e1s visit\u00e1u d&#8217;Asturies incorpora pantalles led xigantes, proyecciones animaes y llume dixital pa revolucionar la esperiencia del visitante. El Mus\u00e9u del Xur\u00e1sicu d&#8217;Asturies (MUJA) empecipi\u00f3 una nueva etpa. En cumpliendo 21 [&hellip;]<\/p>\n","protected":false},"author":117,"featured_media":0,"comment_status":"closed","ping_status":"open","sticky":false,"template":"","format":"standard","meta":{"footnotes":""},"categories":[259,15],"tags":[],"class_list":["post-54760","post","type-post","status-publish","format-standard","hentry","category-dinosaurios","category-museos"],"_links":{"self":[{"href":"https:\/\/edublog.educastur.es\/ixuxu\/wp-json\/wp\/v2\/posts\/54760","targetHints":{"allow":["GET"]}}],"collection":[{"href":"https:\/\/edublog.educastur.es\/ixuxu\/wp-json\/wp\/v2\/posts"}],"about":[{"href":"https:\/\/edublog.educastur.es\/ixuxu\/wp-json\/wp\/v2\/types\/post"}],"author":[{"embeddable":true,"href":"https:\/\/edublog.educastur.es\/ixuxu\/wp-json\/wp\/v2\/users\/117"}],"replies":[{"embeddable":true,"href":"https:\/\/edublog.educastur.es\/ixuxu\/wp-json\/wp\/v2\/comments?post=54760"}],"version-history":[{"count":4,"href":"https:\/\/edublog.educastur.es\/ixuxu\/wp-json\/wp\/v2\/posts\/54760\/revisions"}],"predecessor-version":[{"id":54764,"href":"https:\/\/edublog.educastur.es\/ixuxu\/wp-json\/wp\/v2\/posts\/54760\/revisions\/54764"}],"wp:attachment":[{"href":"https:\/\/edublog.educastur.es\/ixuxu\/wp-json\/wp\/v2\/media?parent=54760"}],"wp:term":[{"taxonomy":"category","embeddable":true,"href":"https:\/\/edublog.educastur.es\/ixuxu\/wp-json\/wp\/v2\/categories?post=54760"},{"taxonomy":"post_tag","embeddable":true,"href":"https:\/\/edublog.educastur.es\/ixuxu\/wp-json\/wp\/v2\/tags?post=54760"}],"curies":[{"name":"wp","href":"https:\/\/api.w.org\/{rel}","templated":true}]}}