{"id":54784,"date":"2025-08-03T08:30:00","date_gmt":"2025-08-03T06:30:00","guid":{"rendered":"https:\/\/edublog.educastur.es\/ixuxu\/?p=54784"},"modified":"2025-08-03T23:24:28","modified_gmt":"2025-08-03T21:24:28","slug":"el-tiempu-el-comercio-107","status":"publish","type":"post","link":"https:\/\/edublog.educastur.es\/ixuxu\/2025\/08\/el-tiempu-el-comercio-107\/","title":{"rendered":"El tiempu (El Comercio)"},"content":{"rendered":"<p style=\"text-align: center\"><a href=\"https:\/\/s3.ppllstatics.com\/elcomercio\/www\/multimedia\/2025\/08\/02\/prevision-tiempo-asturias-k1JB-U2301948938566Ca-1200x860@El%20Comercio.jpg\"><img loading=\"lazy\" decoding=\"async\" class=\"aligncenter size-large\" src=\"https:\/\/s3.ppllstatics.com\/elcomercio\/www\/multimedia\/2025\/08\/02\/prevision-tiempo-asturias-k1JB-U2301948938566Ca-1200x860@El%20Comercio.jpg\" width=\"1200\" height=\"860\" \/><\/a><\/p>\n<p><strong>Vamos amanecer<\/strong> con dellos intervalos nuboso pero, <strong>a lo llargo de la ma\u00f1ana<\/strong>, van sumir por completu de forma qu&#8217;a mediud\u00eda va tar esten\u00e1u en pr\u00e1cticamente tol Princip\u00e1u d&#8217;Asturies.<strong> La tarde<\/strong> va tar asoleyada y, nam\u00e1 nel tramu final del d\u00eda, ye posible qu&#8217;apaezan delles nubes altes insignificantes. <strong>Les temperatures m\u00e1ximes<\/strong> van xubir sobremanera na met\u00e1 occidental y tami\u00e9n nel sur de la rex\u00f3n. Nel restu, van caltenese ensin cambeos o, s\u00eda que non, podr\u00eden xubir pero llixeramente. <strong>Tocantes a les m\u00ednimes<\/strong> nun van variar respectu al s\u00e1badu, salvo en zones altes del cordal onde s\u00ed s&#8217;espera que xuban. <strong>Los vientos<\/strong> van soplar de nordeste con raches moderaes especialmente na mari\u00f1a onde podr\u00eden llegar a rexistrase raches d&#8217;hasta 40 km\/h.<\/p>\n<p><!--more--><\/p>\n<p><strong>El llunes<\/strong> va ser un d\u00eda totalmente veraniegu con cielos soleyeros dende primer hora (anque nun se refuguen delles gurrianes nel interior central a l&#8217;amanecida). Los vientos van siguir predominando de nordeste anque daqu\u00e9 m\u00e1s fluexos. Les temperatures van xubir hasta 6 \u00baC en tol interior, y daqu\u00e9 m\u00e1s moder\u00e1u va ser l&#8217;ascensu na mari\u00f1a. Poro, nes zones m\u00e1s templaes d&#8217;Asturies superar\u00e1n los 30 \u00baC.<\/p>\n","protected":false},"excerpt":{"rendered":"<p>Vamos amanecer con dellos intervalos nuboso pero, a lo llargo de la ma\u00f1ana, van sumir por completu de forma qu&#8217;a mediud\u00eda va tar esten\u00e1u en pr\u00e1cticamente tol Princip\u00e1u d&#8217;Asturies. La tarde va tar asoleyada y, nam\u00e1 nel tramu final del d\u00eda, ye posible qu&#8217;apaezan delles nubes altes insignificantes. Les temperatures m\u00e1ximes van xubir sobremanera na [&hellip;]<\/p>\n","protected":false},"author":117,"featured_media":0,"comment_status":"closed","ping_status":"open","sticky":false,"template":"","format":"standard","meta":{"footnotes":""},"categories":[5],"tags":[],"class_list":["post-54784","post","type-post","status-publish","format-standard","hentry","category-tiempu"],"_links":{"self":[{"href":"https:\/\/edublog.educastur.es\/ixuxu\/wp-json\/wp\/v2\/posts\/54784","targetHints":{"allow":["GET"]}}],"collection":[{"href":"https:\/\/edublog.educastur.es\/ixuxu\/wp-json\/wp\/v2\/posts"}],"about":[{"href":"https:\/\/edublog.educastur.es\/ixuxu\/wp-json\/wp\/v2\/types\/post"}],"author":[{"embeddable":true,"href":"https:\/\/edublog.educastur.es\/ixuxu\/wp-json\/wp\/v2\/users\/117"}],"replies":[{"embeddable":true,"href":"https:\/\/edublog.educastur.es\/ixuxu\/wp-json\/wp\/v2\/comments?post=54784"}],"version-history":[{"count":1,"href":"https:\/\/edublog.educastur.es\/ixuxu\/wp-json\/wp\/v2\/posts\/54784\/revisions"}],"predecessor-version":[{"id":54785,"href":"https:\/\/edublog.educastur.es\/ixuxu\/wp-json\/wp\/v2\/posts\/54784\/revisions\/54785"}],"wp:attachment":[{"href":"https:\/\/edublog.educastur.es\/ixuxu\/wp-json\/wp\/v2\/media?parent=54784"}],"wp:term":[{"taxonomy":"category","embeddable":true,"href":"https:\/\/edublog.educastur.es\/ixuxu\/wp-json\/wp\/v2\/categories?post=54784"},{"taxonomy":"post_tag","embeddable":true,"href":"https:\/\/edublog.educastur.es\/ixuxu\/wp-json\/wp\/v2\/tags?post=54784"}],"curies":[{"name":"wp","href":"https:\/\/api.w.org\/{rel}","templated":true}]}}