{"id":54805,"date":"2025-08-04T08:30:03","date_gmt":"2025-08-04T06:30:03","guid":{"rendered":"https:\/\/edublog.educastur.es\/ixuxu\/?p=54805"},"modified":"2025-08-04T12:49:38","modified_gmt":"2025-08-04T10:49:38","slug":"el-tiempu-el-comercio-108","status":"publish","type":"post","link":"https:\/\/edublog.educastur.es\/ixuxu\/2025\/08\/el-tiempu-el-comercio-108\/","title":{"rendered":"El tiempu (El Comercio)"},"content":{"rendered":"<p style=\"text-align: center\"><a href=\"https:\/\/s2.ppllstatics.com\/elcomercio\/www\/multimedia\/2025\/08\/03\/prevision-tiempo-asturias-kgaF-U2301948938566Ca-1200x860@El%20Comercio.jpg\"><img loading=\"lazy\" decoding=\"async\" class=\"aligncenter size-large\" src=\"https:\/\/s2.ppllstatics.com\/elcomercio\/www\/multimedia\/2025\/08\/03\/prevision-tiempo-asturias-kgaF-U2301948938566Ca-1200x860@El%20Comercio.jpg\" width=\"1200\" height=\"860\" \/><\/a><\/p>\n<p>Les altes presiones atl\u00e1ntiques xun\u00edu a baxes presiones alcontraes al sur del pa\u00eds, faciliten la entrada d&#8217;aire templao dende&#8217;l continente africanu qu&#8217;afecta de forma intensa a gran parte del pa\u00eds. Concretamente n&#8217;Asturies la situaci\u00f3n va ser m\u00e1s moderada pero s\u00ed que se preven dellos d\u00edes de calor pudiendo superase los 30 \u00baC na rex\u00f3n.<strong> El llunes<\/strong> vamos tener nubes altes mientres la ma\u00f1ana con encl\u00edn a estenase los cielos por completu a partir del mediud\u00eda. Va ser una xornada, polo tanto soleyera, anque pela nueche prevese la entrada de nubes baxes dende la mari\u00f1a que van poder estendese escontra l&#8217;interior. La probabilid\u00e1 de precipitaciones va ser nula. <strong>Les temperatures m\u00e1ximes<\/strong> van xubir hasta 6 o 7 \u00baC nel interior, y dichu ascensu va ser menos significativu na mari\u00f1a. <strong>Les m\u00ednimes<\/strong> van xubir llixeramente n&#8217;altes zones del cordal, nun se refuga que baxen na mari\u00f1a, y van caltenese ensin cambeos nel restu.<\/p>\n<p><!--more--><\/p>\n<p><strong> El marte<\/strong>s, vamos amanecer con nubes baxes y, mientres les hores centrales del d\u00eda, prevense intervalos de nubes altes para, previsiblemente, volver apaecer la nubosid\u00e1 baxa a lo llargo de la tarde, a lo menos na mari\u00f1a. Les temperatures van baxar pero, volver\u00e1n xubir tanto&#8217;l mi\u00e9rcoles como&#8217;l xueves.<\/p>\n","protected":false},"excerpt":{"rendered":"<p>Les altes presiones atl\u00e1ntiques xun\u00edu a baxes presiones alcontraes al sur del pa\u00eds, faciliten la entrada d&#8217;aire templao dende&#8217;l continente africanu qu&#8217;afecta de forma intensa a gran parte del pa\u00eds. Concretamente n&#8217;Asturies la situaci\u00f3n va ser m\u00e1s moderada pero s\u00ed que se preven dellos d\u00edes de calor pudiendo superase los 30 \u00baC na rex\u00f3n. El [&hellip;]<\/p>\n","protected":false},"author":117,"featured_media":0,"comment_status":"closed","ping_status":"open","sticky":false,"template":"","format":"standard","meta":{"footnotes":""},"categories":[5],"tags":[],"class_list":["post-54805","post","type-post","status-publish","format-standard","hentry","category-tiempu"],"_links":{"self":[{"href":"https:\/\/edublog.educastur.es\/ixuxu\/wp-json\/wp\/v2\/posts\/54805","targetHints":{"allow":["GET"]}}],"collection":[{"href":"https:\/\/edublog.educastur.es\/ixuxu\/wp-json\/wp\/v2\/posts"}],"about":[{"href":"https:\/\/edublog.educastur.es\/ixuxu\/wp-json\/wp\/v2\/types\/post"}],"author":[{"embeddable":true,"href":"https:\/\/edublog.educastur.es\/ixuxu\/wp-json\/wp\/v2\/users\/117"}],"replies":[{"embeddable":true,"href":"https:\/\/edublog.educastur.es\/ixuxu\/wp-json\/wp\/v2\/comments?post=54805"}],"version-history":[{"count":1,"href":"https:\/\/edublog.educastur.es\/ixuxu\/wp-json\/wp\/v2\/posts\/54805\/revisions"}],"predecessor-version":[{"id":54806,"href":"https:\/\/edublog.educastur.es\/ixuxu\/wp-json\/wp\/v2\/posts\/54805\/revisions\/54806"}],"wp:attachment":[{"href":"https:\/\/edublog.educastur.es\/ixuxu\/wp-json\/wp\/v2\/media?parent=54805"}],"wp:term":[{"taxonomy":"category","embeddable":true,"href":"https:\/\/edublog.educastur.es\/ixuxu\/wp-json\/wp\/v2\/categories?post=54805"},{"taxonomy":"post_tag","embeddable":true,"href":"https:\/\/edublog.educastur.es\/ixuxu\/wp-json\/wp\/v2\/tags?post=54805"}],"curies":[{"name":"wp","href":"https:\/\/api.w.org\/{rel}","templated":true}]}}