{"id":54807,"date":"2025-08-04T08:40:12","date_gmt":"2025-08-04T06:40:12","guid":{"rendered":"https:\/\/edublog.educastur.es\/ixuxu\/?p=54807"},"modified":"2025-08-04T12:54:35","modified_gmt":"2025-08-04T10:54:35","slug":"asturies-escapa-de-la-fola-de-calor-pero-va-algamar-los-35-graos","status":"publish","type":"post","link":"https:\/\/edublog.educastur.es\/ixuxu\/2025\/08\/asturies-escapa-de-la-fola-de-calor-pero-va-algamar-los-35-graos\/","title":{"rendered":"Asturies escapa de la fola de calor, pero va algamar los 35 graos"},"content":{"rendered":"<p>Asturies escapa de la fola de calor, pero va algamar los 35 graos. El Princip\u00e1u, al pie de Canaries, \u00fanicos puntos del pa\u00eds qu&#8217;eviten los avisos de l&#8217;Aemet.<\/p>\n<p style=\"text-align: center\"><a href=\"https:\/\/s2.ppllstatics.com\/elcomercio\/www\/multimedia\/2025\/08\/04\/playa-muros-nalon-kbeD-U2302555203637j3H-1200x840@El%20Comercio.jpg\"><img loading=\"lazy\" decoding=\"async\" class=\"aligncenter \" src=\"https:\/\/s2.ppllstatics.com\/elcomercio\/www\/multimedia\/2025\/08\/04\/playa-muros-nalon-kbeD-U2302555203637j3H-1200x840@El%20Comercio.jpg\" width=\"833\" height=\"582\" \/><\/a><\/p>\n<p>Solo Asturies y Canaries escapen de la fola de calor, la segunda del branu, que pon n&#8217;alerta a m\u00e1s d&#8217;una trentena de provincies por temperatures d&#8217;hasta 42 graos, seg\u00fan la previsi\u00f3n de l&#8217;<a href=\"https:\/\/www.aemet.es\/es\/eltiempo\/prediccion\/destacados\/p5_t?tipo=p52tesp1\"><strong>Axencia Estatal de Meteorolox\u00eda (AEMET)<\/strong><\/a>. Anque nel Princip\u00e1u nun s&#8217;activaron los avisos por calor, s\u00ed esp\u00e9rense altes temperatures que nel suroccidente pueden llegar a los 35 graos.<\/p>\n<p><!--more--><\/p>\n<ul>\n<li>Asina, en Cangas esperen m\u00e1ximes de 34 graos esti llunes. Los term\u00f3metros tami\u00e9n van algamar los 30 graos en Llangr\u00e9u, ente que n&#8217;Uvi\u00e9u van quedase nos 29.<\/li>\n<li>En puntos de la mari\u00f1a asturiana como Xix\u00f3n o Llanes, les temperatures van bazcuyar ente los 26 y los 27, al igual que n&#8217;Avil\u00e9s, mientas qu&#8217;en Navia&#8217;l term\u00f3metru va marcar unos 24 graos.<\/li>\n<li>Mientres tola selmana, el sol va ser el protagonista n&#8217;Asturies, con temperatures propies del branu, anque nun se refuga dalg\u00fan orbayu&#8217;l martes pela tarde na mari\u00f1a.<\/li>\n<\/ul>\n<p style=\"text-align: center\"><a href=\"https:\/\/s1.ppllstatics.com\/rc\/www\/multimedia\/2025\/08\/04\/1499447337-kCAD-U2302554476411zFI-1200x840@RC.jpg\"><img loading=\"lazy\" decoding=\"async\" class=\"aligncenter \" src=\"https:\/\/s1.ppllstatics.com\/rc\/www\/multimedia\/2025\/08\/04\/1499447337-kCAD-U2302554476411zFI-1200x840@RC.jpg\" width=\"528\" height=\"370\" \/><\/a><\/p>\n<p><strong>Encamientos contra&#8217;l calor. <\/strong>La conseyer\u00eda de Sal\u00fa del Princip\u00e1u d&#8217;Asturies emiti\u00f3 xuna serie d&#8217;encamientos \u00e9nte altes temperatures, baltes como caltener una fayadiza hidrataci\u00f3n, consumir com\u00edes llixeres y evitar b\u00e9bores con cafe\u00edna o alcohol.<\/p>\n<p>Am\u00e1s encamienten protexer especialmente a \u00f1\u00e1caros, persones mayores y grupos vulnerables. Coles mesmes, aconseyen permanecer en llugares frescos y amenorgar l&#8217;activid\u00e1 f\u00edsica, especialmente nes hores centrales del d\u00eda.<\/p>\n<p>En relaci\u00f3n a les actividaes acu\u00e1tiques, Sal\u00fa remarca la importancia de ba\u00f1ase en zones habilitaes y xixilaes, cumpliendo siempres colos encamientos del personal de salvamentu. Este mesmu llunes, el Serviciu d&#8217;Emerxencies del Princip\u00e1u d&#8217;Asturies aconsey\u00f3 a la poblaci\u00f3n estremar los precuros na mari\u00f1a asturiana \u00e9nte la proliferaci\u00f3n d&#8217;aguamales y carabeles portugueses nes sableres.<\/p>\n<p>Pa quien practiquen actividaes de monte, Sal\u00fa encament\u00f3 planiar con antelaci\u00f3n les rutes, informase del tiempu, llevar equipu fayadizu y agua, salir acompa\u00f1\u00e1u y estremar los precuros \u00e9nte posibles cambeos meteorol\u00f3xicos.<\/p>\n<p style=\"text-align: center\"><a href=\"https:\/\/pbs.twimg.com\/media\/GxbG5soWcAEIWKc?format=jpg&amp;name=900x900\"><img loading=\"lazy\" decoding=\"async\" class=\"aligncenter size-large\" src=\"https:\/\/pbs.twimg.com\/media\/GxbG5soWcAEIWKc?format=jpg&amp;name=900x900\" width=\"720\" height=\"900\" \/><\/a><\/p>\n","protected":false},"excerpt":{"rendered":"<p>Asturies escapa de la fola de calor, pero va algamar los 35 graos. El Princip\u00e1u, al pie de Canaries, \u00fanicos puntos del pa\u00eds qu&#8217;eviten los avisos de l&#8217;Aemet. Solo Asturies y Canaries escapen de la fola de calor, la segunda del branu, que pon n&#8217;alerta a m\u00e1s d&#8217;una trentena de provincies por temperatures d&#8217;hasta 42 [&hellip;]<\/p>\n","protected":false},"author":117,"featured_media":0,"comment_status":"closed","ping_status":"open","sticky":false,"template":"","format":"standard","meta":{"footnotes":""},"categories":[5],"tags":[],"class_list":["post-54807","post","type-post","status-publish","format-standard","hentry","category-tiempu"],"_links":{"self":[{"href":"https:\/\/edublog.educastur.es\/ixuxu\/wp-json\/wp\/v2\/posts\/54807","targetHints":{"allow":["GET"]}}],"collection":[{"href":"https:\/\/edublog.educastur.es\/ixuxu\/wp-json\/wp\/v2\/posts"}],"about":[{"href":"https:\/\/edublog.educastur.es\/ixuxu\/wp-json\/wp\/v2\/types\/post"}],"author":[{"embeddable":true,"href":"https:\/\/edublog.educastur.es\/ixuxu\/wp-json\/wp\/v2\/users\/117"}],"replies":[{"embeddable":true,"href":"https:\/\/edublog.educastur.es\/ixuxu\/wp-json\/wp\/v2\/comments?post=54807"}],"version-history":[{"count":6,"href":"https:\/\/edublog.educastur.es\/ixuxu\/wp-json\/wp\/v2\/posts\/54807\/revisions"}],"predecessor-version":[{"id":54813,"href":"https:\/\/edublog.educastur.es\/ixuxu\/wp-json\/wp\/v2\/posts\/54807\/revisions\/54813"}],"wp:attachment":[{"href":"https:\/\/edublog.educastur.es\/ixuxu\/wp-json\/wp\/v2\/media?parent=54807"}],"wp:term":[{"taxonomy":"category","embeddable":true,"href":"https:\/\/edublog.educastur.es\/ixuxu\/wp-json\/wp\/v2\/categories?post=54807"},{"taxonomy":"post_tag","embeddable":true,"href":"https:\/\/edublog.educastur.es\/ixuxu\/wp-json\/wp\/v2\/tags?post=54807"}],"curies":[{"name":"wp","href":"https:\/\/api.w.org\/{rel}","templated":true}]}}