{"id":54819,"date":"2025-08-04T12:58:04","date_gmt":"2025-08-04T10:58:04","guid":{"rendered":"https:\/\/edublog.educastur.es\/ixuxu\/?p=54819"},"modified":"2025-08-04T13:13:07","modified_gmt":"2025-08-04T11:13:07","slug":"diariu-dun-veranu-de-restallu","status":"publish","type":"post","link":"https:\/\/edublog.educastur.es\/ixuxu\/2025\/08\/diariu-dun-veranu-de-restallu\/","title":{"rendered":"&#8216;Diariu d\u2019un veranu de restallu&#8217;,"},"content":{"rendered":"<div class=\"html-div xdj266r x14z9mp xat24cr x1lziwak xexx8yu x1a8lsjc xf7dkkf xv54qhq\">\n<div class=\"html-div xdj266r x14z9mp xat24cr x1lziwak xexx8yu xyri2b x18d9i69 x1c1uobl x1jx94hy x78zum5 x1q0g3np\">\n<div class=\"x78zum5 xdt5ytf xz62fqu x16ldp7u\">\n<div class=\"xu06os2 x1ok221b\">\n<div class=\"html-div xdj266r x14z9mp xat24cr x1lziwak xexx8yu xyri2b x18d9i69 x1c1uobl\" data-ad-rendering-role=\"profile_name\">\n<ul>\n<li class=\"html-h3 x14z9mp xat24cr x1lziwak xexx8yu xyri2b x18d9i69 x1c1uobl x1vvkbs x1heor9g x1qlqyl8 x1pd3egz x1a2a7pz x1gslohp x1yc453h\"><span class=\"x1lliihq x6ikm8r x10wlt62 x1n2onr6\"><span class=\"xt0psk2\"><a class=\"x1i10hfl xjbqb8w x1ejq31n x18oe1m7 x1sy0etr xstzfhl x972fbf x10w94by x1qhh985 x14e42zd x9f619 x1ypdohk xt0psk2 xe8uvvx xdj266r x14z9mp xat24cr x1lziwak xexx8yu xyri2b x18d9i69 x1c1uobl x16tdsg8 x1hl2dhg xggy1nq x1a2a7pz xkrqix3 x1sur9pj xzsf02u x1s688f\" role=\"link\" href=\"https:\/\/www.facebook.com\/RTPAoficial?__cft__[0]=AZWjYnshd5rpgS-stx1LEffoGR9h1TvxLc6ENU1TjmIGUFVjVmf50NCHZ9d6TJIBPVl-FnrrBT8UyWbGSaIRnpHhx-zTf0KXe8EEt_MLuIukab7U7vmOu0QSBLbNGueAycBtfu2_JVSOm0xZ-QbNwzmmoU9AmPNOki3ceLs1nA-k9fh8hzcAfsNau3y4GzoMlFVMJVSm6AJMpWpeDmmuMiV6&amp;__tn__=-UC%2CP-y-R\"><b class=\"html-b xdj266r x14z9mp xat24cr x1lziwak xexx8yu xyri2b x18d9i69 x1c1uobl x1hl2dhg x16tdsg8 x1vvkbs x1s688f\"><span class=\"html-span xdj266r x14z9mp xat24cr x1lziwak xexx8yu xyri2b x18d9i69 x1c1uobl x1hl2dhg x16tdsg8 x1vvkbs\">Radiotelevisi\u00f3n del Principado de Asturias<\/span><\/b><\/a><\/span><\/span><b style=\"text-align: center\">\/<\/b><span style=\"text-align: center\">\u00a0<\/span><span class=\"html-span xdj266r x14z9mp xat24cr x1lziwak xexx8yu xyri2b x18d9i69 x1c1uobl x1hl2dhg x16tdsg8 x1vvkbs\" style=\"text-align: center\"><a class=\"x1i10hfl xjbqb8w x1ejq31n x18oe1m7 x1sy0etr xstzfhl x972fbf x10w94by x1qhh985 x14e42zd x9f619 x1ypdohk xt0psk2 xe8uvvx xdj266r x14z9mp xat24cr x1lziwak xexx8yu xyri2b x18d9i69 x1c1uobl x16tdsg8 x1hl2dhg xggy1nq x1a2a7pz xkrqix3 x1sur9pj x1fey0fg x1s688f\" role=\"link\" href=\"https:\/\/www.facebook.com\/hashtag\/tpa?__eep__=6&amp;__cft__[0]=AZWjYnshd5rpgS-stx1LEffoGR9h1TvxLc6ENU1TjmIGUFVjVmf50NCHZ9d6TJIBPVl-FnrrBT8UyWbGSaIRnpHhx-zTf0KXe8EEt_MLuIukab7U7vmOu0QSBLbNGueAycBtfu2_JVSOm0xZ-QbNwzmmoU9AmPNOki3ceLs1nA-k9fh8hzcAfsNau3y4GzoMlFVMJVSm6AJMpWpeDmmuMiV6&amp;__tn__=*NK-y-R\">#TPA<\/a><\/span><\/li>\n<\/ul>\n<\/div>\n<\/div>\n<div class=\"xu06os2 x1ok221b\">\n<div style=\"text-align: center\">\n<!-- iframe plugin v.6.0 wordpress.org\/plugins\/iframe\/ -->\n<iframe loading=\"lazy\" src=\"https:\/\/www.facebook.com\/plugins\/video.php?height=314&#038;href=https%3A%2F%2Fwww.facebook.com%2FRTPAoficial%2Fvideos%2F1285093863013729%2F&#038;show_text=false&#038;width=560&#038;t=0\" width=\"560\" height=\"314\" style=\"border:none;overflow:hidden\" scrolling=\"no\" frameborder=\"0\" allowfullscreen=\"true\" allow=\"autoplay; clipboard-write; encrypted-media; picture-in-picture; web-share\" 0=\"\/iframe\" class=\"iframe-class\"><\/iframe>\n<\/div>\n<div>\n<p>Tr\u00e1tase d&#8217;un programa llenu d&#8217;humor, m\u00fasica y munches ganes de folixa que se va emitir de llunes a vienres.<strong> Acald\u00eda de llunes a vienres a les 21:45<\/strong>, Nerea V\u00e1zquez y Alberto Rodr\u00edguez acompa\u00f1ar\u00e1n-yos con un programa llenu d&#8217;humor, m\u00fasica y munches ganes de folixa. <strong>El programa que sustit\u00fai a &#8216;El Picu&#8217; mientres el mes d&#8217;agostu<\/strong> treslladar\u00e1-yos a los grandes eventos festivos del branu asturianu, siempres con muncho humor.<\/p>\n<\/div>\n<\/div>\n<\/div>\n<\/div>\n<\/div>\n","protected":false},"excerpt":{"rendered":"<p>Radiotelevisi\u00f3n del Principado de Asturias\/\u00a0#TPA Tr\u00e1tase d&#8217;un programa llenu d&#8217;humor, m\u00fasica y munches ganes de folixa que se va emitir de llunes a vienres. Acald\u00eda de llunes a vienres a les 21:45, Nerea V\u00e1zquez y Alberto Rodr\u00edguez acompa\u00f1ar\u00e1n-yos con un programa llenu d&#8217;humor, m\u00fasica y munches ganes de folixa. El programa que sustit\u00fai a &#8216;El [&hellip;]<\/p>\n","protected":false},"author":117,"featured_media":0,"comment_status":"closed","ping_status":"open","sticky":false,"template":"","format":"standard","meta":{"footnotes":""},"categories":[59,27],"tags":[],"class_list":["post-54819","post","type-post","status-publish","format-standard","hentry","category-rtpa","category-tv"],"_links":{"self":[{"href":"https:\/\/edublog.educastur.es\/ixuxu\/wp-json\/wp\/v2\/posts\/54819","targetHints":{"allow":["GET"]}}],"collection":[{"href":"https:\/\/edublog.educastur.es\/ixuxu\/wp-json\/wp\/v2\/posts"}],"about":[{"href":"https:\/\/edublog.educastur.es\/ixuxu\/wp-json\/wp\/v2\/types\/post"}],"author":[{"embeddable":true,"href":"https:\/\/edublog.educastur.es\/ixuxu\/wp-json\/wp\/v2\/users\/117"}],"replies":[{"embeddable":true,"href":"https:\/\/edublog.educastur.es\/ixuxu\/wp-json\/wp\/v2\/comments?post=54819"}],"version-history":[{"count":3,"href":"https:\/\/edublog.educastur.es\/ixuxu\/wp-json\/wp\/v2\/posts\/54819\/revisions"}],"predecessor-version":[{"id":54836,"href":"https:\/\/edublog.educastur.es\/ixuxu\/wp-json\/wp\/v2\/posts\/54819\/revisions\/54836"}],"wp:attachment":[{"href":"https:\/\/edublog.educastur.es\/ixuxu\/wp-json\/wp\/v2\/media?parent=54819"}],"wp:term":[{"taxonomy":"category","embeddable":true,"href":"https:\/\/edublog.educastur.es\/ixuxu\/wp-json\/wp\/v2\/categories?post=54819"},{"taxonomy":"post_tag","embeddable":true,"href":"https:\/\/edublog.educastur.es\/ixuxu\/wp-json\/wp\/v2\/tags?post=54819"}],"curies":[{"name":"wp","href":"https:\/\/api.w.org\/{rel}","templated":true}]}}