{"id":54821,"date":"2025-08-04T12:59:25","date_gmt":"2025-08-04T10:59:25","guid":{"rendered":"https:\/\/edublog.educastur.es\/ixuxu\/?p=54821"},"modified":"2025-08-04T12:59:38","modified_gmt":"2025-08-04T10:59:38","slug":"leloxu-del-horizonte-y-la-madre-del-emigrante-iconos-de-xixon-sufren-vandalismu","status":"publish","type":"post","link":"https:\/\/edublog.educastur.es\/ixuxu\/2025\/08\/leloxu-del-horizonte-y-la-madre-del-emigrante-iconos-de-xixon-sufren-vandalismu\/","title":{"rendered":"L&#8217;Eloxu del Horizonte y la Madre del Emigrante, iconos de xix\u00f3n, sufren vandalismu"},"content":{"rendered":"<div class=\"padding-t-35\">\n<ul>\n<li class=\"font-size-xxl margin-b-5 font-weight-b color-b-050 letter-spacing--1 fuente-corporativa\"><a href=\"https:\/\/www.rtpa.es\/noticias-sucesos-ast\/2025-08-03\/L'Eloxu-del-Horizonte-y-la-Madre-del-Emigrante,-iconos-de-la-ciuda,-sufren-vandalismu_111754217441.html\">L&#8217;Eloxu del Horizonte y la Madre del Emigrante, iconos de la ciud\u00e1, sufren vandalismu. TPA<\/a><\/li>\n<\/ul>\n<\/div>\n<figure class=\"position-r hover-zoom\"><img decoding=\"async\" class=\"img-responsive position-a top-0 left-0 width-0100 aligncenter\" src=\"https:\/\/www.rtpa.es\/fotos\/\/25\/08\/20250803121823_RTPA6939359.webp\" alt=\"El Elogio del Horizonte y la Madre del Emigrante, iconos de la ciudad, sufren vandalismo\" \/><\/figure>\n<div id=\"noticiacompleta\" class=\"parragraph-padding font-c-conent\">\n<p class=\"font-size-m padding-b-20 font-weight-b margin-t-16\">Nun ye la primer vegada que dambos monumentos apaecen vandalizaos.<\/p>\n<p>En plena temporada tur\u00edstica dos de los s\u00edmbolos de Xix\u00f3n sufrieron vandalismu. N\u2019El Cerru Santa Catalina, na obra d&#8217;Eduardo Chillida, l&#8217;Eloxu del Horizonte, apaecieron pintaes con parte de la lletra del cantar Rambal de Rodrigo Cuevas.<\/p>\n<p>Am\u00e1s, n\u2019El Rincon\u00edn, La Madre del Emigrante, la escultura de Ram\u00f3n Muriedas conocida como \u00abla Lloca\u00bb, tami\u00e9n sufri\u00f3 un ataque. Arrinc\u00f3se-y un deu de la mano derecha. Nun ye la primer vegada que dambos monumentos apaecen vandalizaos.<\/p>\n<\/div>\n","protected":false},"excerpt":{"rendered":"<p>L&#8217;Eloxu del Horizonte y la Madre del Emigrante, iconos de la ciud\u00e1, sufren vandalismu. TPA Nun ye la primer vegada que dambos monumentos apaecen vandalizaos. En plena temporada tur\u00edstica dos de los s\u00edmbolos de Xix\u00f3n sufrieron vandalismu. N\u2019El Cerru Santa Catalina, na obra d&#8217;Eduardo Chillida, l&#8217;Eloxu del Horizonte, apaecieron pintaes con parte de la lletra [&hellip;]<\/p>\n","protected":false},"author":117,"featured_media":0,"comment_status":"closed","ping_status":"open","sticky":false,"template":"","format":"standard","meta":{"footnotes":""},"categories":[467],"tags":[],"class_list":["post-54821","post","type-post","status-publish","format-standard","hentry","category-vandalismu"],"_links":{"self":[{"href":"https:\/\/edublog.educastur.es\/ixuxu\/wp-json\/wp\/v2\/posts\/54821","targetHints":{"allow":["GET"]}}],"collection":[{"href":"https:\/\/edublog.educastur.es\/ixuxu\/wp-json\/wp\/v2\/posts"}],"about":[{"href":"https:\/\/edublog.educastur.es\/ixuxu\/wp-json\/wp\/v2\/types\/post"}],"author":[{"embeddable":true,"href":"https:\/\/edublog.educastur.es\/ixuxu\/wp-json\/wp\/v2\/users\/117"}],"replies":[{"embeddable":true,"href":"https:\/\/edublog.educastur.es\/ixuxu\/wp-json\/wp\/v2\/comments?post=54821"}],"version-history":[{"count":2,"href":"https:\/\/edublog.educastur.es\/ixuxu\/wp-json\/wp\/v2\/posts\/54821\/revisions"}],"predecessor-version":[{"id":54823,"href":"https:\/\/edublog.educastur.es\/ixuxu\/wp-json\/wp\/v2\/posts\/54821\/revisions\/54823"}],"wp:attachment":[{"href":"https:\/\/edublog.educastur.es\/ixuxu\/wp-json\/wp\/v2\/media?parent=54821"}],"wp:term":[{"taxonomy":"category","embeddable":true,"href":"https:\/\/edublog.educastur.es\/ixuxu\/wp-json\/wp\/v2\/categories?post=54821"},{"taxonomy":"post_tag","embeddable":true,"href":"https:\/\/edublog.educastur.es\/ixuxu\/wp-json\/wp\/v2\/tags?post=54821"}],"curies":[{"name":"wp","href":"https:\/\/api.w.org\/{rel}","templated":true}]}}