{"id":54824,"date":"2025-08-04T09:01:35","date_gmt":"2025-08-04T07:01:35","guid":{"rendered":"https:\/\/edublog.educastur.es\/ixuxu\/?p=54824"},"modified":"2025-08-07T22:05:49","modified_gmt":"2025-08-07T20:05:49","slug":"alerta-na-marina-por-carabeles-portugueses","status":"publish","type":"post","link":"https:\/\/edublog.educastur.es\/ixuxu\/2025\/08\/alerta-na-marina-por-carabeles-portugueses\/","title":{"rendered":"Alerta na mari\u00f1a por carabeles portugueses"},"content":{"rendered":"<div style=\"text-align: center\"><strong><a href=\"https:\/\/www.instagram.com\/explore\/search\/keyword\/?q=%23carabelasportuguesas\">IG carabeles portugueses<\/a><\/strong><\/div>\n<div><\/div>\n<div id=\"area_imagen_ac\" style=\"text-align: center\"><a href=\"https:\/\/estaticos-cdn.prensaiberica.es\/clip\/996a5bab-330a-4f60-aeb8-6e282d56c27c_16-9-discover-aspect-ratio_default_0.webp\"><img loading=\"lazy\" decoding=\"async\" class=\"aligncenter \" src=\"https:\/\/estaticos-cdn.prensaiberica.es\/clip\/996a5bab-330a-4f60-aeb8-6e282d56c27c_16-9-discover-aspect-ratio_default_0.webp\" width=\"561\" height=\"316\" \/><\/a><\/div>\n<div id=\"multimedia\" class=\"capa_imagen_player img-det-not\">\n<div id=\"mediaplayer\"><\/div>\n<\/div>\n<p class=\"botonera-transcripcion font-size-s margin-t-20\">Xix\u00f3n proh\u00edbe&#8217;l ba\u00f1u na sablera de L&#8217;Arbeyal pola presencia de carabeles portugueses. Oblig\u00f3 al zarru, g\u00fcei parcialmente de la sablera de San Llorienzo en Xix\u00f3n, y a tar alerta nel restu. Recordemos qu&#8217;ayeri nel oriente y\u00e1 cerraron al ba\u00f1u cuasi tolos arenales. <a href=\"https:\/\/www.rtpa.es\/noticias-asturias-ast\/2025-08-03\/Alerta-na-mari\u00f1a-por-carabeles-portugueses_111754220960.html\">TPA<\/a>\/ <a href=\"https:\/\/www.lne.es\/oriente\/2025\/08\/04\/primera-invasion-verano-peligrosas-carabelas-120334444.html\">LNE<\/a> \/<\/p>\n<p><!--more--><\/p>\n<div id=\"noticiacompleta\" class=\"parragraph-padding font-c-conent\">\n<p>La primer \u00abinvasi\u00f3n\u00bb de les peligroses carabeles portugueses oblig\u00f3 a cerrar al ba\u00f1u mientres unes hores esta fin de selmana siete sableres del conceyu de Llanes. Los arenales afectaos fueron los de Toranda y Torimbia, en Niembru; Barru; Borizu, en Celoriu; Ballota, entre Andr\u00edn y Cue, y Po.<\/p>\n<p>La presencia d&#8217;estos animales marinos, que nun son aguamales, fixo que los servicios de salvamentu y socorrismu izaran la bandera colorada, pese al bon est\u00e1u de la mar. <strong>La elevada temperatura de l&#8217;agua ye, seg\u00fan les autoridaes, la raz\u00f3n de que se rexistren estes invasiones\u00bb.<\/strong><\/p>\n<p>Xix\u00f3n proh\u00edbe&#8217;l ba\u00f1u na sablera de L\u2019Arbeyal pola presencia de carabeles portugueses.\u00a0La presencia de carabeles portugueses oblig\u00f3 al Conceyu de Xix\u00f3n a prohibir el ba\u00f1u esti domingu na sablera de L\u2019Arbeyal, onde fueron alcontraos una trentena d&#8217;exemplares d&#8217;esta especie que tami\u00e9n foi acolumbrada nel arenal de San Llorienzo.<\/p>\n<p>Seg\u00fan informaron a EFE fuentes municipales, ente la zona de La Escalerona y la escalera 1 de San Llorienzo alcontr\u00e1ronse cuatro carabeles, lo qu&#8217;oblig\u00f3 a asitiar bandera mariella nesti arenal xixon\u00e9s.<\/p>\n<p style=\"text-align: center\"><a href=\"https:\/\/estaticos-cdn.prensaiberica.es\/clip\/71630d9e-dee8-4440-bcb0-ea6747dd2dfe_source-aspect-ratio_default_0.webp\"><img loading=\"lazy\" decoding=\"async\" class=\"aligncenter \" src=\"https:\/\/estaticos-cdn.prensaiberica.es\/clip\/71630d9e-dee8-4440-bcb0-ea6747dd2dfe_source-aspect-ratio_default_0.webp\" width=\"557\" height=\"371\" \/><\/a><\/p>\n<p><strong>\u00abNon subestimar la situaci\u00f3n\u00bb. <\/strong>L&#8217;avistamiento de carabeles portugueses y aguamales na mari\u00f1a asturiana llev\u00f3 al Serviciu d&#8217;Emerxencies del Princip\u00e1u d&#8217;Asturies (SEPA) a emitir una serie d&#8217;encamientos. La primera ye \u00abnon subestimar la situaci\u00f3n\u00bb.<\/p>\n<p>\u00abSi reparen la presencia d&#8217;aguamales o sufren dalguna reacci\u00f3n adversa o picadura tienen d&#8217;avisar al serviciu de salvamentu de la sablera o nel so defectu llamar al 1-1-2. Caltengan siempres precuru a la hora del ba\u00f1u.\u00bb, se\u00f1ala&#8217;l SEPA, qu&#8217;aconseya evitar el contactu, nun ba\u00f1ase y, si tas na agua, salir de forma calma. Tami\u00e9n siguir siempres les indicaciones de los socorristes.<\/p>\n<p style=\"text-align: center\"><a href=\"https:\/\/pbs.twimg.com\/media\/Gxfe-u0WMAAixiK?format=png&amp;name=small\"><img loading=\"lazy\" decoding=\"async\" class=\"aligncenter \" src=\"https:\/\/pbs.twimg.com\/media\/Gxfe-u0WMAAixiK?format=png&amp;name=small\" width=\"480\" height=\"310\" \/><\/a><\/p>\n<p>Si te pica&#8230;<\/p>\n<p style=\"text-align: center\"><a href=\"https:\/\/pbs.twimg.com\/media\/Gxfe-uwX0AAsob0?format=png&amp;name=small\"><img loading=\"lazy\" decoding=\"async\" class=\"aligncenter size-large\" src=\"https:\/\/pbs.twimg.com\/media\/Gxfe-uwX0AAsob0?format=png&amp;name=small\" width=\"465\" height=\"325\" \/><\/a><\/p>\n<\/div>\n","protected":false},"excerpt":{"rendered":"<p>IG carabeles portugueses Xix\u00f3n proh\u00edbe&#8217;l ba\u00f1u na sablera de L&#8217;Arbeyal pola presencia de carabeles portugueses. Oblig\u00f3 al zarru, g\u00fcei parcialmente de la sablera de San Llorienzo en Xix\u00f3n, y a tar alerta nel restu. Recordemos qu&#8217;ayeri nel oriente y\u00e1 cerraron al ba\u00f1u cuasi tolos arenales. TPA\/ LNE \/<\/p>\n","protected":false},"author":117,"featured_media":0,"comment_status":"closed","ping_status":"open","sticky":false,"template":"","format":"standard","meta":{"footnotes":""},"categories":[93,48],"tags":[],"class_list":["post-54824","post","type-post","status-publish","format-standard","hentry","category-sableres","category-salu"],"_links":{"self":[{"href":"https:\/\/edublog.educastur.es\/ixuxu\/wp-json\/wp\/v2\/posts\/54824","targetHints":{"allow":["GET"]}}],"collection":[{"href":"https:\/\/edublog.educastur.es\/ixuxu\/wp-json\/wp\/v2\/posts"}],"about":[{"href":"https:\/\/edublog.educastur.es\/ixuxu\/wp-json\/wp\/v2\/types\/post"}],"author":[{"embeddable":true,"href":"https:\/\/edublog.educastur.es\/ixuxu\/wp-json\/wp\/v2\/users\/117"}],"replies":[{"embeddable":true,"href":"https:\/\/edublog.educastur.es\/ixuxu\/wp-json\/wp\/v2\/comments?post=54824"}],"version-history":[{"count":6,"href":"https:\/\/edublog.educastur.es\/ixuxu\/wp-json\/wp\/v2\/posts\/54824\/revisions"}],"predecessor-version":[{"id":55101,"href":"https:\/\/edublog.educastur.es\/ixuxu\/wp-json\/wp\/v2\/posts\/54824\/revisions\/55101"}],"wp:attachment":[{"href":"https:\/\/edublog.educastur.es\/ixuxu\/wp-json\/wp\/v2\/media?parent=54824"}],"wp:term":[{"taxonomy":"category","embeddable":true,"href":"https:\/\/edublog.educastur.es\/ixuxu\/wp-json\/wp\/v2\/categories?post=54824"},{"taxonomy":"post_tag","embeddable":true,"href":"https:\/\/edublog.educastur.es\/ixuxu\/wp-json\/wp\/v2\/tags?post=54824"}],"curies":[{"name":"wp","href":"https:\/\/api.w.org\/{rel}","templated":true}]}}