{"id":54830,"date":"2025-08-04T13:08:15","date_gmt":"2025-08-04T11:08:15","guid":{"rendered":"https:\/\/edublog.educastur.es\/ixuxu\/?p=54830"},"modified":"2025-08-04T13:09:34","modified_gmt":"2025-08-04T11:09:34","slug":"un-total-73-persones-con-discapacida-percuerren-los-16-kilometros-del-descensu-del-seya","status":"publish","type":"post","link":"https:\/\/edublog.educastur.es\/ixuxu\/2025\/08\/un-total-73-persones-con-discapacida-percuerren-los-16-kilometros-del-descensu-del-seya\/","title":{"rendered":"Un total 73 persones con discapacid\u00e1 percuerren los 16 kil\u00f3metros del Descensu del Seya"},"content":{"rendered":"<p><a href=\"https:\/\/www.rtpa.es\/noticias-sociedad-ast\/2025-08-03\/Un-total-73-persones-con-discapacida-percuerren-los-16-kilometros-del-Descensu-del-Seya_111754222665.html\">TPA<\/a> \/<\/p>\n<p style=\"text-align: center\"><a href=\"https:\/\/www.rtpa.es\/fotos\/\/25\/08\/20250803140244_RTPA6939861.webp\"><img loading=\"lazy\" decoding=\"async\" class=\"aligncenter size-large\" src=\"https:\/\/www.rtpa.es\/fotos\/\/25\/08\/20250803140244_RTPA6939861.webp\" width=\"853\" height=\"480\" \/><\/a><\/p>\n<p class=\"font-size-m padding-b-20 font-weight-b margin-t-16\">La prueba deportiva cumple la so 32\u00aa edici\u00f3n.Na Escuela Asturiana de Pirag\u00fcismu de Les Arriondes alend\u00e1base, esta ma\u00f1ana, la tranquilid\u00e1 que da la esperiencia apunta Bryon \u00c1lvarez, participante.<\/p>\n<p><!--more--><\/p>\n<p style=\"text-align: center\">\n<!-- iframe plugin v.6.0 wordpress.org\/plugins\/iframe\/ -->\n<iframe loading=\"lazy\" src=\"https:\/\/www.facebook.com\/plugins\/video.php?height=476&#038;href=https%3A%2F%2Fwww.facebook.com%2FRTPAoficial%2Fvideos%2F24041369415486170%2F&#038;show_text=false&#038;width=476&#038;t=0\" width=\"476\" height=\"476\" style=\"border:none;overflow:hidden\" scrolling=\"no\" frameborder=\"0\" allowfullscreen=\"true\" allow=\"autoplay; clipboard-write; encrypted-media; picture-in-picture; web-share\" 0=\"\/iframe\" class=\"iframe-class\"><\/iframe>\n<\/p>\n<p>Tami\u00e9n la ilusi\u00f3n por participar per primer vegada asegura Mar\u00eda Fr\u00edas, participante.<\/p>\n<p>Y les ganes por competir nuna prueba deportiva que celebra la so edici\u00f3n n\u00famberu 32 se\u00f1ala Eduardo Mart\u00ednez, participante.<\/p>\n<p>Pue participase en delles categor\u00edes afirma Jos\u00e9 Alberto \u00c1lvarez, presidente del Comit\u00e9 Organizador del Seya Adapt\u00e1u.<\/p>\n<p>Lleguen les 10:00 y tres la semeya de les autoridaes y los \u00e1nimos, destaca Gimena Llamedo, vicepresidenta del Princip\u00e1u d&#8217;Asturies, empieza la prueba, un eventu qu&#8217;a\u00f1u tres a\u00f1u sigue creciendo.<\/p>\n","protected":false},"excerpt":{"rendered":"<p>TPA \/ La prueba deportiva cumple la so 32\u00aa edici\u00f3n.Na Escuela Asturiana de Pirag\u00fcismu de Les Arriondes alend\u00e1base, esta ma\u00f1ana, la tranquilid\u00e1 que da la esperiencia apunta Bryon \u00c1lvarez, participante.<\/p>\n","protected":false},"author":117,"featured_media":0,"comment_status":"closed","ping_status":"open","sticky":false,"template":"","format":"standard","meta":{"footnotes":""},"categories":[133],"tags":[],"class_list":["post-54830","post","type-post","status-publish","format-standard","hentry","category-deportes"],"_links":{"self":[{"href":"https:\/\/edublog.educastur.es\/ixuxu\/wp-json\/wp\/v2\/posts\/54830","targetHints":{"allow":["GET"]}}],"collection":[{"href":"https:\/\/edublog.educastur.es\/ixuxu\/wp-json\/wp\/v2\/posts"}],"about":[{"href":"https:\/\/edublog.educastur.es\/ixuxu\/wp-json\/wp\/v2\/types\/post"}],"author":[{"embeddable":true,"href":"https:\/\/edublog.educastur.es\/ixuxu\/wp-json\/wp\/v2\/users\/117"}],"replies":[{"embeddable":true,"href":"https:\/\/edublog.educastur.es\/ixuxu\/wp-json\/wp\/v2\/comments?post=54830"}],"version-history":[{"count":2,"href":"https:\/\/edublog.educastur.es\/ixuxu\/wp-json\/wp\/v2\/posts\/54830\/revisions"}],"predecessor-version":[{"id":54832,"href":"https:\/\/edublog.educastur.es\/ixuxu\/wp-json\/wp\/v2\/posts\/54830\/revisions\/54832"}],"wp:attachment":[{"href":"https:\/\/edublog.educastur.es\/ixuxu\/wp-json\/wp\/v2\/media?parent=54830"}],"wp:term":[{"taxonomy":"category","embeddable":true,"href":"https:\/\/edublog.educastur.es\/ixuxu\/wp-json\/wp\/v2\/categories?post=54830"},{"taxonomy":"post_tag","embeddable":true,"href":"https:\/\/edublog.educastur.es\/ixuxu\/wp-json\/wp\/v2\/tags?post=54830"}],"curies":[{"name":"wp","href":"https:\/\/api.w.org\/{rel}","templated":true}]}}