{"id":54872,"date":"2025-08-04T14:07:42","date_gmt":"2025-08-04T12:07:42","guid":{"rendered":"https:\/\/edublog.educastur.es\/ixuxu\/?p=54872"},"modified":"2025-08-04T14:07:46","modified_gmt":"2025-08-04T12:07:46","slug":"repasamos-voicabulariu-de-branu","status":"publish","type":"post","link":"https:\/\/edublog.educastur.es\/ixuxu\/2025\/08\/repasamos-voicabulariu-de-branu\/","title":{"rendered":"Repasamos vocabulariu de branu"},"content":{"rendered":"<p style=\"text-align: center\"><span class=\"x193iq5w xeuugli x13faqbe x1vvkbs xt0psk2 x1i0vuye xvs91rp xo1l8bm x5n08af x10wh9bi xpm28yp x8viiok x1o7cslx x126k92a\"><span class=\"html-span xexx8yu x4uap5 x18d9i69 xkhd6sd x1hl2dhg x16tdsg8 x1vvkbs x3nfvp2 x1j61x8r x1fcty0u xdj266r xat24cr xgzva0m xhhsvwb xxymvpz xlup9mm x1kky2od\">\n<!-- iframe plugin v.6.0 wordpress.org\/plugins\/iframe\/ -->\n<iframe loading=\"lazy\" src=\"https:\/\/www.instagram.com\/reel\/DM7cj9eKl6N\/embed\" width=\"460\" height=\"610\" 0=\"\/iframe\" scrolling=\"yes\" class=\"iframe-class\" frameborder=\"0\"><\/iframe>\n<\/span><\/span><\/p>\n<p>Esti branu vamos repasar vocabulariu asturianu&#8230; les chancles, el xel\u00e1u, pegase un ba\u00f1u nun d\u00eda soleyeru&#8230; Puedes apuntate y\u00e1 a los cursos de Falamos qu&#8217;entamen a partir de setiembre. <a class=\"x1i10hfl xjbqb8w x1ejq31n x18oe1m7 x1sy0etr xstzfhl x972fbf x10w94by x1qhh985 x14e42zd x9f619 x1ypdohk xt0psk2 xe8uvvx xdj266r x14z9mp xat24cr x1lziwak xexx8yu xyri2b x18d9i69 x1c1uobl x16tdsg8 x1hl2dhg xggy1nq x1a2a7pz _aa9_ _a6hd\" role=\"link\" href=\"https:\/\/www.instagram.com\/explore\/tags\/facc\/\">#FACC<\/a>\u00a0Conseyer\u00eda de Cultura, Pol\u00edtica Lling\u00fc\u00edstica y Deporte.<\/p>\n","protected":false},"excerpt":{"rendered":"<p>Esti branu vamos repasar vocabulariu asturianu&#8230; les chancles, el xel\u00e1u, pegase un ba\u00f1u nun d\u00eda soleyeru&#8230; Puedes apuntate y\u00e1 a los cursos de Falamos qu&#8217;entamen a partir de setiembre. #FACC\u00a0Conseyer\u00eda de Cultura, Pol\u00edtica Lling\u00fc\u00edstica y Deporte.<\/p>\n","protected":false},"author":117,"featured_media":0,"comment_status":"closed","ping_status":"open","sticky":false,"template":"","format":"standard","meta":{"footnotes":""},"categories":[255],"tags":[],"class_list":["post-54872","post","type-post","status-publish","format-standard","hentry","category-falamos"],"_links":{"self":[{"href":"https:\/\/edublog.educastur.es\/ixuxu\/wp-json\/wp\/v2\/posts\/54872","targetHints":{"allow":["GET"]}}],"collection":[{"href":"https:\/\/edublog.educastur.es\/ixuxu\/wp-json\/wp\/v2\/posts"}],"about":[{"href":"https:\/\/edublog.educastur.es\/ixuxu\/wp-json\/wp\/v2\/types\/post"}],"author":[{"embeddable":true,"href":"https:\/\/edublog.educastur.es\/ixuxu\/wp-json\/wp\/v2\/users\/117"}],"replies":[{"embeddable":true,"href":"https:\/\/edublog.educastur.es\/ixuxu\/wp-json\/wp\/v2\/comments?post=54872"}],"version-history":[{"count":2,"href":"https:\/\/edublog.educastur.es\/ixuxu\/wp-json\/wp\/v2\/posts\/54872\/revisions"}],"predecessor-version":[{"id":54874,"href":"https:\/\/edublog.educastur.es\/ixuxu\/wp-json\/wp\/v2\/posts\/54872\/revisions\/54874"}],"wp:attachment":[{"href":"https:\/\/edublog.educastur.es\/ixuxu\/wp-json\/wp\/v2\/media?parent=54872"}],"wp:term":[{"taxonomy":"category","embeddable":true,"href":"https:\/\/edublog.educastur.es\/ixuxu\/wp-json\/wp\/v2\/categories?post=54872"},{"taxonomy":"post_tag","embeddable":true,"href":"https:\/\/edublog.educastur.es\/ixuxu\/wp-json\/wp\/v2\/tags?post=54872"}],"curies":[{"name":"wp","href":"https:\/\/api.w.org\/{rel}","templated":true}]}}