{"id":54876,"date":"2025-08-05T09:23:53","date_gmt":"2025-08-05T07:23:53","guid":{"rendered":"https:\/\/edublog.educastur.es\/ixuxu\/?p=54876"},"modified":"2025-08-07T19:34:38","modified_gmt":"2025-08-07T17:34:38","slug":"reportaxe-les-gaites-conquisten-nueva-york","status":"publish","type":"post","link":"https:\/\/edublog.educastur.es\/ixuxu\/2025\/08\/reportaxe-les-gaites-conquisten-nueva-york\/","title":{"rendered":"Reportaxe \u00abLes gaites conquisten Nueva York\u00bb."},"content":{"rendered":"<div class=\"x78zum5 x1q0g3np\">\n<div class=\"x1iyjqo2 x1xegmmw xr9ek0c\">\n<div class=\"x78zum5 xdt5ytf xz62fqu x16ldp7u\">\n<div class=\"xu06os2 x1ok221b\">\n<div class=\"html-div xdj266r x14z9mp xat24cr x1lziwak xexx8yu xyri2b x18d9i69 x1c1uobl\" data-ad-rendering-role=\"profile_name\">\n<ul>\n<li class=\"html-h2 x14z9mp xat24cr x1lziwak xexx8yu xyri2b x18d9i69 x1c1uobl x1vvkbs x1heor9g x1qlqyl8 x1pd3egz x1a2a7pz x1gslohp x1yc453h\"><span class=\"xt0psk2\"><a class=\"x1i10hfl xjbqb8w x1ejq31n x18oe1m7 x1sy0etr xstzfhl x972fbf x10w94by x1qhh985 x14e42zd x9f619 x1ypdohk xt0psk2 xe8uvvx xdj266r x14z9mp xat24cr x1lziwak xexx8yu xyri2b x18d9i69 x1c1uobl x16tdsg8 x1hl2dhg xggy1nq x1a2a7pz xkrqix3 x1sur9pj xzsf02u x1s688f\" role=\"link\" href=\"https:\/\/www.facebook.com\/RTPAoficial?__cft__[0]=AZV62bloafTo6oJDiFu5GtUW5_dv245FmXK6c-3qwmcziV0QYw5GRsPQvQ738k7ZvcJKhLyayEamdAWj2T4kiCNn6roTf9crnxrBlYKNU3mxhUGUBdGLF-OuaGQWGe2BvJoRMWXWsLpyYq5nQb34F78uY2q0b6HgklBKTU5daTdoK_2ho5lLGgam-iCNyjW3NRdqbY4LpbcTTny0vS1aC3RB&amp;__tn__=-UC-R\"><b class=\"html-b xdj266r x14z9mp xat24cr x1lziwak xexx8yu xyri2b x18d9i69 x1c1uobl x1hl2dhg x16tdsg8 x1vvkbs x1s688f\"><span class=\"html-span xdj266r x14z9mp xat24cr x1lziwak xexx8yu xyri2b x18d9i69 x1c1uobl x1hl2dhg x16tdsg8 x1vvkbs\">Radiotelevisi\u00f3n del Principado de Asturias<\/span><\/b><\/a><\/span><\/li>\n<\/ul>\n<\/div>\n<\/div>\n<div class=\"xu06os2 x1ok221b\">\n<div class=\"html-div xdj266r x14z9mp xat24cr x1lziwak xexx8yu xyri2b x18d9i69 x1c1uobl x6s0dn4 x17zd0t2 x78zum5 x1q0g3np x1a02dak\"><strong>Les gaites conquisten Nueva York.<\/strong> Reportaxe sobro la participaci\u00f3n de la Banda de Gaites Villa de Xix\u00f3n nel hist\u00f3ricu desfile de San Patriciu de Nueva York. <strong>El mi\u00e9rcoles, a les 21:00 en<\/strong> \u00a0<span class=\"html-span xdj266r x14z9mp xat24cr x1lziwak xexx8yu xyri2b x18d9i69 x1c1uobl x1hl2dhg x16tdsg8 x1vvkbs\"><a class=\"x1i10hfl xjbqb8w x1ejq31n x18oe1m7 x1sy0etr xstzfhl x972fbf x10w94by x1qhh985 x14e42zd x9f619 x1ypdohk xt0psk2 xe8uvvx xdj266r x14z9mp xat24cr x1lziwak xexx8yu xyri2b x18d9i69 x1c1uobl x16tdsg8 x1hl2dhg xggy1nq x1a2a7pz xkrqix3 x1sur9pj x1fey0fg x1s688f\" role=\"link\" href=\"https:\/\/l.facebook.com\/l.php?u=https%3A%2F%2Fwww.rtpa.es%2F%3Ffbclid%3DIwZXh0bgNhZW0CMTAAYnJpZBExeUkzRjZUbGN4WE83S0VmcwEehpfWqvqjUVeYN6qO0Z5NK7pLzHC8c3Xsebm_vwL2EWhp1wgbg_5f32AAYC8_aem_c_XSQ3054l3v5YumEPexBQ&amp;h=AT0SBbaJe93z7pqBjc3QYBgQBsrtbhtLKtShZYzW8DxoS6ejHQeTP2T7iMnbsRBQYRUKCNHPq5No4IWitHcSXUUhGCuSwkzHwz11ou8LYPfhWtFOXrMRjFDmTsUx1IEdIOYS8hJkwnmoWjOK0HENbZXJpyNo8w&amp;__tn__=-UK-R&amp;c[0]=AT0uKxo_B-d_lqA0yKiYngRQNVEIrPtdv45IAIFvIPdU9xKLeA4cmXl8r06sxsEIifb2mNow-joqFZoiFuWLzt1VjPQrzMOkFbjhFm7GwcbJw_k2Z84WlTBhf1dJNJXtdbymUB39K2zTQHXemsFiKBcD18Lrk0fmxzJ8OCgLbC3JIOpUou0VHPXQMfYBQk2zSzZLNRqciNjT4NZP2K5N4wDG77qxV1SSbc1LqA\" target=\"_blank\" rel=\"nofollow noopener noreferrer\">www.rtpa.es<\/a><\/span>\u00a0y a las 22:30 en\u00a0<span class=\"html-span xdj266r x14z9mp xat24cr x1lziwak xexx8yu xyri2b x18d9i69 x1c1uobl x1hl2dhg x16tdsg8 x1vvkbs\"><a class=\"x1i10hfl xjbqb8w x1ejq31n x18oe1m7 x1sy0etr xstzfhl x972fbf x10w94by x1qhh985 x14e42zd x9f619 x1ypdohk xt0psk2 xe8uvvx xdj266r x14z9mp xat24cr x1lziwak xexx8yu xyri2b x18d9i69 x1c1uobl x16tdsg8 x1hl2dhg xggy1nq x1a2a7pz xkrqix3 x1sur9pj xzsf02u x1s688f\" role=\"link\" href=\"https:\/\/www.facebook.com\/watch\/hashtag\/tpa?__eep__=6%2F&amp;__cft__[0]=AZV62bloafTo6oJDiFu5GtUW5_dv245FmXK6c-3qwmcziV0QYw5GRsPQvQ738k7ZvcJKhLyayEamdAWj2T4kiCNn6roTf9crnxrBlYKNU3mxhUGUBdGLF-OuaGQWGe2BvJoRMWXWsLpyYq5nQb34F78uY2q0b6HgklBKTU5daTdoK_2ho5lLGgam-iCNyjW3NRdqbY4LpbcTTny0vS1aC3RB&amp;__tn__=*NK-R\">#TPA<\/a><\/span> Por cuenta de los 25 a\u00f1os de l&#8217;agrupaci\u00f3n, xuna delegaci\u00f3n viax\u00f3 a la Gran Mazana pa desfilar pela Quinta Avenida. <span style=\"color: #008080\"><a style=\"color: #008080\" href=\"https:\/\/www.rtpa.es\/video:Las-gaitas-conquistan-Nueva-York_551753906479.html\"><strong>REPORTAXE<\/strong><\/a><\/span>\/ <strong>Min. 37 Carlos, Kurumi y Xicu.<\/strong><\/div>\n<div><\/div>\n<\/div>\n<div style=\"text-align: center\">\n<!-- iframe plugin v.6.0 wordpress.org\/plugins\/iframe\/ -->\n<iframe loading=\"lazy\" src=\"https:\/\/www.facebook.com\/plugins\/post.php?href=https%3A%2F%2Fwww.facebook.com%2FRTPAoficial%2Fposts%2Fpfbid037L7keLqefQjxRzw1eiV92fE3FHW8qAkxC8BAEBQEcinUxRe7FrUCFAmugdETVSkYl&#038;show_text=false&#038;width=500\" width=\"500\" height=\"281\" style=\"border:none;overflow:hidden\" scrolling=\"no\" frameborder=\"0\" allowfullscreen=\"true\" allow=\"autoplay; clipboard-write; encrypted-media; picture-in-picture; web-share\" 0=\"\/iframe\" class=\"iframe-class\"><\/iframe>\n<\/div>\n<div><\/div>\n<div class=\"xu06os2 x1ok221b\">\n<div><!--more--><\/div>\n<\/div>\n<div style=\"text-align: center\">\n<!-- iframe plugin v.6.0 wordpress.org\/plugins\/iframe\/ -->\n<iframe loading=\"lazy\" src=\"https:\/\/www.facebook.com\/plugins\/video.php?height=314&#038;href=https%3A%2F%2Fwww.facebook.com%2FRTPAoficial%2Fvideos%2F658849677224971%2F&#038;show_text=false&#038;width=560&#038;t=0\" width=\"560\" height=\"314\" style=\"border:none;overflow:hidden\" scrolling=\"no\" frameborder=\"0\" allowfullscreen=\"true\" allow=\"autoplay; clipboard-write; encrypted-media; picture-in-picture; web-share\" 0=\"\/iframe\" class=\"iframe-class\"><\/iframe>\n<\/div>\n<\/div>\n<\/div>\n<\/div>\n<p>&nbsp;<\/p>\n","protected":false},"excerpt":{"rendered":"<p>Radiotelevisi\u00f3n del Principado de Asturias Les gaites conquisten Nueva York. Reportaxe sobro la participaci\u00f3n de la Banda de Gaites Villa de Xix\u00f3n nel hist\u00f3ricu desfile de San Patriciu de Nueva York. El mi\u00e9rcoles, a les 21:00 en \u00a0www.rtpa.es\u00a0y a las 22:30 en\u00a0#TPA Por cuenta de los 25 a\u00f1os de l&#8217;agrupaci\u00f3n, xuna delegaci\u00f3n viax\u00f3 a la [&hellip;]<\/p>\n","protected":false},"author":117,"featured_media":0,"comment_status":"closed","ping_status":"open","sticky":false,"template":"","format":"standard","meta":{"footnotes":""},"categories":[425],"tags":[],"class_list":["post-54876","post","type-post","status-publish","format-standard","hentry","category-gaita"],"_links":{"self":[{"href":"https:\/\/edublog.educastur.es\/ixuxu\/wp-json\/wp\/v2\/posts\/54876","targetHints":{"allow":["GET"]}}],"collection":[{"href":"https:\/\/edublog.educastur.es\/ixuxu\/wp-json\/wp\/v2\/posts"}],"about":[{"href":"https:\/\/edublog.educastur.es\/ixuxu\/wp-json\/wp\/v2\/types\/post"}],"author":[{"embeddable":true,"href":"https:\/\/edublog.educastur.es\/ixuxu\/wp-json\/wp\/v2\/users\/117"}],"replies":[{"embeddable":true,"href":"https:\/\/edublog.educastur.es\/ixuxu\/wp-json\/wp\/v2\/comments?post=54876"}],"version-history":[{"count":4,"href":"https:\/\/edublog.educastur.es\/ixuxu\/wp-json\/wp\/v2\/posts\/54876\/revisions"}],"predecessor-version":[{"id":55054,"href":"https:\/\/edublog.educastur.es\/ixuxu\/wp-json\/wp\/v2\/posts\/54876\/revisions\/55054"}],"wp:attachment":[{"href":"https:\/\/edublog.educastur.es\/ixuxu\/wp-json\/wp\/v2\/media?parent=54876"}],"wp:term":[{"taxonomy":"category","embeddable":true,"href":"https:\/\/edublog.educastur.es\/ixuxu\/wp-json\/wp\/v2\/categories?post=54876"},{"taxonomy":"post_tag","embeddable":true,"href":"https:\/\/edublog.educastur.es\/ixuxu\/wp-json\/wp\/v2\/tags?post=54876"}],"curies":[{"name":"wp","href":"https:\/\/api.w.org\/{rel}","templated":true}]}}