{"id":54880,"date":"2025-08-05T08:25:54","date_gmt":"2025-08-05T06:25:54","guid":{"rendered":"https:\/\/edublog.educastur.es\/ixuxu\/?p=54880"},"modified":"2025-08-05T09:27:47","modified_gmt":"2025-08-05T07:27:47","slug":"el-tiempu-el-comercio-109","status":"publish","type":"post","link":"https:\/\/edublog.educastur.es\/ixuxu\/2025\/08\/el-tiempu-el-comercio-109\/","title":{"rendered":"El tiempu (El Comercio)"},"content":{"rendered":"<p style=\"text-align: center\"><a href=\"https:\/\/s3.ppllstatics.com\/elcomercio\/www\/multimedia\/2025\/08\/04\/prevision-tiempo-asturias-kfAH-U2301948938566Ca-1200x860@El%20Comercio.jpg\"><img loading=\"lazy\" decoding=\"async\" class=\"aligncenter size-large\" src=\"https:\/\/s3.ppllstatics.com\/elcomercio\/www\/multimedia\/2025\/08\/04\/prevision-tiempo-asturias-kfAH-U2301948938566Ca-1200x860@El%20Comercio.jpg\" width=\"1200\" height=\"860\" \/><\/a><\/p>\n<p>Vamos tener un respiru cuidao <strong>que van baxar les temperatures.<\/strong> Na met\u00e1 sur del Princip\u00e1u van baxar les m\u00e1ximes ente 4 y 6 \u00baC, ente que na met\u00e1 norte van baxar de forma m\u00e1s moderada. <strong>Les m\u00ednime<\/strong>s, sicas\u00ed, van xubir respectu al llunes. En cuanto<strong> al est\u00e1u de los cielos<\/strong>, vamos amanecer con nubes que van sumir a partir del mediud\u00eda anque van tar presentes intervalos de nubes altes. <strong>A lo llargo de la tarde<\/strong> van entrar nuevamente nubes baxes pola mari\u00f1a que se van estender escontra l&#8217;interior pela nueche. <strong>Les precipitaciones<\/strong> van ser poco probables, pero nun se refuga que pueda escapase dalg\u00fan orbayu poco importante a partir de #tardar en zones costeres y otros puntos cercanos.<\/p>\n<p><!--more--><\/p>\n<p><strong>El mi\u00e9rcoles<\/strong> volveremos amanecer con nubes baxes pero se van abrir escamplaes a la fin de la ma\u00f1ana. Les temperatures van xubir pero, a priori, nun van llegar a anotar los valores *dl llunes. Los vientos van siguir de predominando de nordeste.<\/p>\n<p><strong>El xueves<\/strong> volver\u00e1n xubir les temperatures un pocu m\u00e1s.<\/p>\n","protected":false},"excerpt":{"rendered":"<p>Vamos tener un respiru cuidao que van baxar les temperatures. Na met\u00e1 sur del Princip\u00e1u van baxar les m\u00e1ximes ente 4 y 6 \u00baC, ente que na met\u00e1 norte van baxar de forma m\u00e1s moderada. Les m\u00ednimes, sicas\u00ed, van xubir respectu al llunes. En cuanto al est\u00e1u de los cielos, vamos amanecer con nubes que [&hellip;]<\/p>\n","protected":false},"author":117,"featured_media":0,"comment_status":"closed","ping_status":"open","sticky":false,"template":"","format":"standard","meta":{"footnotes":""},"categories":[5],"tags":[],"class_list":["post-54880","post","type-post","status-publish","format-standard","hentry","category-tiempu"],"_links":{"self":[{"href":"https:\/\/edublog.educastur.es\/ixuxu\/wp-json\/wp\/v2\/posts\/54880","targetHints":{"allow":["GET"]}}],"collection":[{"href":"https:\/\/edublog.educastur.es\/ixuxu\/wp-json\/wp\/v2\/posts"}],"about":[{"href":"https:\/\/edublog.educastur.es\/ixuxu\/wp-json\/wp\/v2\/types\/post"}],"author":[{"embeddable":true,"href":"https:\/\/edublog.educastur.es\/ixuxu\/wp-json\/wp\/v2\/users\/117"}],"replies":[{"embeddable":true,"href":"https:\/\/edublog.educastur.es\/ixuxu\/wp-json\/wp\/v2\/comments?post=54880"}],"version-history":[{"count":3,"href":"https:\/\/edublog.educastur.es\/ixuxu\/wp-json\/wp\/v2\/posts\/54880\/revisions"}],"predecessor-version":[{"id":54883,"href":"https:\/\/edublog.educastur.es\/ixuxu\/wp-json\/wp\/v2\/posts\/54880\/revisions\/54883"}],"wp:attachment":[{"href":"https:\/\/edublog.educastur.es\/ixuxu\/wp-json\/wp\/v2\/media?parent=54880"}],"wp:term":[{"taxonomy":"category","embeddable":true,"href":"https:\/\/edublog.educastur.es\/ixuxu\/wp-json\/wp\/v2\/categories?post=54880"},{"taxonomy":"post_tag","embeddable":true,"href":"https:\/\/edublog.educastur.es\/ixuxu\/wp-json\/wp\/v2\/tags?post=54880"}],"curies":[{"name":"wp","href":"https:\/\/api.w.org\/{rel}","templated":true}]}}