{"id":54896,"date":"2025-08-06T11:00:33","date_gmt":"2025-08-06T09:00:33","guid":{"rendered":"https:\/\/edublog.educastur.es\/ixuxu\/?p=54896"},"modified":"2025-08-06T22:43:57","modified_gmt":"2025-08-06T20:43:57","slug":"lultimu-atopamientu-de-la-campana-arqueoloxica-en-lucus-asturum","status":"publish","type":"post","link":"https:\/\/edublog.educastur.es\/ixuxu\/2025\/08\/lultimu-atopamientu-de-la-campana-arqueoloxica-en-lucus-asturum\/","title":{"rendered":"L&#8217;\u00faltimu atopamientu de la campa\u00f1a arqueol\u00f3xica en Lucus Asturum"},"content":{"rendered":"<div class=\"padding-t-35\">\n<ul>\n<li class=\"font-size-xxl margin-b-5 font-weight-b color-b-050 letter-spacing--1 fuente-corporativa\"><a href=\"https:\/\/www.rtpa.es\/noticias-asturias-ast\/2025-08-06\/Una-habitacion-romana-ye-l'ultimu-atopamientu-de-la-campa%C3%B1a-arqueoloxica-en-Lucus-Asturum_111754484457.html\">Una habitaci\u00f3n romana ye l&#8217;\u00faltimu atopamientu de la campa\u00f1a arqueol\u00f3xica en Lucus Asturum<\/a><\/li>\n<\/ul>\n<\/div>\n<div id=\"multimedia\" class=\"capa_imagen_player img-det-not\">\n<div id=\"mediaplayer\">\n<div><\/div>\n<div id=\"video-a-reproducir7062001708\" class=\"video-js vjs-default-skin vjs-16-9 vjs-big-play-centered vjs-paused vjs-fluid video-a-reproducir7062001708-dimensions vjs-controls-enabled vjs-workinghover vjs-v8 vjs-user-active vjs-layout-medium vjs-hls-quality-selector\" lang=\"es\" role=\"region\" aria-label=\"Reproductor de Video\">\n<p class=\"vjs-poster\"><img decoding=\"async\" src=\"https:\/\/www.rtpa.es\/fotos\/\/25\/08\/20250806142636_RTPA6951934.webp\" alt=\"\" \/><\/p>\n<\/div>\n<\/div>\n<\/div>\n<div id=\"noticiacompleta\" class=\"parragraph-padding font-c-conent\">\n<p class=\"font-size-m padding-b-20 font-weight-b margin-t-16\">Prep\u00e1rase una prospecci\u00f3n xeof\u00edsica pa conocer la dimensi\u00f3n de los edificios alcontraos. Una habitaci\u00f3n romana decorada con pintura mural y restos d\u2019activid\u00e1 testil. Ye l\u2019\u00faltimu atopamientu de la campa\u00f1a arqueol\u00f3xica en Lucus Asturum, en Llanera. Y\u00e1 nun t\u00e1n escavando, pero\u2019l trabayu sigue nel llaboratoriu.<\/p>\n<p><!--more--><\/p>\n<p>Nos d\u00edes vinientes llevar\u00e1se alantre una prospecci\u00f3n xeof\u00edsica con xeorradar col env\u00eds d\u2019afitar per \u00f3nde s\u2019esparder\u00e1n los restos de los edificios descubiertos esti a\u00f1u.<\/p>\n<p>La casa de d\u00f3mina altu imperial asitiada per baxo d\u2019una necr\u00f3polis medieval y los restos de lo que podr\u00eda ser un edificiu eclesi\u00e1sticu de grandes dimensiones ta ente los atopamientos d\u2019esta campa\u00f1a, na que destaca tami\u00e9n un osariu infantil con restos de m\u00e1s de 35 ne\u00f1os y ne\u00f1es y abondes ayalgues y monedes.<\/p>\n<p>Pieza a pieza, Lucus Asturum va revelando\u2019l so pas\u00e1u; pero los arque\u00f3logos ti\u00e9nenlo claro, ent\u00e1 queda muncho por salir a la lluz.<\/p>\n<\/div>\n<p>&nbsp;<\/p>\n","protected":false},"excerpt":{"rendered":"<p>Una habitaci\u00f3n romana ye l&#8217;\u00faltimu atopamientu de la campa\u00f1a arqueol\u00f3xica en Lucus Asturum Prep\u00e1rase una prospecci\u00f3n xeof\u00edsica pa conocer la dimensi\u00f3n de los edificios alcontraos. Una habitaci\u00f3n romana decorada con pintura mural y restos d\u2019activid\u00e1 testil. Ye l\u2019\u00faltimu atopamientu de la campa\u00f1a arqueol\u00f3xica en Lucus Asturum, en Llanera. Y\u00e1 nun t\u00e1n escavando, pero\u2019l trabayu sigue [&hellip;]<\/p>\n","protected":false},"author":117,"featured_media":0,"comment_status":"closed","ping_status":"open","sticky":false,"template":"","format":"standard","meta":{"footnotes":""},"categories":[380,206],"tags":[],"class_list":["post-54896","post","type-post","status-publish","format-standard","hentry","category-antropoloxia","category-arqueoloxia"],"_links":{"self":[{"href":"https:\/\/edublog.educastur.es\/ixuxu\/wp-json\/wp\/v2\/posts\/54896","targetHints":{"allow":["GET"]}}],"collection":[{"href":"https:\/\/edublog.educastur.es\/ixuxu\/wp-json\/wp\/v2\/posts"}],"about":[{"href":"https:\/\/edublog.educastur.es\/ixuxu\/wp-json\/wp\/v2\/types\/post"}],"author":[{"embeddable":true,"href":"https:\/\/edublog.educastur.es\/ixuxu\/wp-json\/wp\/v2\/users\/117"}],"replies":[{"embeddable":true,"href":"https:\/\/edublog.educastur.es\/ixuxu\/wp-json\/wp\/v2\/comments?post=54896"}],"version-history":[{"count":1,"href":"https:\/\/edublog.educastur.es\/ixuxu\/wp-json\/wp\/v2\/posts\/54896\/revisions"}],"predecessor-version":[{"id":54897,"href":"https:\/\/edublog.educastur.es\/ixuxu\/wp-json\/wp\/v2\/posts\/54896\/revisions\/54897"}],"wp:attachment":[{"href":"https:\/\/edublog.educastur.es\/ixuxu\/wp-json\/wp\/v2\/media?parent=54896"}],"wp:term":[{"taxonomy":"category","embeddable":true,"href":"https:\/\/edublog.educastur.es\/ixuxu\/wp-json\/wp\/v2\/categories?post=54896"},{"taxonomy":"post_tag","embeddable":true,"href":"https:\/\/edublog.educastur.es\/ixuxu\/wp-json\/wp\/v2\/tags?post=54896"}],"curies":[{"name":"wp","href":"https:\/\/api.w.org\/{rel}","templated":true}]}}