{"id":54898,"date":"2025-08-06T09:00:24","date_gmt":"2025-08-06T07:00:24","guid":{"rendered":"https:\/\/edublog.educastur.es\/ixuxu\/?p=54898"},"modified":"2025-08-06T22:45:35","modified_gmt":"2025-08-06T20:45:35","slug":"la-tierra-dasturies-pide-agua-bien-llueu","status":"publish","type":"post","link":"https:\/\/edublog.educastur.es\/ixuxu\/2025\/08\/la-tierra-dasturies-pide-agua-bien-llueu\/","title":{"rendered":"La tierra d\u2019Asturies pide agua bien llueu."},"content":{"rendered":"<div class=\"padding-t-35\">\n<ul>\n<li class=\"font-size-xxl margin-b-5 font-weight-b color-b-050 letter-spacing--1 fuente-corporativa\"><a href=\"https:\/\/www.rtpa.es\/noticias-asturias-ast\/2025-08-06\/La-falta-de-lluvia-enllena-d'inquietu'l-campu-asturianu_111754484386.html\">La falta de lluvia enllena d&#8217;inquiet\u00fa&#8217;l campu asturianu<\/a><\/li>\n<\/ul>\n<\/div>\n<div id=\"multimedia\" class=\"capa_imagen_player img-det-not\">\n<div id=\"mediaplayer\">\n<div id=\"video-a-reproducir8253190640\" class=\"video-js vjs-default-skin vjs-16-9 vjs-big-play-centered vjs-paused vjs-fluid video-a-reproducir8253190640-dimensions vjs-controls-enabled vjs-workinghover vjs-v8 vjs-user-active vjs-layout-medium vjs-hls-quality-selector\" lang=\"es\" role=\"region\" aria-label=\"Reproductor de Video\">\n<div class=\"vjs-poster\"><img decoding=\"async\" src=\"https:\/\/www.rtpa.es\/fotos\/\/25\/08\/20250806133856_RTPA6951491.webp\" alt=\"\" \/><\/div>\n<div class=\"vjs-text-track-display\" aria-live=\"off\"><\/div>\n<\/div>\n<\/div>\n<\/div>\n<div id=\"noticiacompleta\" class=\"parragraph-padding font-c-conent\">\n<p class=\"font-size-m padding-b-20 font-weight-b margin-t-16\">La faba podr\u00eda vese seriamente afectada si sigue ensin llover.\u00a0La falta de lluvia d\u2019esti branu esmolez a la g\u00fcerta asturiana. Sobre manera pola faba. De nun llover pronto la producci\u00f3n pue vese mui afectada.<\/p>\n<p>Ensin lluvia los productos de temporada sufren: llechuga que nun zarra, tomate m\u00e1s blando, etc\u00e9tera. Toca regar cald\u00eda pa que nun s\u2019echen a perder. Alta temperatura que tami\u00e9n ye beneficiosa. El pimientu esti a\u00f1u agradezlo. Ye la escepci\u00f3n nun branu mui secu.<\/p>\n<\/div>\n","protected":false},"excerpt":{"rendered":"<p>La falta de lluvia enllena d&#8217;inquiet\u00fa&#8217;l campu asturianu La faba podr\u00eda vese seriamente afectada si sigue ensin llover.\u00a0La falta de lluvia d\u2019esti branu esmolez a la g\u00fcerta asturiana. Sobre manera pola faba. De nun llover pronto la producci\u00f3n pue vese mui afectada. Ensin lluvia los productos de temporada sufren: llechuga que nun zarra, tomate m\u00e1s [&hellip;]<\/p>\n","protected":false},"author":117,"featured_media":0,"comment_status":"closed","ping_status":"open","sticky":false,"template":"","format":"standard","meta":{"footnotes":""},"categories":[138,5],"tags":[],"class_list":["post-54898","post","type-post","status-publish","format-standard","hentry","category-alimentos","category-tiempu"],"_links":{"self":[{"href":"https:\/\/edublog.educastur.es\/ixuxu\/wp-json\/wp\/v2\/posts\/54898","targetHints":{"allow":["GET"]}}],"collection":[{"href":"https:\/\/edublog.educastur.es\/ixuxu\/wp-json\/wp\/v2\/posts"}],"about":[{"href":"https:\/\/edublog.educastur.es\/ixuxu\/wp-json\/wp\/v2\/types\/post"}],"author":[{"embeddable":true,"href":"https:\/\/edublog.educastur.es\/ixuxu\/wp-json\/wp\/v2\/users\/117"}],"replies":[{"embeddable":true,"href":"https:\/\/edublog.educastur.es\/ixuxu\/wp-json\/wp\/v2\/comments?post=54898"}],"version-history":[{"count":1,"href":"https:\/\/edublog.educastur.es\/ixuxu\/wp-json\/wp\/v2\/posts\/54898\/revisions"}],"predecessor-version":[{"id":54899,"href":"https:\/\/edublog.educastur.es\/ixuxu\/wp-json\/wp\/v2\/posts\/54898\/revisions\/54899"}],"wp:attachment":[{"href":"https:\/\/edublog.educastur.es\/ixuxu\/wp-json\/wp\/v2\/media?parent=54898"}],"wp:term":[{"taxonomy":"category","embeddable":true,"href":"https:\/\/edublog.educastur.es\/ixuxu\/wp-json\/wp\/v2\/categories?post=54898"},{"taxonomy":"post_tag","embeddable":true,"href":"https:\/\/edublog.educastur.es\/ixuxu\/wp-json\/wp\/v2\/tags?post=54898"}],"curies":[{"name":"wp","href":"https:\/\/api.w.org\/{rel}","templated":true}]}}