{"id":54900,"date":"2025-08-06T09:01:01","date_gmt":"2025-08-06T07:01:01","guid":{"rendered":"https:\/\/edublog.educastur.es\/ixuxu\/?p=54900"},"modified":"2025-08-06T22:50:43","modified_gmt":"2025-08-06T20:50:43","slug":"54900","status":"publish","type":"post","link":"https:\/\/edublog.educastur.es\/ixuxu\/2025\/08\/54900\/","title":{"rendered":"Los embalses d&#8217;abastecimientu a la poblaci\u00f3n tienen reserves pa salvar una posible seca"},"content":{"rendered":"<div class=\"padding-t-35\">\n<ul>\n<li class=\"font-size-xxl margin-b-5 font-weight-b color-b-050 letter-spacing--1 fuente-corporativa\"><a href=\"https:\/\/www.rtpa.es\/noticias-asturias-ast\/2025-08-05\/Los-embalses-d'abastecimientu-a-la-poblacion-tienen-reserves-pa-salvar-una-posible-seca_111754395024.html\">Los embalses d&#8217;abastecimientu a la poblaci\u00f3n tienen reserves pa salvar una posible seca. Tan al 72,9 % de la so capacid\u00e1.<\/a><\/li>\n<\/ul>\n<\/div>\n<div id=\"multimedia\" class=\"capa_imagen_player img-det-not\">\n<div id=\"mediaplayer\">\n<div><\/div>\n<div id=\"video-a-reproducir5833526198\" class=\"video-js vjs-default-skin vjs-16-9 vjs-big-play-centered vjs-paused vjs-fluid video-a-reproducir5833526198-dimensions vjs-controls-enabled vjs-workinghover vjs-v8 vjs-user-active vjs-layout-medium vjs-hls-quality-selector\" lang=\"es\" role=\"region\" aria-label=\"Reproductor de Video\">\n<div class=\"vjs-poster\"><img loading=\"lazy\" decoding=\"async\" class=\"aligncenter\" src=\"https:\/\/www.rtpa.es\/fotos\/\/25\/08\/20250805135227_RTPA6947240.webp\" alt=\"\" width=\"517\" height=\"291\" \/><\/div>\n<div class=\"vjs-text-track-display\" aria-live=\"off\">\n<div><\/div>\n<\/div>\n<\/div>\n<\/div>\n<\/div>\n<div id=\"multimedia\" class=\"capa_imagen_player img-det-not\">\n<div id=\"mediaplayer\">\n<div id=\"video-a-reproducir5833526198\" class=\"video-js vjs-default-skin vjs-16-9 vjs-big-play-centered vjs-paused vjs-fluid video-a-reproducir5833526198-dimensions vjs-controls-enabled vjs-workinghover vjs-v8 vjs-user-active vjs-layout-medium vjs-hls-quality-selector\" lang=\"es\" role=\"region\" aria-label=\"Reproductor de Video\"><\/div>\n<\/div>\n<\/div>\n<div id=\"noticiacompleta\" class=\"parragraph-padding font-c-conent\">\n<p class=\"font-size-m padding-b-20 font-weight-b margin-t-16\"><i>X<\/i>unetu, \u00fan de los m\u00e1s calorosos y secos dende 1991.\u00a0Non solo lo paez, los pluvi\u00f3metros recoyeron menos lluvia qu\u2019en xunetos anteriores. Los 31 mil\u00edmetros del mes pas\u00e1u son muncho m\u00e1s distintos de los 43 esperaos, son un 28% menos.<\/p>\n<p><!--more--><\/p>\n<p>El xunetu calorosu certifica qu\u2019esti a\u00f1u hidrol\u00f3xicu, qu\u2019entam\u00f3 n\u2019ochobre, ta siendo mui secu, un 18% menos de lo normal al respective del mesmu periodu dende 1991 asegura Vanesa Mateo, directora xeneral del Agua.<\/p>\n<p>El camb\u00e9u clim\u00e1ticu faise evidente. La dixitalizaci\u00f3n del ciclu del agua ye clave pa evitar les p\u00e9rdides nes tray\u00edes, asina como la reutilizaci\u00f3n del agua na industria pa salvaguardar la del consumu humanu.<\/p>\n<p>Cada a\u00f1u\u2019l Princip\u00e1u dedica 50 millones d\u2019euros al agua. Dando cobertura a los grifos del 85% de la poblaci\u00f3n. El restu autoxestiona l\u2019agua de beber.<\/p>\n<\/div>\n<p>&nbsp;<\/p>\n","protected":false},"excerpt":{"rendered":"<p>Los embalses d&#8217;abastecimientu a la poblaci\u00f3n tienen reserves pa salvar una posible seca. Tan al 72,9 % de la so capacid\u00e1. Xunetu, \u00fan de los m\u00e1s calorosos y secos dende 1991.\u00a0Non solo lo paez, los pluvi\u00f3metros recoyeron menos lluvia qu\u2019en xunetos anteriores. Los 31 mil\u00edmetros del mes pas\u00e1u son muncho m\u00e1s distintos de los 43 [&hellip;]<\/p>\n","protected":false},"author":117,"featured_media":0,"comment_status":"closed","ping_status":"open","sticky":false,"template":"","format":"standard","meta":{"footnotes":""},"categories":[5],"tags":[],"class_list":["post-54900","post","type-post","status-publish","format-standard","hentry","category-tiempu"],"_links":{"self":[{"href":"https:\/\/edublog.educastur.es\/ixuxu\/wp-json\/wp\/v2\/posts\/54900","targetHints":{"allow":["GET"]}}],"collection":[{"href":"https:\/\/edublog.educastur.es\/ixuxu\/wp-json\/wp\/v2\/posts"}],"about":[{"href":"https:\/\/edublog.educastur.es\/ixuxu\/wp-json\/wp\/v2\/types\/post"}],"author":[{"embeddable":true,"href":"https:\/\/edublog.educastur.es\/ixuxu\/wp-json\/wp\/v2\/users\/117"}],"replies":[{"embeddable":true,"href":"https:\/\/edublog.educastur.es\/ixuxu\/wp-json\/wp\/v2\/comments?post=54900"}],"version-history":[{"count":2,"href":"https:\/\/edublog.educastur.es\/ixuxu\/wp-json\/wp\/v2\/posts\/54900\/revisions"}],"predecessor-version":[{"id":54904,"href":"https:\/\/edublog.educastur.es\/ixuxu\/wp-json\/wp\/v2\/posts\/54900\/revisions\/54904"}],"wp:attachment":[{"href":"https:\/\/edublog.educastur.es\/ixuxu\/wp-json\/wp\/v2\/media?parent=54900"}],"wp:term":[{"taxonomy":"category","embeddable":true,"href":"https:\/\/edublog.educastur.es\/ixuxu\/wp-json\/wp\/v2\/categories?post=54900"},{"taxonomy":"post_tag","embeddable":true,"href":"https:\/\/edublog.educastur.es\/ixuxu\/wp-json\/wp\/v2\/tags?post=54900"}],"curies":[{"name":"wp","href":"https:\/\/api.w.org\/{rel}","templated":true}]}}