{"id":54902,"date":"2025-08-05T12:00:47","date_gmt":"2025-08-05T10:00:47","guid":{"rendered":"https:\/\/edublog.educastur.es\/ixuxu\/?p=54902"},"modified":"2025-08-09T10:28:30","modified_gmt":"2025-08-09T08:28:30","slug":"segunda-xornada-de-competicion-nel-mundial-de-bateu-doru-en-navelgas","status":"publish","type":"post","link":"https:\/\/edublog.educastur.es\/ixuxu\/2025\/08\/segunda-xornada-de-competicion-nel-mundial-de-bateu-doru-en-navelgas\/","title":{"rendered":"Segunda xornada de competici\u00f3n nel Mundial de Bat\u00e9u d&#8217;Oru en Navelgas"},"content":{"rendered":"<div id=\"multimedia\" class=\"capa_imagen_player img-det-not\">\n<div id=\"mediaplayer\">\n<div><a href=\"https:\/\/www.rtpa.es\/noticias-asturias-ast\/2025-08-05\/Segunda-xornada-de-competicion-nel-Mundial-de-Bateu-d'Oru-en-Navelgas_111754393592.html\">TPA<\/a> \/<a href=\"https:\/\/www.lne.es\/fotos\/occidente\/2025\/08\/05\/imagenes-primeras-petitas-oro-salen-120356575.html\"> Semeyes LNE<\/a> \/<\/div>\n<div><\/div>\n<\/div>\n<div style=\"text-align: center\">\n<!-- iframe plugin v.6.0 wordpress.org\/plugins\/iframe\/ -->\n<iframe loading=\"lazy\" src=\"https:\/\/www.facebook.com\/plugins\/video.php?height=312&#038;href=https%3A%2F%2Fwww.facebook.com%2Fconexionasturias%2Fvideos%2F604152635856003%2F&#038;show_text=false&#038;width=560&#038;t=0\" width=\"560\" height=\"312\" style=\"border:none;overflow:hidden\" scrolling=\"no\" frameborder=\"0\" allowfullscreen=\"true\" allow=\"autoplay; clipboard-write; encrypted-media; picture-in-picture; web-share\" 0=\"\/iframe\" class=\"iframe-class\"><\/iframe>\n<\/div>\n<div>La cita aspira a convertise en Fiesta d&#8217;Inter\u00e9s Tur\u00edsticu Nacional. Col &#8216;Navelgas Arena&#8217; a plenu rendimientu suc\u00e9dense les rondes nes fases eliminatories del Mundial de Bat\u00e9u. B\u00fascase a los meyores, que\u2019l s\u00e1badu midir\u00e1nse nes finales. Una competici\u00f3n qu\u2019amiesta rapidez y habilid\u00e1.<\/div>\n<div><!--more--><\/div>\n<div id=\"mediaplayer\">\n<div id=\"video-a-reproducir9508310271\" class=\"video-js vjs-default-skin vjs-16-9 vjs-big-play-centered vjs-paused vjs-fluid video-a-reproducir9508310271-dimensions vjs-controls-enabled vjs-workinghover vjs-v8 vjs-user-active vjs-layout-medium vjs-hls-quality-selector\" lang=\"es\" role=\"region\" aria-label=\"Reproductor de Video\">\n<p class=\"vjs-poster\"><img decoding=\"async\" class=\"aligncenter\" src=\"https:\/\/www.rtpa.es\/fotos\/\/25\/08\/20250805145728_RTPA6947986.webp\" alt=\"\" \/><\/p>\n<\/div>\n<\/div>\n<\/div>\n<div id=\"noticiacompleta\" class=\"parragraph-padding font-c-conent\">\n<p>Y ye qu\u2019equ\u00ed b\u00fascase al m\u00e1s r\u00e1pidu del mundu. Cada participante recibe un cubu con unos 20 kilos de material. Dientro, delles pepites d\u2019oru del tama\u00f1u d\u2019una cabeza d\u2019alfiler que tienen qu\u2019alcontrar nel menor tiempu posible se\u00f1ala C\u00e9sar Casta\u00f1o, presidente de l\u2019Asociaci\u00f3n Barciaecus.<\/p>\n<p style=\"text-align: center\"><a href=\"https:\/\/estaticos-cdn.prensaiberica.es\/clip\/2b878bdc-318b-4401-a18d-2647e0f75138_source-aspect-ratio_default_0.jpg\"><img loading=\"lazy\" decoding=\"async\" class=\"aligncenter size-large\" src=\"https:\/\/estaticos-cdn.prensaiberica.es\/clip\/2b878bdc-318b-4401-a18d-2647e0f75138_source-aspect-ratio_default_0.jpg\" width=\"2000\" height=\"1333\" \/><\/a><\/p>\n<p style=\"text-align: center\"><a href=\"https:\/\/estaticos-cdn.prensaiberica.es\/clip\/c1853594-7eb7-4b81-b81b-6bd00c58f820_source-aspect-ratio_default_0.jpg\"><img loading=\"lazy\" decoding=\"async\" class=\"aligncenter size-large\" src=\"https:\/\/estaticos-cdn.prensaiberica.es\/clip\/c1853594-7eb7-4b81-b81b-6bd00c58f820_source-aspect-ratio_default_0.jpg\" width=\"2000\" height=\"1333\" \/><\/a><\/p>\n<p>Hai diferentes categor\u00edes, pero toos coinciden en qu\u2019esto ye un mundial. Son 600 participantes y hai munchu nivel apunten Andr\u00e9s Redruello, Manuela Men\u00e9ndez y Elisa Gonz\u00e1lez.<\/p>\n<p style=\"text-align: center\"><a href=\"https:\/\/estaticos-cdn.prensaiberica.es\/clip\/8a3d1e8c-de59-4226-a1b1-5944c2a3c10c_source-aspect-ratio_default_0.jpg\"><img loading=\"lazy\" decoding=\"async\" class=\"aligncenter size-large\" src=\"https:\/\/estaticos-cdn.prensaiberica.es\/clip\/8a3d1e8c-de59-4226-a1b1-5944c2a3c10c_source-aspect-ratio_default_0.jpg\" width=\"2000\" height=\"1333\" \/><\/a><\/p>\n<p style=\"text-align: center\"><a href=\"https:\/\/estaticos-cdn.prensaiberica.es\/clip\/62edf6e7-7971-4fac-a05f-592c55a64eb2_source-aspect-ratio_default_0.jpg\"><img loading=\"lazy\" decoding=\"async\" class=\"aligncenter size-large\" src=\"https:\/\/estaticos-cdn.prensaiberica.es\/clip\/62edf6e7-7971-4fac-a05f-592c55a64eb2_source-aspect-ratio_default_0.jpg\" width=\"2000\" height=\"1333\" \/><\/a><\/p>\n<p>Va a\u00f1os que los campeonatos nacionales qu\u2019acueye Navelgas son fiesta d\u2019inter\u00e9s tur\u00edsticu rexonal, pero agora trab\u00e1yase en dar un pasu m\u00e1s.<\/p>\n<p style=\"text-align: center\"><a href=\"https:\/\/estaticos-cdn.prensaiberica.es\/clip\/5a44467b-400a-4a08-8474-253e0e8599e1_source-aspect-ratio_default_0.jpg\"><img loading=\"lazy\" decoding=\"async\" class=\"aligncenter size-large\" src=\"https:\/\/estaticos-cdn.prensaiberica.es\/clip\/5a44467b-400a-4a08-8474-253e0e8599e1_source-aspect-ratio_default_0.jpg\" width=\"2000\" height=\"1333\" \/><\/a><\/p>\n<p>Supondr\u00eda un importante emburrie a esta cita que y\u00e1 ye un recursu fundamental na activid\u00e1 econ\u00f3mica y tur\u00edstica de la zona.<\/p>\n<p style=\"text-align: center\"><a href=\"https:\/\/estaticos-cdn.prensaiberica.es\/clip\/43c0ad1e-a247-4b00-aa21-c9b06590fa4c_source-aspect-ratio_default_0.jpg\"><img loading=\"lazy\" decoding=\"async\" class=\"aligncenter size-large\" src=\"https:\/\/estaticos-cdn.prensaiberica.es\/clip\/43c0ad1e-a247-4b00-aa21-c9b06590fa4c_source-aspect-ratio_default_0.jpg\" width=\"2000\" height=\"1333\" \/><\/a><\/p>\n<p style=\"text-align: center\"><span class=\"x193iq5w xeuugli x13faqbe x1vvkbs xt0psk2 x1i0vuye xvs91rp xo1l8bm x5n08af x10wh9bi xpm28yp x8viiok x1o7cslx x126k92a\"><span class=\"html-span xexx8yu x4uap5 x18d9i69 xkhd6sd x1hl2dhg x16tdsg8 x1vvkbs x3nfvp2 x1j61x8r x1fcty0u xdj266r xat24cr xgzva0m xhhsvwb xxymvpz xlup9mm x1kky2od\">\n<!-- iframe plugin v.6.0 wordpress.org\/plugins\/iframe\/ -->\n<iframe loading=\"lazy\" src=\"https:\/\/www.instagram.com\/reel\/DM-pyLgtT5-\/embed\" width=\"400\" height=\"570\" 0=\"\/iframe\" scrolling=\"yes\" class=\"iframe-class\" frameborder=\"0\"><\/iframe>\n<\/span><\/span><\/p>\n<p style=\"text-align: center\"><a href=\"https:\/\/estaticos-cdn.prensaiberica.es\/clip\/22d9e407-9571-48d4-93d6-20e403cf3176_source-aspect-ratio_default_0.jpg\"><img loading=\"lazy\" decoding=\"async\" class=\"aligncenter size-large\" src=\"https:\/\/estaticos-cdn.prensaiberica.es\/clip\/22d9e407-9571-48d4-93d6-20e403cf3176_source-aspect-ratio_default_0.jpg\" width=\"2000\" height=\"1333\" \/><\/a><\/p>\n<p style=\"text-align: center\"><a href=\"https:\/\/img.lavdg.com\/sc\/iu5ToBk7YY70SHHz_4if7mB143w=\/768x\/2018\/07\/27\/00121532715620020215193\/Foto\/h.jpg\"><img loading=\"lazy\" decoding=\"async\" class=\"aligncenter size-large\" src=\"https:\/\/img.lavdg.com\/sc\/iu5ToBk7YY70SHHz_4if7mB143w=\/768x\/2018\/07\/27\/00121532715620020215193\/Foto\/h.jpg\" width=\"768\" height=\"432\" \/><\/a><\/p>\n<p>&nbsp;<\/p>\n<p>Navelgas vive una rom\u00e1tica pidimientu de matrimoniu mientres la prueba del bateo con antorches: \u201c\u00bfVes daqu\u00e9?\u201d<br \/>\nLa Marcha nupcial\u00bb son\u00f3 nel \u00abNavelgas Arena\u00bb para celebrar el s\u00ed, quiero\u00bb de la bateadora Silvia S\u00e1nchez al pidimientu de matrimoniu del so compa\u00f1eru David I\u00f1iguez metanes la competici\u00f3n. Ayeri vivimos una nueche m\u00e1xica en Navelgas !!!<br \/>\n\u2b50Norabona a Silvia &amp; David\ud83d\udc8d<\/p>\n<p style=\"text-align: center\"><span class=\"x193iq5w xeuugli x13faqbe x1vvkbs xt0psk2 x1i0vuye xvs91rp xo1l8bm x5n08af x10wh9bi xpm28yp x8viiok x1o7cslx x126k92a\"><span class=\"html-span xexx8yu x4uap5 x18d9i69 xkhd6sd x1hl2dhg x16tdsg8 x1vvkbs x3nfvp2 x1j61x8r x1fcty0u xdj266r xat24cr xgzva0m xhhsvwb xxymvpz xlup9mm x1kky2od\">\n<!-- iframe plugin v.6.0 wordpress.org\/plugins\/iframe\/ -->\n<iframe loading=\"lazy\" src=\"https:\/\/www.instagram.com\/reel\/DNAn4QroE4\/embed\" width=\"400\" height=\"570\" 0=\"\/iframe\" scrolling=\"yes\" class=\"iframe-class\" frameborder=\"0\"><\/iframe>\n<\/span><\/span><\/p>\n<p>\u201c\u00bfVes daqu\u00e9?\u201d, aportun\u00e1ba-y con impaciencia la so pareya cuando y\u00e1-y quedaba bien poco sable na batea. De secute, <strong>ese \u00abdaqu\u00e9\u00bb rellum\u00f3 ente&#8217;l sable y una risa nerviosa escap\u00f3 de la bateadora mientres David I\u00f1iguez fa\u00eda&#8217;l xestu d&#8217;arrodillarse metiendo una pierna na zona de bateo y realizaba la propuesta: \u201cSilvia S\u00e1nchez Mu\u00f1oz, \u00bfquier ust\u00e9 casase conmigo?\u201d<\/strong>. Entre v\u00edtores del p\u00fablicu, una emocionada novia respond\u00eda afirmativamente al rom\u00e1nticu pidimientu, que sellaron con un besu y abrazu mientres la organizaci\u00f3n pon\u00eda la Marcha nupcial\u201d polos altavoces y el p\u00fablicu glayaba \u201c\u00a1Vivan los novios!\u201d.<\/p>\n<\/div>\n<p>&nbsp;<\/p>\n","protected":false},"excerpt":{"rendered":"<p>TPA \/ Semeyes LNE \/ La cita aspira a convertise en Fiesta d&#8217;Inter\u00e9s Tur\u00edsticu Nacional. Col &#8216;Navelgas Arena&#8217; a plenu rendimientu suc\u00e9dense les rondes nes fases eliminatories del Mundial de Bat\u00e9u. B\u00fascase a los meyores, que\u2019l s\u00e1badu midir\u00e1nse nes finales. Una competici\u00f3n qu\u2019amiesta rapidez y habilid\u00e1.<\/p>\n","protected":false},"author":117,"featured_media":0,"comment_status":"closed","ping_status":"open","sticky":false,"template":"","format":"standard","meta":{"footnotes":""},"categories":[61,133],"tags":[],"class_list":["post-54902","post","type-post","status-publish","format-standard","hentry","category-concursu","category-deportes"],"_links":{"self":[{"href":"https:\/\/edublog.educastur.es\/ixuxu\/wp-json\/wp\/v2\/posts\/54902","targetHints":{"allow":["GET"]}}],"collection":[{"href":"https:\/\/edublog.educastur.es\/ixuxu\/wp-json\/wp\/v2\/posts"}],"about":[{"href":"https:\/\/edublog.educastur.es\/ixuxu\/wp-json\/wp\/v2\/types\/post"}],"author":[{"embeddable":true,"href":"https:\/\/edublog.educastur.es\/ixuxu\/wp-json\/wp\/v2\/users\/117"}],"replies":[{"embeddable":true,"href":"https:\/\/edublog.educastur.es\/ixuxu\/wp-json\/wp\/v2\/comments?post=54902"}],"version-history":[{"count":11,"href":"https:\/\/edublog.educastur.es\/ixuxu\/wp-json\/wp\/v2\/posts\/54902\/revisions"}],"predecessor-version":[{"id":55329,"href":"https:\/\/edublog.educastur.es\/ixuxu\/wp-json\/wp\/v2\/posts\/54902\/revisions\/55329"}],"wp:attachment":[{"href":"https:\/\/edublog.educastur.es\/ixuxu\/wp-json\/wp\/v2\/media?parent=54902"}],"wp:term":[{"taxonomy":"category","embeddable":true,"href":"https:\/\/edublog.educastur.es\/ixuxu\/wp-json\/wp\/v2\/categories?post=54902"},{"taxonomy":"post_tag","embeddable":true,"href":"https:\/\/edublog.educastur.es\/ixuxu\/wp-json\/wp\/v2\/tags?post=54902"}],"curies":[{"name":"wp","href":"https:\/\/api.w.org\/{rel}","templated":true}]}}