{"id":54905,"date":"2025-08-06T11:51:15","date_gmt":"2025-08-06T09:51:15","guid":{"rendered":"https:\/\/edublog.educastur.es\/ixuxu\/?p=54905"},"modified":"2025-08-08T12:32:33","modified_gmt":"2025-08-08T10:32:33","slug":"pravia-preparase-pa-vivir-un-xiringuelu-de-recor-con-177-casetes","status":"publish","type":"post","link":"https:\/\/edublog.educastur.es\/ixuxu\/2025\/08\/pravia-preparase-pa-vivir-un-xiringuelu-de-recor-con-177-casetes\/","title":{"rendered":"Pravia prep\u00e1rase pa vivir un Xiring\u00fcelu de r\u00e9cor con 177 casetes"},"content":{"rendered":"<div class=\"padding-t-35\">\n<h1 class=\"font-size-xxl margin-b-5 font-weight-b color-b-050 letter-spacing--1 fuente-corporativa\"><\/h1>\n<\/div>\n<div class=\"vjs-poster\"><img decoding=\"async\" class=\"aligncenter\" src=\"https:\/\/www.rtpa.es\/fotos\/\/25\/08\/20250805135127_RTPA6947190.webp\" alt=\"\" \/><\/div>\n<div class=\"padding-t-0 padding-b-20\"><\/div>\n<div id=\"multimedia\" class=\"capa_imagen_player img-det-not\">\n<div id=\"mediaplayer\">\n<div id=\"video-a-reproducir9262877143\" class=\"video-js vjs-default-skin vjs-16-9 vjs-big-play-centered vjs-paused vjs-fluid video-a-reproducir9262877143-dimensions vjs-controls-enabled vjs-workinghover vjs-v8 vjs-user-active vjs-layout-medium vjs-hls-quality-selector\" lang=\"es\" role=\"region\" aria-label=\"Reproductor de Video\">\n<div class=\"vjs-text-track-display\" aria-live=\"off\"><\/div>\n<\/div>\n<\/div>\n<\/div>\n<div id=\"noticiacompleta\" class=\"parragraph-padding font-c-conent\">\n<p class=\"font-size-m padding-b-20 font-weight-b margin-t-16\">Cuatrocientos trabayadores velaran pola segurid\u00e1 de la fiesta&#8217;l domingu. <strong>177 casetes t\u00e1n construy\u00e9ndose pal Xiring\u00fcelu.<\/strong> La mayor cifra de la historia y les que tienen sitiu n\u2019El Salc\u00e9u apunta Dar\u00edo G\u00f3mez, de la <strong>Cofrad\u00eda del Xiring\u00fcelu.<\/strong><\/p>\n<p>El lema d\u2019esti a\u00f1u ye &#8216;Pol cul\u00edn&#8217;, n\u2019homenaxe a la distinci\u00f3n de la cultura sidrera como patrimoniu inmaterial pola Unesco se\u00f1ala Elena Lera, de la Cofrad\u00eda del Xiring\u00fcelu. Tami\u00e9n reflexa a esa muchedumbre que, dende 1940, va al Xiring\u00fcelu.<\/p>\n<p><!--more--><\/p>\n<p>Anque\u2019l d\u00eda grande ye\u2019l domingu, les fiestes entamen el xueves col Xirinfantil y la fiesta de la cerveza. Am\u00e1s, esti a\u00f1u, artistes emerxentes, al travi\u00e9s de la so creativid\u00e1, dar\u00e1n la so visi\u00f3n del Xiring\u00fcelu.<\/p>\n<p>El vienres sedr\u00e1\u2019l preg\u00f3n al cargu de los periodistes pravianos Miguel Lartategui y Pablo Garc\u00eda Cuervo. El d\u00eda que toca atar el pa\u00f1uelu solidariu al pescuezu y comer el bollu pre\u00f1\u00e1u se\u00f1alen Alejandro G\u00f3mez Conde y Clara Cuervo de la Cofrad\u00eda del Xiring\u00fcelu.<\/p>\n<p>La Cofrad\u00eda calcula que 50.000 romeros, 25.000 na Xirinzone y otros tantos nes casetes, dir\u00e1n, el domingu, a esfrutar del Xiring\u00fcelu.<\/p>\n<p style=\"text-align: center\">\n<!-- iframe plugin v.6.0 wordpress.org\/plugins\/iframe\/ -->\n<iframe loading=\"lazy\" src=\"https:\/\/www.facebook.com\/plugins\/video.php?height=476&#038;href=https%3A%2F%2Fwww.facebook.com%2FRTPAoficial%2Fvideos%2F753334397645049%2F&#038;show_text=false&#038;width=476&#038;t=0\" width=\"476\" height=\"476\" style=\"border:none;overflow:hidden\" scrolling=\"no\" frameborder=\"0\" allowfullscreen=\"true\" allow=\"autoplay; clipboard-write; encrypted-media; picture-in-picture; web-share\" 0=\"\/iframe\" class=\"iframe-class\"><\/iframe>\n<\/p>\n<p><strong>Cuatrocientos trabayadores velar\u00e1n pola segurid\u00e1 de la fiesta\u2019l domingu<\/strong><\/p>\n<p>Esta ma\u00f1ana celebr\u00f3se la xunta en Delegaci\u00f3n del Gobiernu p\u2019analizar el Plan de segurid\u00e1 del domingu de la fiesta del Xiring\u00fcelu.<\/p>\n<p>El plan calti\u00e9n les condiciones que presentaron l\u2019a\u00f1u pas\u00e1u con dalgunes novedaes como un hospital de campa\u00f1a que cubrir\u00e1 pr\u00e1cticamente cualquier percance sanitariu.<\/p>\n<p>Ente efectivos de la guardia civil, segurid\u00e1 privada, sanitarios y buzos, el Xiring\u00fcelu cuntar\u00e1 con una plantiya d\u2019unos 400 efectivos.<\/p>\n<p>A pesar de la segurid\u00e1 dende la organizaci\u00f3n manden un mensaxe claru: esfrutar de la fiesta con esmolici\u00f3n y utilizar los medios previstos escontra\u2019l calor, como duches, pa evitar metese nel r\u00edu.<\/p>\n<\/div>\n<p>&nbsp;<\/p>\n","protected":false},"excerpt":{"rendered":"<p>Cuatrocientos trabayadores velaran pola segurid\u00e1 de la fiesta&#8217;l domingu. 177 casetes t\u00e1n construy\u00e9ndose pal Xiring\u00fcelu. La mayor cifra de la historia y les que tienen sitiu n\u2019El Salc\u00e9u apunta Dar\u00edo G\u00f3mez, de la Cofrad\u00eda del Xiring\u00fcelu. El lema d\u2019esti a\u00f1u ye &#8216;Pol cul\u00edn&#8217;, n\u2019homenaxe a la distinci\u00f3n de la cultura sidrera como patrimoniu inmaterial pola [&hellip;]<\/p>\n","protected":false},"author":117,"featured_media":0,"comment_status":"closed","ping_status":"open","sticky":false,"template":"","format":"standard","meta":{"footnotes":""},"categories":[21],"tags":[],"class_list":["post-54905","post","type-post","status-publish","format-standard","hentry","category-fiestes"],"_links":{"self":[{"href":"https:\/\/edublog.educastur.es\/ixuxu\/wp-json\/wp\/v2\/posts\/54905","targetHints":{"allow":["GET"]}}],"collection":[{"href":"https:\/\/edublog.educastur.es\/ixuxu\/wp-json\/wp\/v2\/posts"}],"about":[{"href":"https:\/\/edublog.educastur.es\/ixuxu\/wp-json\/wp\/v2\/types\/post"}],"author":[{"embeddable":true,"href":"https:\/\/edublog.educastur.es\/ixuxu\/wp-json\/wp\/v2\/users\/117"}],"replies":[{"embeddable":true,"href":"https:\/\/edublog.educastur.es\/ixuxu\/wp-json\/wp\/v2\/comments?post=54905"}],"version-history":[{"count":2,"href":"https:\/\/edublog.educastur.es\/ixuxu\/wp-json\/wp\/v2\/posts\/54905\/revisions"}],"predecessor-version":[{"id":55173,"href":"https:\/\/edublog.educastur.es\/ixuxu\/wp-json\/wp\/v2\/posts\/54905\/revisions\/55173"}],"wp:attachment":[{"href":"https:\/\/edublog.educastur.es\/ixuxu\/wp-json\/wp\/v2\/media?parent=54905"}],"wp:term":[{"taxonomy":"category","embeddable":true,"href":"https:\/\/edublog.educastur.es\/ixuxu\/wp-json\/wp\/v2\/categories?post=54905"},{"taxonomy":"post_tag","embeddable":true,"href":"https:\/\/edublog.educastur.es\/ixuxu\/wp-json\/wp\/v2\/tags?post=54905"}],"curies":[{"name":"wp","href":"https:\/\/api.w.org\/{rel}","templated":true}]}}