{"id":54917,"date":"2025-08-03T10:02:13","date_gmt":"2025-08-03T08:02:13","guid":{"rendered":"https:\/\/edublog.educastur.es\/ixuxu\/?p=54917"},"modified":"2025-08-06T23:04:30","modified_gmt":"2025-08-06T21:04:30","slug":"el-campeonatu-mundial-de-bateo-doru-en-navelgas-tineu","status":"publish","type":"post","link":"https:\/\/edublog.educastur.es\/ixuxu\/2025\/08\/el-campeonatu-mundial-de-bateo-doru-en-navelgas-tineu\/","title":{"rendered":"El Campeonatu Mundial de Bateo d&#8217;Oru, en Navelgas (Tin\u00e9u)"},"content":{"rendered":"<p style=\"text-align: center\"><a href=\"https:\/\/www.instagram.com\/navelgasoro\/\">https:\/\/www.instagram.com\/navelgasoro\/<\/a><\/p>\n<p style=\"text-align: center\"><span class=\"x193iq5w xeuugli x13faqbe x1vvkbs xt0psk2 x1i0vuye xvs91rp xo1l8bm x5n08af x10wh9bi xpm28yp x8viiok x1o7cslx x126k92a\"><span class=\"html-span xexx8yu x4uap5 x18d9i69 xkhd6sd x1hl2dhg x16tdsg8 x1vvkbs x3nfvp2 x1j61x8r x1fcty0u xdj266r xat24cr xgzva0m xhhsvwb xxymvpz xlup9mm x1kky2od\">\n<!-- iframe plugin v.6.0 wordpress.org\/plugins\/iframe\/ -->\n<iframe loading=\"lazy\" src=\"https:\/\/www.instagram.com\/reel\/DFXp3s0NOUW\/embed\" width=\"640\" height=\"400\" 0=\"\/iframe\" scrolling=\"yes\" class=\"iframe-class\" frameborder=\"0\"><\/iframe>\n<\/span><\/span><\/p>\n<p>El Campeonatu Mundial de Bateo d&#8217;Oru va cellebrase en Navelgas en 2025 per tercer vegada na hestoria, dempu\u00e9s de les cites de 2008 y 2015. Tr\u00e1tase d&#8217;un campeonatu abiertu a tolos p\u00fablicos que va axuntar na localid\u00e1 asturiana a los meyores bateadores de too el mundu <strong>del 3 al 9 d&#8217;agostu de 2025.<\/strong><\/p>\n","protected":false},"excerpt":{"rendered":"<p>https:\/\/www.instagram.com\/navelgasoro\/ El Campeonatu Mundial de Bateo d&#8217;Oru va cellebrase en Navelgas en 2025 per tercer vegada na hestoria, dempu\u00e9s de les cites de 2008 y 2015. Tr\u00e1tase d&#8217;un campeonatu abiertu a tolos p\u00fablicos que va axuntar na localid\u00e1 asturiana a los meyores bateadores de too el mundu del 3 al 9 d&#8217;agostu de 2025.<\/p>\n","protected":false},"author":117,"featured_media":0,"comment_status":"closed","ping_status":"open","sticky":false,"template":"","format":"standard","meta":{"footnotes":""},"categories":[61],"tags":[],"class_list":["post-54917","post","type-post","status-publish","format-standard","hentry","category-concursu"],"_links":{"self":[{"href":"https:\/\/edublog.educastur.es\/ixuxu\/wp-json\/wp\/v2\/posts\/54917","targetHints":{"allow":["GET"]}}],"collection":[{"href":"https:\/\/edublog.educastur.es\/ixuxu\/wp-json\/wp\/v2\/posts"}],"about":[{"href":"https:\/\/edublog.educastur.es\/ixuxu\/wp-json\/wp\/v2\/types\/post"}],"author":[{"embeddable":true,"href":"https:\/\/edublog.educastur.es\/ixuxu\/wp-json\/wp\/v2\/users\/117"}],"replies":[{"embeddable":true,"href":"https:\/\/edublog.educastur.es\/ixuxu\/wp-json\/wp\/v2\/comments?post=54917"}],"version-history":[{"count":1,"href":"https:\/\/edublog.educastur.es\/ixuxu\/wp-json\/wp\/v2\/posts\/54917\/revisions"}],"predecessor-version":[{"id":54918,"href":"https:\/\/edublog.educastur.es\/ixuxu\/wp-json\/wp\/v2\/posts\/54917\/revisions\/54918"}],"wp:attachment":[{"href":"https:\/\/edublog.educastur.es\/ixuxu\/wp-json\/wp\/v2\/media?parent=54917"}],"wp:term":[{"taxonomy":"category","embeddable":true,"href":"https:\/\/edublog.educastur.es\/ixuxu\/wp-json\/wp\/v2\/categories?post=54917"},{"taxonomy":"post_tag","embeddable":true,"href":"https:\/\/edublog.educastur.es\/ixuxu\/wp-json\/wp\/v2\/tags?post=54917"}],"curies":[{"name":"wp","href":"https:\/\/api.w.org\/{rel}","templated":true}]}}