{"id":54919,"date":"2025-08-05T12:00:55","date_gmt":"2025-08-05T10:00:55","guid":{"rendered":"https:\/\/edublog.educastur.es\/ixuxu\/?p=54919"},"modified":"2025-08-06T23:11:24","modified_gmt":"2025-08-06T21:11:24","slug":"lalcuentru-dun-submarinista-con-un-tiburon-nasturies","status":"publish","type":"post","link":"https:\/\/edublog.educastur.es\/ixuxu\/2025\/08\/lalcuentru-dun-submarinista-con-un-tiburon-nasturies\/","title":{"rendered":"L&#8217;alcuentru d&#8217;un submarinista con un tibur\u00f3n n&#8217;Asturies"},"content":{"rendered":"<p>L&#8217;alcuentru d&#8217;un submarinista con un tibur\u00f3n n&#8217;Asturies: \u00abVi que s&#8217;averaba una solombra bien grande\u00bb. Edu Clausen, de 24 a\u00f1os, vivi\u00f3 una de les esperiencies m\u00e1s sorprendentes so l&#8217;agua mientres fa\u00eda pesca submarina n&#8217;una sablera de Llanes. <a href=\"https:\/\/www.elcomercio.es\/asturias\/oriente\/encuentro-submarinista-tiburon-asturias-llanes-video-20250805155222-nt.html#vtm_modulosEngag=lomas:gijon:noticia:4\">El Comercio<\/a><\/p>\n<ul style=\"list-style-type: disc\">\n<li><span class=\"v-fc__p\">Eduardo Clausen Bald\u00f3<\/span><\/li>\n<\/ul>\n<p style=\"text-align: center\">\n<!-- iframe plugin v.6.0 wordpress.org\/plugins\/iframe\/ -->\n<iframe loading=\"lazy\" src=\"https:\/\/www.facebook.com\/plugins\/video.php?height=476&#038;href=https%3A%2F%2Fwww.facebook.com%2Freel%2F3996536077229127%2F&#038;show_text=false&#038;width=267&#038;t=0\" width=\"267\" height=\"476\" style=\"border:none;overflow:hidden\" scrolling=\"no\" frameborder=\"0\" allowfullscreen=\"true\" allow=\"autoplay; clipboard-write; encrypted-media; picture-in-picture; web-share\" 0=\"\/iframe\" class=\"iframe-class\"><\/iframe>\n<\/p>\n<p><!--more--><\/p>\n<p>Edu Clausen ye un apasion\u00e1u de la pesca submarina y el buc\u00e9u. Con tan solo 24 a\u00f1os, esti mozu vizca\u00edn conoz a la perfecci\u00f3n esta pr\u00e1ctica, y\u00e1 que se sac\u00f3 la llicencia con 16, mov\u00edu pola pasi\u00f3n del so primu y el so t\u00edu que moren n&#8217;Asturies, onde \u00e9l brania. Precisamente, foi na mari\u00f1a asturiana onde fai tan solo unos d\u00edes vivi\u00f3 so una de les esperiencies m\u00e1s sorprendentes so l&#8217;agua.<\/p>\n<p><strong>El pas\u00e1u s\u00e1badu, Edu averose a pescar a la sablera de San Antol\u00edn, en Llanes,<\/strong> y somorgui\u00f3se \u00abna parte derecha, barganal de la sablera de Torimbia\u00bb, esplica. Mientres la inmersi\u00f3n decatose de que nun hab\u00eda munchos pexes, asina que bax\u00f3 y qued\u00f3se esperando. \u00abAl ratu vi c\u00f3mo s&#8217;averaba una solombra negra y pens\u00e9 que yera un pexe bien grande\u00bb, rellata. Cuando l&#8217;animal aver\u00f3 un pocu m\u00e1s, Edu diose cuenta de que se trataba d&#8217;un tibur\u00f3n.<\/p>\n<p>Nun primer momentu nun sinti\u00f3 mieu \u00abporque s&#8217;allonase\u00bb. \u00abPens\u00e9 que s&#8217;asustara\u00bb, cuenta. Pero l&#8217;escualu volvi\u00f3. \u00abEnde dixi, &#8216;este ta bien pindiu de mi&#8217;, asina que col\u00e9\u00bb, recuerda. Lo que vio&#8217;l mozu yera un caz\u00f3n, seg\u00fan esplic\u00e1ron-y un equipu de bi\u00f3logos que rexistr\u00f3 l&#8217;alcuentru. Esta especie, que puede algamar los dos metros de llargor, suel movese nes ag\u00fces templaes del Atl\u00e1nticu sur. \u00abYe raru velos tan abargana de la mari\u00f1a. Puede ser porque l&#8217;agua ta bien caliente\u00bb, puntualiza.<\/p>\n<p>Ensin dulda foi \u00abl&#8217;alcuentru m\u00e1s impresionante\u00bb qu&#8217;esti pescador vascu tuvo hasta la fecha. Un momentu que pudo inmortalizar gracies a que siempres lleva consigo una c\u00e1mara GoPro. \u00abG\u00fastame grabar lo qu&#8217;atopo para xubir v\u00eddeos a YouTube\u00bb, detalla. Nes sos llargues hores sol mar, cruci\u00f3se con peces bien grandes, cobertor rayes ya inclusive dalg\u00fan c\u00f3ngaru d&#8217;hasta 20 quilos. \u00abPero nada foi tan impresionante como ver un tibur\u00f3n de barganal\u00bb, comenta.<\/p>\n<p style=\"text-align: center\">\n","protected":false},"excerpt":{"rendered":"<p>L&#8217;alcuentru d&#8217;un submarinista con un tibur\u00f3n n&#8217;Asturies: \u00abVi que s&#8217;averaba una solombra bien grande\u00bb. Edu Clausen, de 24 a\u00f1os, vivi\u00f3 una de les esperiencies m\u00e1s sorprendentes so l&#8217;agua mientres fa\u00eda pesca submarina n&#8217;una sablera de Llanes. El Comercio Eduardo Clausen Bald\u00f3<\/p>\n","protected":false},"author":117,"featured_media":0,"comment_status":"closed","ping_status":"open","sticky":false,"template":"","format":"standard","meta":{"footnotes":""},"categories":[25,93],"tags":[],"class_list":["post-54919","post","type-post","status-publish","format-standard","hentry","category-curiosidaes","category-sableres"],"_links":{"self":[{"href":"https:\/\/edublog.educastur.es\/ixuxu\/wp-json\/wp\/v2\/posts\/54919","targetHints":{"allow":["GET"]}}],"collection":[{"href":"https:\/\/edublog.educastur.es\/ixuxu\/wp-json\/wp\/v2\/posts"}],"about":[{"href":"https:\/\/edublog.educastur.es\/ixuxu\/wp-json\/wp\/v2\/types\/post"}],"author":[{"embeddable":true,"href":"https:\/\/edublog.educastur.es\/ixuxu\/wp-json\/wp\/v2\/users\/117"}],"replies":[{"embeddable":true,"href":"https:\/\/edublog.educastur.es\/ixuxu\/wp-json\/wp\/v2\/comments?post=54919"}],"version-history":[{"count":2,"href":"https:\/\/edublog.educastur.es\/ixuxu\/wp-json\/wp\/v2\/posts\/54919\/revisions"}],"predecessor-version":[{"id":54921,"href":"https:\/\/edublog.educastur.es\/ixuxu\/wp-json\/wp\/v2\/posts\/54919\/revisions\/54921"}],"wp:attachment":[{"href":"https:\/\/edublog.educastur.es\/ixuxu\/wp-json\/wp\/v2\/media?parent=54919"}],"wp:term":[{"taxonomy":"category","embeddable":true,"href":"https:\/\/edublog.educastur.es\/ixuxu\/wp-json\/wp\/v2\/categories?post=54919"},{"taxonomy":"post_tag","embeddable":true,"href":"https:\/\/edublog.educastur.es\/ixuxu\/wp-json\/wp\/v2\/tags?post=54919"}],"curies":[{"name":"wp","href":"https:\/\/api.w.org\/{rel}","templated":true}]}}