{"id":54934,"date":"2025-08-06T15:00:47","date_gmt":"2025-08-06T13:00:47","guid":{"rendered":"https:\/\/edublog.educastur.es\/ixuxu\/?p=54934"},"modified":"2025-08-06T23:40:00","modified_gmt":"2025-08-06T21:40:00","slug":"la-nueva-xeneracion-de-gaiteros-asturianos-entra-nescena-y-ya-trien-escenarios-del-mundu","status":"publish","type":"post","link":"https:\/\/edublog.educastur.es\/ixuxu\/2025\/08\/la-nueva-xeneracion-de-gaiteros-asturianos-entra-nescena-y-ya-trien-escenarios-del-mundu\/","title":{"rendered":"La nueva xeneraci\u00f3n de gaiteros asturianos entra n&#8217;escena"},"content":{"rendered":"<p>La nueva xeneraci\u00f3n de gaiteros asturianos entra n&#8217;escena y y\u00e1 tr\u00eden escenarios del mundu. <a href=\"https:\/\/www.lne.es\/gijon\/2025\/08\/06\/nueva-generacion-gaiteros-asturianos-entra-120390114.html?utm_medium=Social&amp;utm_source=Facebook&amp;fbclid=IwY2xjawMApndleHRuA2FlbQIxMQABHudC1eRjGqmnZcW3-DTrb3ovZ-H1jr7DKb8RiDXQA8HVl4I9OIfNXi80L051_aem_T_ZnHrLJHBL6To9uwlAt7w#Echobox=1754464276\">LNE.<\/a>\u00a0 El relevu toma fuerza nel XXV Festival Internacional de Gaites de Xix\u00f3n con mozos m\u00fasicos. En primer t\u00e9rminu, pola esquierda, Martina D\u00edaz, Leyre Miyar y Noa Miyar; tres elles, Sabel D\u00edaz y Nicol\u00e1s Guerra, ayeri, na cai de la Merc\u00e9.<\/p>\n<p style=\"text-align: center\"><a href=\"https:\/\/estaticos-cdn.prensaiberica.es\/clip\/bf9f5203-1a49-4473-9c7c-b817d7f2a99d_16-9-discover-aspect-ratio_default_0.webp\"><img loading=\"lazy\" decoding=\"async\" class=\"aligncenter size-large\" src=\"https:\/\/estaticos-cdn.prensaiberica.es\/clip\/bf9f5203-1a49-4473-9c7c-b817d7f2a99d_16-9-discover-aspect-ratio_default_0.webp\" width=\"1200\" height=\"675\" \/><\/a><\/p>\n<p><!--more--><\/p>\n<p>&nbsp;<\/p>\n<p>Xix\u00f3n vuelve sonar al ritmu de les gaites. Como cada branu, el Festival Internacional de Gaites de Xix\u00f3n ti\u00f1e la ciud\u00e1 de m\u00fasica tradicional, desfiles, espiches y emoci\u00f3n. Angua\u00f1o, am\u00e1s, la cita cumple venticinco a\u00f1os, y faelo nun momentu especialmente simb\u00f3licu, cuando una nueva xeneraci\u00f3n d&#8217;int\u00e9rpretes empieza a triar con fuerza los escenarios y a dexar claro que&#8217;l relevu xeneracional non solo ta en marcha, sin\u00f3n que promete un futuru vibrante pa la m\u00fasica asturiana.<\/p>\n<p>Exemplu d&#8217;ello son Sabel D\u00edaz, Nicol\u00e1s Guerra y tr\u00e9s pequenes d&#8217;apenes diez a\u00f1os: Martina D\u00edaz y les hermanes Noa y Leyre Miyar. Quien formen parte de la banda como unu m\u00e1s, viaxen, comparten esperiencies y remanense con una soltura sorprendente, hasta s&#8217;atrevieron a tocar una pequena pieza improvisada ayeri na cai de la Merc\u00e9 frente a un n\u00famberu considerable d&#8217;oyentes que nun duldaren n&#8217;ovacionalos.<\/p>\n<p>Los cinco tresmiten una fuerte pasi\u00f3n pola m\u00fasica asturiana, anque non toos llegaron a ella de la mesma manera. Nicol\u00e1s Guerra, por casu, tien antecedentes na familia. \u00abEmpec\u00e9 cola gaita porque&#8217;l mio g\u00fcelu y\u00e1 lu tocaba y gust\u00f3me\u00bb. A Martina D\u00edaz bast\u00f3-y con ver una gaita de cerca pa saber que quer\u00eda formar parte d&#8217;eso. \u00abBaillaba nun grupu y un d\u00eda violos de cerca, encant\u00e1ronme\u00bb, afirm\u00f3. G\u00fcei toos coinciden na so pasi\u00f3n pola m\u00fasica y les sos ganes de siguir viviendo grandes momentos.<\/p>\n<p style=\"text-align: center\"><em>Conciertu improvis\u00e1u, ayeri, na cai La Merc\u00e9.<\/em><\/p>\n<p style=\"text-align: center\"><a href=\"https:\/\/estaticos-cdn.prensaiberica.es\/clip\/73df0f20-0a4e-4291-bd2a-66f678a660c9_source-aspect-ratio_default_0.webp\"><img loading=\"lazy\" decoding=\"async\" class=\"aligncenter size-large\" src=\"https:\/\/estaticos-cdn.prensaiberica.es\/clip\/73df0f20-0a4e-4291-bd2a-66f678a660c9_source-aspect-ratio_default_0.webp\" width=\"2000\" height=\"1333\" \/><\/a><\/p>\n<p>A pesar de la so ed\u00e1, y\u00e1 tienen an\u00e9cdotes que munchos m\u00fasicos veteranos envidiar\u00eden, tocaron en pa\u00edses como Francia, Portugal o Estaos Xun\u00edos, precisamente nel so reci\u00e9n viaxe cola banda a Nueva York pa tocar en Times Square mientres el d\u00eda de San Patriciu vivieron una d&#8217;eses esperiencies que, siquier pa ellos, \u00abnunca s&#8217;escaecen\u00bb, m\u00e1s all\u00e1 de la espectacularid\u00e1 del viaxe, una pequena an\u00e9cdota foi la que los marc\u00f3.<\/p>\n<p>El vuelu d&#8217;ida retras\u00f3se m\u00e1s d&#8217;una hora por problemes nel avi\u00f3n, y mientres el restu de pasaxeros resign\u00e1bense a la espera, ellos y los sos compa\u00f1eros sacaron los preseos y tocaron p&#8217;amenizar la demoranza. Cuando son\u00f3 l&#8217;Himnu d&#8217;Asturies, los aplausos nun tardaron en llegar y, a la fin, la ovaci\u00f3n foi xeneral, el mesmu comandante felicit\u00f3-yos por megafon\u00eda. Tres ello dellos pasaxeros hasta s&#8217;averaron a da-yos les gracies por animar l&#8217;ambiente. \u00abFoi superemocionante\u00bb afirmaron, y\u00e1 que, dacuando, la m\u00fasica ruempe barreres, xune y emociona a persones de too tipu.<\/p>\n<p>Xustamente g\u00fcei, nes Escuela de Comerciu a les 19.00 hores, estr\u00e9nase&#8217;l documental que recueye les vivencies de too esi viaxe, y los cinco van dir a velo acompa\u00f1aos de les sos families y amigos. T\u00e1n provec\u00edos, non solo por vese en pantalla, sin\u00f3n por alicar tolo que pas\u00f3 ell\u00ed.<\/p>\n","protected":false},"excerpt":{"rendered":"<p>La nueva xeneraci\u00f3n de gaiteros asturianos entra n&#8217;escena y y\u00e1 tr\u00eden escenarios del mundu. LNE.\u00a0 El relevu toma fuerza nel XXV Festival Internacional de Gaites de Xix\u00f3n con mozos m\u00fasicos. En primer t\u00e9rminu, pola esquierda, Martina D\u00edaz, Leyre Miyar y Noa Miyar; tres elles, Sabel D\u00edaz y Nicol\u00e1s Guerra, ayeri, na cai de la Merc\u00e9.<\/p>\n","protected":false},"author":117,"featured_media":0,"comment_status":"closed","ping_status":"open","sticky":false,"template":"","format":"standard","meta":{"footnotes":""},"categories":[425],"tags":[],"class_list":["post-54934","post","type-post","status-publish","format-standard","hentry","category-gaita"],"_links":{"self":[{"href":"https:\/\/edublog.educastur.es\/ixuxu\/wp-json\/wp\/v2\/posts\/54934","targetHints":{"allow":["GET"]}}],"collection":[{"href":"https:\/\/edublog.educastur.es\/ixuxu\/wp-json\/wp\/v2\/posts"}],"about":[{"href":"https:\/\/edublog.educastur.es\/ixuxu\/wp-json\/wp\/v2\/types\/post"}],"author":[{"embeddable":true,"href":"https:\/\/edublog.educastur.es\/ixuxu\/wp-json\/wp\/v2\/users\/117"}],"replies":[{"embeddable":true,"href":"https:\/\/edublog.educastur.es\/ixuxu\/wp-json\/wp\/v2\/comments?post=54934"}],"version-history":[{"count":4,"href":"https:\/\/edublog.educastur.es\/ixuxu\/wp-json\/wp\/v2\/posts\/54934\/revisions"}],"predecessor-version":[{"id":54938,"href":"https:\/\/edublog.educastur.es\/ixuxu\/wp-json\/wp\/v2\/posts\/54934\/revisions\/54938"}],"wp:attachment":[{"href":"https:\/\/edublog.educastur.es\/ixuxu\/wp-json\/wp\/v2\/media?parent=54934"}],"wp:term":[{"taxonomy":"category","embeddable":true,"href":"https:\/\/edublog.educastur.es\/ixuxu\/wp-json\/wp\/v2\/categories?post=54934"},{"taxonomy":"post_tag","embeddable":true,"href":"https:\/\/edublog.educastur.es\/ixuxu\/wp-json\/wp\/v2\/tags?post=54934"}],"curies":[{"name":"wp","href":"https:\/\/api.w.org\/{rel}","templated":true}]}}