{"id":54952,"date":"2025-08-06T19:53:59","date_gmt":"2025-08-06T17:53:59","guid":{"rendered":"https:\/\/edublog.educastur.es\/ixuxu\/?p=54952"},"modified":"2025-08-08T12:43:49","modified_gmt":"2025-08-08T10:43:49","slug":"esposicion-tierra-de-maiz-en-xixon","status":"publish","type":"post","link":"https:\/\/edublog.educastur.es\/ixuxu\/2025\/08\/esposicion-tierra-de-maiz-en-xixon\/","title":{"rendered":"Esposici\u00f3n: \u00abTierra de ma\u00edz\u00bb en Xix\u00f3n"},"content":{"rendered":"<div class=\"html-div xdj266r xexx8yu xyri2b x18d9i69 x1c1uobl x1n2onr6 x1lziwak x14z9mp xod5an3\">\n<div class=\"html-div xdj266r x14z9mp xat24cr x1lziwak xexx8yu xyri2b x18d9i69 x1c1uobl x6ikm8r x10wlt62\" style=\"text-align: center\">\n<!-- iframe plugin v.6.0 wordpress.org\/plugins\/iframe\/ -->\n<iframe loading=\"lazy\" src=\"https:\/\/www.facebook.com\/plugins\/post.php?href=https%3A%2F%2Fwww.facebook.com%2Fmuseos.gijon%2Fposts%2Fpfbid0VpxgTnw21KxtUhvi1d2bYZsSbLi5jf7XsoPtDodNdpVgsohayv3iKfz1JNodhMcgl&#038;show_text=false&#038;width=500\" width=\"500\" height=\"357\" style=\"border:none;overflow:hidden\" scrolling=\"no\" frameborder=\"0\" allowfullscreen=\"true\" allow=\"autoplay; clipboard-write; encrypted-media; picture-in-picture; web-share\" 0=\"\/iframe\" class=\"iframe-class\"><\/iframe>\n<\/div>\n<\/div>\n<div class=\"html-div xdj266r x14z9mp xat24cr x1lziwak xexx8yu x1a8lsjc xf7dkkf xv54qhq\">\n<div class=\"html-div xdj266r x14z9mp xat24cr x1lziwak xexx8yu xyri2b x18d9i69 x1c1uobl x1jx94hy x78zum5 x1q0g3np\">\n<div class=\"html-div xdj266r xat24cr x1lziwak xexx8yu xyri2b x18d9i69 x1c1uobl x78zum5 x2lah0s xqtp20y x1xegmmw\">\n<div class=\"xc9qbxq x1td3qas x6s0dn4 x78zum5 xl56j7k\">\n<div class=\"\"><\/div>\n<\/div>\n<\/div>\n<\/div>\n<\/div>\n<div class=\"xu06os2 x1ok221b\">\n<div class=\"html-div xdj266r x14z9mp xat24cr x1lziwak xexx8yu xyri2b x18d9i69 x1c1uobl\" data-ad-rendering-role=\"profile_name\">\n<ul>\n<li class=\"html-h3 x14z9mp xat24cr x1lziwak xexx8yu xyri2b x18d9i69 x1c1uobl x1vvkbs x1heor9g x1qlqyl8 x1pd3egz x1a2a7pz x1gslohp x1yc453h\"><span class=\"x1lliihq x6ikm8r x10wlt62 x1n2onr6\"><span class=\"xt0psk2\"><span class=\"xjp7ctv\"><a class=\"x1i10hfl xjbqb8w x1ejq31n x18oe1m7 x1sy0etr xstzfhl x972fbf x10w94by x1qhh985 x14e42zd x9f619 x1ypdohk xt0psk2 xe8uvvx xdj266r x14z9mp xat24cr x1lziwak xexx8yu xyri2b x18d9i69 x1c1uobl x16tdsg8 x1hl2dhg xggy1nq x1a2a7pz xkrqix3 x1sur9pj xzsf02u x1s688f\" role=\"link\" href=\"https:\/\/www.facebook.com\/museos.gijon?__cft__[0]=AZXPvB9UcUjfRDhnGXySsiwo4gIn5f5GfSzjuPM1IZAvCyH6doe5vii3wxrLxw4J2roAH8VSra2X7TYhLiSE_ESqiumE-xYQs10wb8_BGd2gQvLhUDAKbr5_QIXBSHFUhrEqlo0obXB7DYrsF3boCDMPxbEYS5Ga2XcFvhsdrzDPtIwolUsMpjcU8A4TszM48wFrrlO7QBRxvrOE2f4kiG6Y&amp;__tn__=-UC%2CP-y-R\"><b class=\"html-b xdj266r x14z9mp xat24cr x1lziwak xexx8yu xyri2b x18d9i69 x1c1uobl x1hl2dhg x16tdsg8 x1vvkbs x1s688f\"><span class=\"html-span xdj266r x14z9mp xat24cr x1lziwak xexx8yu xyri2b x18d9i69 x1c1uobl x1hl2dhg x16tdsg8 x1vvkbs\">Red Municipal de Museos de Gij\u00f3n\/Xix\u00f3n<\/span><\/b><\/a><\/span><\/span><\/span>\/ <a href=\"https:\/\/www.lne.es\/asturias-exterior\/2025\/08\/05\/mexicano-pequeno-amarillo-transformo-asturias-120355375.html\">LNE <\/a>\/<\/li>\n<\/ul>\n<\/div>\n<\/div>\n<div class=\"html-div xdj266r x14z9mp xat24cr x1lziwak xexx8yu xyri2b x18d9i69 x1c1uobl\" dir=\"auto\">\n<div class=\"html-div xdj266r x14z9mp xat24cr x1lziwak xexx8yu xyri2b x18d9i69 x1c1uobl\" dir=\"auto\">\n<div class=\"html-div xdj266r x14z9mp xat24cr x1lziwak xexx8yu xyri2b x18d9i69 x1c1uobl\" data-ad-rendering-role=\"story_message\">\n<div class=\"x1l90r2v x1iorvi4 x1g0dm76 xpdmqnj\" data-ad-comet-preview=\"message\" data-ad-preview=\"message\">\n<div class=\"x78zum5 xdt5ytf xz62fqu x16ldp7u\">\n<div class=\"xu06os2 x1ok221b\">\n<div class=\"html-div xdj266r x14z9mp xat24cr x1lziwak xexx8yu xyri2b x18d9i69 x1c1uobl\">\n<div class=\"xdj266r x14z9mp xat24cr x1lziwak x1vvkbs x126k92a\">\n<p><span class=\"html-span xexx8yu xyri2b x18d9i69 x1c1uobl x1hl2dhg x16tdsg8 x1vvkbs x3nfvp2 x1j61x8r x1fcty0u xdj266r xat24cr xm2jcoa x1mpyi22 xxymvpz xlup9mm x1kky2od\"><img loading=\"lazy\" decoding=\"async\" class=\"xz74otr x15mokao x1ga7v0g x16uus16 xbiv7yw\" src=\"https:\/\/static.xx.fbcdn.net\/images\/emoji.php\/v9\/t1c\/1\/16\/1f33d.png\" alt=\"\ud83c\udf3d\" width=\"16\" height=\"16\" \/><\/span> INAUGURACI\u00d3N | <span style=\"color: #008080\"><strong>TIERRA DE MA\u00cdZ: La presencia del ma\u00edz na fotograf\u00eda asturiana, 1890\u20131990. <\/strong><\/span>Desque lleg\u00f3 de M\u00e9xico nel sieglu XVII, el ma\u00edz tresform\u00f3&#8217;l paisaxe, l&#8217;arquitectura y la vida rural asturiana. Esta esposici\u00f3n percuerre un sieglu d&#8217;imaxes que prinden la so buelga: nes paneres, nes semeyes, nes postales costumbristas\u2026 una mirada visual a c\u00f3mo esta planta poderosa convertiose en s\u00edmbolu d&#8217;identid\u00e1.<\/p>\n<ul>\n<li><span style=\"color: #008080\"><strong>Xueves, 7 d&#8217;agostu a les 11:30<\/strong><\/span><\/li>\n<li><span style=\"color: #008080\"><strong>Mus\u00e9u del Pueblu d\u2019Asturies \/\u00a0<\/strong><\/span>@museudelpuebludasturies<\/li>\n<\/ul>\n<p><!--more--><\/p>\n<p><em>Joaqu\u00edn Garc\u00eda Cuesta. Esfoyaza. Carrandi, 1930.<\/em><\/p>\n<p style=\"text-align: center\"><a href=\"https:\/\/estaticos-cdn.prensaiberica.es\/clip\/dd7fd650-b7db-4812-b545-ba5bf545143d_16-9-discover-aspect-ratio_default_0.webp\"><img loading=\"lazy\" decoding=\"async\" class=\"aligncenter size-large\" src=\"https:\/\/estaticos-cdn.prensaiberica.es\/clip\/dd7fd650-b7db-4812-b545-ba5bf545143d_16-9-discover-aspect-ratio_default_0.webp\" width=\"1200\" height=\"675\" \/><\/a><\/p>\n<\/div>\n<\/div>\n<\/div>\n<\/div>\n<\/div>\n<\/div>\n<\/div>\n<\/div>\n<p><strong>El mexicanu, peque\u00f1u y mariellu, que tresform\u00f3 Asturies. <\/strong>El Mus\u00e9u del Pueblu d\u2019Asturies inaugura&#8217;l xueves una amuesa sobro la introducci\u00f3n del ma\u00edz na rex\u00f3n.<\/p>\n<p>La conquista espa\u00f1ola d&#8217;Am\u00e9rica tami\u00e9n foi xuna conquista americana d&#8217;Espa\u00f1a. Un peque\u00f1u y nutritivu granu lleg\u00f3 a principios del XVII y tresform\u00f3 Asturies; camud\u00f3&#8217;l ciclu agr\u00edcola, el paisaxe, l&#8217;arquitectura rural cola espansi\u00f3n de la panera, el corredor y el mol\u00edn fari\u00f1eru y, bien importante, \u00abquit\u00f3 enforma fame\u00bb nuna tierra probe como \u00e9sta.<\/p>\n<p>A esi conquistador peque\u00f1u y mariellu, que vien al mundu en grandes panoyes puestes a ensugar y decorar de cam\u00edn los horros, va dedicalu una gran esposici\u00f3n fotogr\u00e1fica. <strong>\u00c1brese&#8217;l pr\u00f3ximu 7 d&#8217;agostu y lleva por t\u00edtulu \u00abTierra de ma\u00edz. La presencia del ma\u00edz na fotograf\u00eda asturiana 1890-1990\u00bb.<\/strong><\/p>\n<p style=\"text-align: center\"><a href=\"https:\/\/estaticos-cdn.prensaiberica.es\/clip\/bc95b9e6-330b-4350-96a9-5602c58bec51_source-aspect-ratio_default_0.webp\"><img loading=\"lazy\" decoding=\"async\" class=\"aligncenter size-large\" src=\"https:\/\/estaticos-cdn.prensaiberica.es\/clip\/bc95b9e6-330b-4350-96a9-5602c58bec51_source-aspect-ratio_default_0.webp\" width=\"765\" height=\"558\" \/><\/a><\/p>\n<p><em>Tarxeta postal costumbrista. Ediciones Alarde. Uvi\u00e9u, 1964<\/em><\/p>\n<p>La esposici\u00f3n surdi\u00f3 por iniciativa de l&#8217;asociaci\u00f3n \u00abTarucu\u00bb, creada pa la recuperaci\u00f3n de la memoria del ma\u00edz asturianu, impulsada pol cocineru aviles\u00edn Miguel Sierra. Y am\u00e1s de les fotograf\u00edes espuestes &#8211; una ciudada y sorprendente selecci\u00f3n del fabulosu fondu del Mus\u00e9u- tami\u00e9n se va editar un llibru onde se van reproducir toles imaxes acompa\u00f1aes d&#8217;un testu del antrop\u00f3logu Adolfo Garc\u00eda, la gran referencia nel estudiu del mundu rural asturianu.<\/p>\n<p>El ma\u00edz, les riestres colgaes de los corredores, o la esuberancia de maizal, yeren un fondu busc\u00e1u munches vegaes pa la semeya. \u00abYera un signu de poder\u00edu y prest\u00edu de la casa llabradora\u00bb, indica Juaco L\u00f3pez, director del Mus\u00e9u y comisariu d&#8217;esta amuesa que revela la buelga n&#8217;Asturies del granu americanu que favorecer\u00eda una esplosi\u00f3n demogr\u00e1fica que, nun interes\u00e1u efectu de vuelta, contribuyir\u00eda a la emigraci\u00f3n masiva d&#8217;asturianos a Am\u00e9rica.<\/p>\n","protected":false},"excerpt":{"rendered":"<p>Red Municipal de Museos de Gij\u00f3n\/Xix\u00f3n\/ LNE \/ INAUGURACI\u00d3N | TIERRA DE MA\u00cdZ: La presencia del ma\u00edz na fotograf\u00eda asturiana, 1890\u20131990. Desque lleg\u00f3 de M\u00e9xico nel sieglu XVII, el ma\u00edz tresform\u00f3&#8217;l paisaxe, l&#8217;arquitectura y la vida rural asturiana. Esta esposici\u00f3n percuerre un sieglu d&#8217;imaxes que prinden la so buelga: nes paneres, nes semeyes, nes postales [&hellip;]<\/p>\n","protected":false},"author":117,"featured_media":0,"comment_status":"closed","ping_status":"open","sticky":false,"template":"","format":"standard","meta":{"footnotes":""},"categories":[14,15,183],"tags":[],"class_list":["post-54952","post","type-post","status-publish","format-standard","hentry","category-esposiciones","category-museos","category-xixon"],"_links":{"self":[{"href":"https:\/\/edublog.educastur.es\/ixuxu\/wp-json\/wp\/v2\/posts\/54952","targetHints":{"allow":["GET"]}}],"collection":[{"href":"https:\/\/edublog.educastur.es\/ixuxu\/wp-json\/wp\/v2\/posts"}],"about":[{"href":"https:\/\/edublog.educastur.es\/ixuxu\/wp-json\/wp\/v2\/types\/post"}],"author":[{"embeddable":true,"href":"https:\/\/edublog.educastur.es\/ixuxu\/wp-json\/wp\/v2\/users\/117"}],"replies":[{"embeddable":true,"href":"https:\/\/edublog.educastur.es\/ixuxu\/wp-json\/wp\/v2\/comments?post=54952"}],"version-history":[{"count":3,"href":"https:\/\/edublog.educastur.es\/ixuxu\/wp-json\/wp\/v2\/posts\/54952\/revisions"}],"predecessor-version":[{"id":55185,"href":"https:\/\/edublog.educastur.es\/ixuxu\/wp-json\/wp\/v2\/posts\/54952\/revisions\/55185"}],"wp:attachment":[{"href":"https:\/\/edublog.educastur.es\/ixuxu\/wp-json\/wp\/v2\/media?parent=54952"}],"wp:term":[{"taxonomy":"category","embeddable":true,"href":"https:\/\/edublog.educastur.es\/ixuxu\/wp-json\/wp\/v2\/categories?post=54952"},{"taxonomy":"post_tag","embeddable":true,"href":"https:\/\/edublog.educastur.es\/ixuxu\/wp-json\/wp\/v2\/tags?post=54952"}],"curies":[{"name":"wp","href":"https:\/\/api.w.org\/{rel}","templated":true}]}}