{"id":54957,"date":"2025-08-07T08:30:21","date_gmt":"2025-08-07T06:30:21","guid":{"rendered":"https:\/\/edublog.educastur.es\/ixuxu\/?p=54957"},"modified":"2025-08-07T10:58:54","modified_gmt":"2025-08-07T08:58:54","slug":"el-tiempu-el-comercio-111","status":"publish","type":"post","link":"https:\/\/edublog.educastur.es\/ixuxu\/2025\/08\/el-tiempu-el-comercio-111\/","title":{"rendered":"El tiempu (El Comercio)"},"content":{"rendered":"<p style=\"text-align: center\"><a href=\"https:\/\/s3.ppllstatics.com\/elcomercio\/www\/multimedia\/2025\/08\/05\/tiempo-asturias-k5EG-U2301948938566Ca-1200x860@El%20Comercio.jpg\"><img loading=\"lazy\" decoding=\"async\" class=\"aligncenter size-large\" src=\"https:\/\/s3.ppllstatics.com\/elcomercio\/www\/multimedia\/2025\/08\/05\/tiempo-asturias-k5EG-U2301948938566Ca-1200x860@El%20Comercio.jpg\" width=\"1200\" height=\"860\" \/><\/a><\/p>\n<p>Esperamos nubes baxes <strong>a primeres hores de la ma\u00f1ana<\/strong>, pero col intre de les hores estes nubes van sumir dexando&#8217;l cielu, a lo sumo, con intervalos de nubes altes ensin importancia.<strong> Les precipitaciones<\/strong> van ser bien pocu probables pero, mientres tean presentes les nubes baxes, nun se refuga que pueda escapase dalg\u00fan orbayu bien pocu significativa en zones de la met\u00e1 norte asturiana. <strong>Los vientos<\/strong> van predominar de nordeste fluexos nel interior y con raches moderaes na mari\u00f1a.<strong> Les temperatures m\u00e1ximes<\/strong> van xubir de forma importante nel cordal y nel suroccidente, de forma m\u00e1s moderada nel restu del interior, y bien llixeramente o apenes inapreciable na mari\u00f1a.<\/p>\n<p><!--more--><\/p>\n<p><strong>El xueves<\/strong> va ser un d\u00eda soleyeru mientres casi tola xornada. Vamos poder amanecer con cierta nubosid\u00e1 na met\u00e1 norte asturiana, pero tol Princip\u00e1u va acabar llimpiu de nubes a partir, sobremanera, del mediud\u00eda. Tarde polo tanto soleyera y acompa\u00f1ada d&#8217;unes temperatures que, llixeramente, van ser daqu\u00e9 m\u00e1s altes que les del mi\u00e9rcoles. Los vientos van siguir soplando de nordeste na mari\u00f1a con dalguna qu&#8217;otra racha moderada (m\u00e1s fluexes que la del mi\u00e9rcoles), ente que nel interior apenes se van notar.<\/p>\n","protected":false},"excerpt":{"rendered":"<p>Esperamos nubes baxes a primeres hores de la ma\u00f1ana, pero col intre de les hores estes nubes van sumir dexando&#8217;l cielu, a lo sumo, con intervalos de nubes altes ensin importancia. Les precipitaciones van ser bien pocu probables pero, mientres tean presentes les nubes baxes, nun se refuga que pueda escapase dalg\u00fan orbayu bien pocu [&hellip;]<\/p>\n","protected":false},"author":117,"featured_media":0,"comment_status":"closed","ping_status":"open","sticky":false,"template":"","format":"standard","meta":{"footnotes":""},"categories":[5],"tags":[],"class_list":["post-54957","post","type-post","status-publish","format-standard","hentry","category-tiempu"],"_links":{"self":[{"href":"https:\/\/edublog.educastur.es\/ixuxu\/wp-json\/wp\/v2\/posts\/54957","targetHints":{"allow":["GET"]}}],"collection":[{"href":"https:\/\/edublog.educastur.es\/ixuxu\/wp-json\/wp\/v2\/posts"}],"about":[{"href":"https:\/\/edublog.educastur.es\/ixuxu\/wp-json\/wp\/v2\/types\/post"}],"author":[{"embeddable":true,"href":"https:\/\/edublog.educastur.es\/ixuxu\/wp-json\/wp\/v2\/users\/117"}],"replies":[{"embeddable":true,"href":"https:\/\/edublog.educastur.es\/ixuxu\/wp-json\/wp\/v2\/comments?post=54957"}],"version-history":[{"count":1,"href":"https:\/\/edublog.educastur.es\/ixuxu\/wp-json\/wp\/v2\/posts\/54957\/revisions"}],"predecessor-version":[{"id":54958,"href":"https:\/\/edublog.educastur.es\/ixuxu\/wp-json\/wp\/v2\/posts\/54957\/revisions\/54958"}],"wp:attachment":[{"href":"https:\/\/edublog.educastur.es\/ixuxu\/wp-json\/wp\/v2\/media?parent=54957"}],"wp:term":[{"taxonomy":"category","embeddable":true,"href":"https:\/\/edublog.educastur.es\/ixuxu\/wp-json\/wp\/v2\/categories?post=54957"},{"taxonomy":"post_tag","embeddable":true,"href":"https:\/\/edublog.educastur.es\/ixuxu\/wp-json\/wp\/v2\/tags?post=54957"}],"curies":[{"name":"wp","href":"https:\/\/api.w.org\/{rel}","templated":true}]}}