{"id":54965,"date":"2025-08-07T11:05:58","date_gmt":"2025-08-07T09:05:58","guid":{"rendered":"https:\/\/edublog.educastur.es\/ixuxu\/?p=54965"},"modified":"2025-08-07T11:05:58","modified_gmt":"2025-08-07T09:05:58","slug":"cultura-invierte-nel-2025-mas-de-700-000-euros-en-44-festivales-per-toa-asturies","status":"publish","type":"post","link":"https:\/\/edublog.educastur.es\/ixuxu\/2025\/08\/cultura-invierte-nel-2025-mas-de-700-000-euros-en-44-festivales-per-toa-asturies\/","title":{"rendered":"Cultura invierte nel 2025 m\u00e1s de 700.000 euros en 44 festivales per toa Asturies"},"content":{"rendered":"<p style=\"text-align: center\"><a href=\"https:\/\/actualidad.asturias.es\/documents\/537115\/2729572\/2025_08_06+Presentacion+Prestoso+Fest+4.jpeg\/7e5292c0-a469-a9bf-662b-4947f1a4b25b?t=1754484757896\"><img loading=\"lazy\" decoding=\"async\" class=\"aligncenter size-large\" src=\"https:\/\/actualidad.asturias.es\/documents\/537115\/2729572\/2025_08_06+Presentacion+Prestoso+Fest+4.jpeg\/7e5292c0-a469-a9bf-662b-4947f1a4b25b?t=1754484757896\" width=\"2048\" height=\"1536\" \/><\/a><a href=\"https:\/\/actualidad.asturias.es\/-\/cultura-invierte-este-a%C3%B1o-m%C3%A1s-de-700.000-euros-en-44-festivales-por-toda-asturias?redirect=%2Fnoticias\">Actualid\u00e1 Asturies<\/a><\/p>\n<ul>\n<li><strong>\u2060Les llinies d\u2019ayudes impulsaes pola conseyer\u00eda prioricen proyectos que fomenten l\u2019equilibriu territorial y tienen una incidencia especial en conceyos de menos poblaci\u00f3n.\u00a0<\/strong><\/li>\n<li><strong>\u2060La conseyera destaca en Cangas del Narcea c\u00f3mo \u201cdos festivales celebraos nesti conceyu nes \u00faltimes selmanes reciben una inversi\u00f3n de m\u00e1s de 80.000 euros qu\u2019impacten directamente na econom\u00eda y la vida cultural local\u201d<\/strong><\/li>\n<\/ul>\n<p><!--more--><\/p>\n<p>La conseyera de Cultura, Pol\u00edtica Lling\u00fc\u00edstica y Deporte, Vanessa Guti\u00e9rrez, particip\u00f3 esta ma\u00f1ana na presentaci\u00f3n d\u2019una edici\u00f3n nueva del Prestoso Fest en Cangas del Narcea, onde sorray\u00f3\u2019l papel clave d\u2019esti tipu d\u2019iniciatives \u201ccomo una referencia afianzada con m\u00e1s d\u2019una d\u00e9cada d\u2019historia, exemplu de festival cultural desenvueltu en zones rurales, de calter sostenible, respetuosu y compromet\u00edu col entornu natural, qu\u2019ufierta una programaci\u00f3n de calid\u00e1 al tiempu que dinamiza la econom\u00eda y la cultura local\u201d.<\/p>\n<p>El festival, que se celebra esti fin de selmana nel llugar de Las Barzaniel.las, cunta con una subvenci\u00f3n cercana a los 50.000 euros del Gobiernu del Princip\u00e1u.<\/p>\n<p>Na so visita al recintu del festival, la conseyera reiter\u00f3 \u201cl\u2019apueste firme de la Conseyer\u00eda de Cultura por esti tipu d\u2019eventos\u201d, y esplic\u00f3 que, nam\u00e1s al travi\u00e9s de dos llinies d\u2019ayudes \u2014una destinada a desenvolver proyectos singulares con incidencia especial nel mediu rural, y otra centrada en festivales culturales\u2014, el Princip\u00e1u destina m\u00e1s de 700.000 euros pa facer posible la celebraci\u00f3n de 44 festivales en tol territoriu asturianu nesti 2025.<\/p>\n<p>Vanessa Guti\u00e9rrez afirm\u00f3 que \u201cestes ayudes son un reflexu del compromisu del Gobiernu d\u2019Adri\u00e1n Barb\u00f3n colos derechos culturales de la ciudadan\u00eda, y\u00e1 que garanticen l\u2019accesu, la participaci\u00f3n y el desenvolvimientu de la vida cultural, am\u00e1s d\u2019ayudar a la profesionalizaci\u00f3n del sector y a la dinamizaci\u00f3n del mediu rural\u201d. Record\u00f3 que les bases d\u2019estes subvenciones prioricen proyectos que fomenten l\u2019equilibriu territorial, involucren a los y les creadores locales y se desenvuelvan en conceyos con menos densid\u00e1 de poblaci\u00f3n.<\/p>\n<p>A manera d\u2019exemplu, se\u00f1al\u00f3 que \u201cnam\u00e1s colos festivales Vi\u00f1a y Obra y el Prestoso Fest, celebraos esti branu en Cangas del Narcea, la Conseyer\u00eda fixo una inversi\u00f3n de m\u00e1s de 80.000 euros que repercute directamente nel conceyu y nel tex\u00edu cultural y econ\u00f3mico\u201d.<\/p>\n<p>Am\u00e1s del impactu cultural y social, la conseyera quixo destacar l\u2019impactu econ\u00f3micu que xeneren esti tipu d\u2019eventos. Nel casu concretu del Prestoso Fest, la organizaci\u00f3n calcula la creaci\u00f3n d\u2019un cientu d\u2019emplegos directos y indirectos nos d\u00edes de celebraci\u00f3n del festival, lo que da cuenta del papel que desempe\u00f1en estos eventos como motores de desenvolvimientu econ\u00f3micu local, sobre manera en zones rurales.<\/p>\n<p>\u201cEl Prestoso ye un exemplu claru de c\u00f3mo la cultura, am\u00e1s de ser un derechu, pue ser una ferramienta eficaz pa fixar poblaci\u00f3n, xenerar oportunidaes llaborales y proyectar la identid\u00e1 asturiana m\u00e1s p\u2019all\u00e1 de les nuestres fronteres\u201d, concluy\u00f3.<\/p>\n","protected":false},"excerpt":{"rendered":"<p>Actualid\u00e1 Asturies \u2060Les llinies d\u2019ayudes impulsaes pola conseyer\u00eda prioricen proyectos que fomenten l\u2019equilibriu territorial y tienen una incidencia especial en conceyos de menos poblaci\u00f3n.\u00a0 \u2060La conseyera destaca en Cangas del Narcea c\u00f3mo \u201cdos festivales celebraos nesti conceyu nes \u00faltimes selmanes reciben una inversi\u00f3n de m\u00e1s de 80.000 euros qu\u2019impacten directamente na econom\u00eda y la vida [&hellip;]<\/p>\n","protected":false},"author":117,"featured_media":0,"comment_status":"closed","ping_status":"open","sticky":false,"template":"","format":"standard","meta":{"footnotes":""},"categories":[38],"tags":[],"class_list":["post-54965","post","type-post","status-publish","format-standard","hentry","category-cultura"],"_links":{"self":[{"href":"https:\/\/edublog.educastur.es\/ixuxu\/wp-json\/wp\/v2\/posts\/54965","targetHints":{"allow":["GET"]}}],"collection":[{"href":"https:\/\/edublog.educastur.es\/ixuxu\/wp-json\/wp\/v2\/posts"}],"about":[{"href":"https:\/\/edublog.educastur.es\/ixuxu\/wp-json\/wp\/v2\/types\/post"}],"author":[{"embeddable":true,"href":"https:\/\/edublog.educastur.es\/ixuxu\/wp-json\/wp\/v2\/users\/117"}],"replies":[{"embeddable":true,"href":"https:\/\/edublog.educastur.es\/ixuxu\/wp-json\/wp\/v2\/comments?post=54965"}],"version-history":[{"count":1,"href":"https:\/\/edublog.educastur.es\/ixuxu\/wp-json\/wp\/v2\/posts\/54965\/revisions"}],"predecessor-version":[{"id":54966,"href":"https:\/\/edublog.educastur.es\/ixuxu\/wp-json\/wp\/v2\/posts\/54965\/revisions\/54966"}],"wp:attachment":[{"href":"https:\/\/edublog.educastur.es\/ixuxu\/wp-json\/wp\/v2\/media?parent=54965"}],"wp:term":[{"taxonomy":"category","embeddable":true,"href":"https:\/\/edublog.educastur.es\/ixuxu\/wp-json\/wp\/v2\/categories?post=54965"},{"taxonomy":"post_tag","embeddable":true,"href":"https:\/\/edublog.educastur.es\/ixuxu\/wp-json\/wp\/v2\/tags?post=54965"}],"curies":[{"name":"wp","href":"https:\/\/api.w.org\/{rel}","templated":true}]}}