{"id":54977,"date":"2025-08-07T11:36:43","date_gmt":"2025-08-07T09:36:43","guid":{"rendered":"https:\/\/edublog.educastur.es\/ixuxu\/?p=54977"},"modified":"2025-08-07T11:36:43","modified_gmt":"2025-08-07T09:36:43","slug":"la-seleccion-espanola-femenina-de-futbol-vuelve-al-primer-puestu-del-ranking-fifa","status":"publish","type":"post","link":"https:\/\/edublog.educastur.es\/ixuxu\/2025\/08\/la-seleccion-espanola-femenina-de-futbol-vuelve-al-primer-puestu-del-ranking-fifa\/","title":{"rendered":"La Selecci\u00f3n Espa\u00f1ola Femenina de F\u00fatbol vuelve al primer puestu del Ranking FIFA"},"content":{"rendered":"<div class=\"html-div xdj266r xat24cr x1lziwak xexx8yu xyri2b x18d9i69 x1c1uobl x78zum5 x2lah0s xqtp20y x1xegmmw\">\n<div class=\"xc9qbxq x14qfxbe x6s0dn4 x78zum5 xl56j7k\">\n<div class=\"\" style=\"text-align: center\"><a href=\"https:\/\/rfef.es\/sites\/default\/files\/styles\/noticias_image_content\/public\/n\/2025-07-23_partido_alemania-espana_4291.jpg.webp?itok=4WWJXIYU\"><img loading=\"lazy\" decoding=\"async\" class=\"aligncenter size-large\" src=\"https:\/\/rfef.es\/sites\/default\/files\/styles\/noticias_image_content\/public\/n\/2025-07-23_partido_alemania-espana_4291.jpg.webp?itok=4WWJXIYU\" width=\"960\" height=\"540\" \/><\/a><\/div>\n<\/div>\n<\/div>\n<div class=\"x78zum5 xdt5ytf xz62fqu x16ldp7u\">\n<div class=\"xu06os2 x1ok221b\">\n<div class=\"html-div xdj266r x14z9mp xat24cr x1lziwak xexx8yu xyri2b x18d9i69 x1c1uobl\" data-ad-rendering-role=\"profile_name\">\n<ul>\n<li class=\"html-h3 x14z9mp xat24cr x1lziwak xexx8yu xyri2b x18d9i69 x1c1uobl x1vvkbs x1heor9g x1qlqyl8 x1pd3egz x1a2a7pz x1gslohp x1yc453h\"><span class=\"x1lliihq x6ikm8r x10wlt62 x1n2onr6\"><span class=\"xt0psk2\"><span class=\"xjp7ctv\"><a class=\"x1i10hfl xjbqb8w x1ejq31n x18oe1m7 x1sy0etr xstzfhl x972fbf x10w94by x1qhh985 x14e42zd x9f619 x1ypdohk xt0psk2 xe8uvvx xdj266r x14z9mp xat24cr x1lziwak xexx8yu xyri2b x18d9i69 x1c1uobl x16tdsg8 x1hl2dhg xggy1nq x1a2a7pz xkrqix3 x1sur9pj xzsf02u x1s688f\" role=\"link\" href=\"https:\/\/www.facebook.com\/sefutbolfem?__cft__[0]=AZWOi_GfaZCrUQfKCC9XepYM7bjTTaRoBd1XTMGSVChja7N_70bdQVoATHeM2eG0PJhP3ul2IjhX7QOpnPt1eijUZhpCYtRGiET1k56LKST0FAMmAhlzxcx1dr1Ht2fkMrY5hJ7VRYs593Bcj5MxpFKYWzSkc1IyaBm8EBww9RJrEd9n6EJBYhoVUupSjQs6iBbKKOSS1cNNs7ARrXdy6IDt&amp;__tn__=-UC%2CP-y-R\"><b class=\"html-b xdj266r x14z9mp xat24cr x1lziwak xexx8yu xyri2b x18d9i69 x1c1uobl x1hl2dhg x16tdsg8 x1vvkbs x1s688f\"><span class=\"html-span xdj266r x14z9mp xat24cr x1lziwak xexx8yu xyri2b x18d9i69 x1c1uobl x1hl2dhg x16tdsg8 x1vvkbs\">Selecci\u00f3n Espa\u00f1ola Femenina de F\u00fatbol<\/span><\/b><\/a><\/span><\/span><span class=\"html-span xdj266r x14z9mp xat24cr x1lziwak xexx8yu xyri2b x18d9i69 x1c1uobl x1hl2dhg x16tdsg8 x1vvkbs x1dor1uw x1n2onr6 xxymvpz\">\u00a0<\/span><\/span><\/li>\n<\/ul>\n<\/div>\n<\/div>\n<\/div>\n<div class=\"html-div xdj266r x14z9mp xat24cr x1lziwak xexx8yu xyri2b x18d9i69 x1c1uobl\" dir=\"auto\">\n<div class=\"html-div xdj266r x14z9mp xat24cr x1lziwak xexx8yu xyri2b x18d9i69 x1c1uobl\" dir=\"auto\">\n<div class=\"html-div xdj266r x14z9mp xat24cr x1lziwak xexx8yu xyri2b x18d9i69 x1c1uobl\" data-ad-rendering-role=\"story_message\">\n<div class=\"x1l90r2v x1iorvi4 x1g0dm76 xpdmqnj\" data-ad-comet-preview=\"message\" data-ad-preview=\"message\">\n<div class=\"x78zum5 xdt5ytf xz62fqu x16ldp7u\">\n<div class=\"xu06os2 x1ok221b\">\n<div class=\"html-div xdj266r x14z9mp xat24cr x1lziwak xexx8yu xyri2b x18d9i69 x1c1uobl\">\n<div class=\"xdj266r x14z9mp xat24cr x1lziwak x1vvkbs x126k92a\">\n<div dir=\"auto\"><span class=\"html-span xexx8yu xyri2b x18d9i69 x1c1uobl x1hl2dhg x16tdsg8 x1vvkbs x3nfvp2 x1j61x8r x1fcty0u xdj266r xat24cr xm2jcoa x1mpyi22 xxymvpz xlup9mm x1kky2od\"><img loading=\"lazy\" decoding=\"async\" class=\"xz74otr x15mokao x1ga7v0g x16uus16 xbiv7yw\" src=\"https:\/\/static.xx.fbcdn.net\/images\/emoji.php\/v9\/te8\/1\/16\/1f451.png\" alt=\"\ud83d\udc51\" width=\"16\" height=\"16\" \/><\/span> Tres la so brillosa Eurocopa, la Selecci\u00f3n Espa\u00f1ola Femenina de F\u00fatbol vuelve al primer puestu del Ranking FIFA y consol\u00eddase como referencia internacional. Norabona!!!\u00a0 <span class=\"html-span xdj266r x14z9mp xat24cr x1lziwak xexx8yu xyri2b x18d9i69 x1c1uobl x1hl2dhg x16tdsg8 x1vvkbs\"><a class=\"x1i10hfl xjbqb8w x1ejq31n x18oe1m7 x1sy0etr xstzfhl x972fbf x10w94by x1qhh985 x14e42zd x9f619 x1ypdohk xt0psk2 xe8uvvx xdj266r x14z9mp xat24cr x1lziwak xexx8yu xyri2b x18d9i69 x1c1uobl x16tdsg8 x1hl2dhg xggy1nq x1a2a7pz xkrqix3 x1sur9pj x1fey0fg x1s688f\" role=\"link\" href=\"https:\/\/rfef.es\/es\/noticias\/espana-recupera-el-primer-puesto-del-ranking-fifa-femenino?fbclid=IwZXh0bgNhZW0CMTAAYnJpZBEwcndyTjJpWmR5UDR2ampkTAEeMyzZtfgm1SZHYBWkT6KZWygtUP0EG4ehBMTqF9bX9vHoEfmCdNhfXKjUKqQ_aem_sQ3uJzKqvWwxOPZ51RX3Sw\" target=\"_blank\" rel=\"nofollow noopener noreferrer\">https:\/\/rfef.es\/&#8230;\/espana-recupera-el-primer-puesto-del&#8230;<\/a><\/span>\/<span class=\"html-span xdj266r x14z9mp xat24cr x1lziwak xexx8yu xyri2b x18d9i69 x1c1uobl x1hl2dhg x16tdsg8 x1vvkbs\"><a class=\"x1i10hfl xjbqb8w x1ejq31n x18oe1m7 x1sy0etr xstzfhl x972fbf x10w94by x1qhh985 x14e42zd x9f619 x1ypdohk xt0psk2 xe8uvvx xdj266r x14z9mp xat24cr x1lziwak xexx8yu xyri2b x18d9i69 x1c1uobl x16tdsg8 x1hl2dhg xggy1nq x1a2a7pz xkrqix3 x1sur9pj x1fey0fg x1s688f\" role=\"link\" href=\"https:\/\/www.facebook.com\/hashtag\/jugarlucharyganar?__eep__=6&amp;__cft__[0]=AZWOi_GfaZCrUQfKCC9XepYM7bjTTaRoBd1XTMGSVChja7N_70bdQVoATHeM2eG0PJhP3ul2IjhX7QOpnPt1eijUZhpCYtRGiET1k56LKST0FAMmAhlzxcx1dr1Ht2fkMrY5hJ7VRYs593Bcj5MxpFKYWzSkc1IyaBm8EBww9RJrEd9n6EJBYhoVUupSjQs6iBbKKOSS1cNNs7ARrXdy6IDt&amp;__tn__=*NK-y-R\">#JugarLucharYGanar<\/a><\/span><\/div>\n<div dir=\"auto\"><!--more--><\/div>\n<\/div>\n<div dir=\"auto\">\n<p>Espa\u00f1a vuelve lo m\u00e1s alto. Tres un Europ\u00e9u brillosu, la Selecci\u00f3n recuper\u00f3&#8217;l primer puestu del Ranking FIFA femen\u00edn,<strong> desbancando garr\u00e9 a Estaos Xun\u00edos<\/strong> y reafitando el so dominiu nel f\u00fatbol mundial con un total de 2066,79 puntos.<\/p>\n<p>L&#8217;equipu empobin\u00e1u por Montse Tom\u00e9 fixo m\u00e9ritos abondos para ocupar de nuevu esta primer posici\u00f3n. El combin\u00e1u nacional gan\u00f3 cinco de los seis part\u00edos qu&#8217;apost\u00f3 en Suiza, <strong>roblando resultancies abuitaes y actuaciones que demostraron una enorme solidez y un estilu de xuegu \u00fanicu, concluyendo la so participaci\u00f3n nel torn\u00e9u como la Selecci\u00f3n m\u00e1s goliadora.<\/strong><\/p>\n<p>Tocantes a les reconocencies recib\u00edes tres el torn\u00e9u continental, hasta cuatro xugadores fueron incluy\u00edes nel once ideal: Irene Paredes, Aitana Bonmat\u00ed, *Alexia Putellas y Patri Quijarro.<\/p>\n<p>Aitana, am\u00e1s, foi galardonada tami\u00e9n col MVP de la Eurocopa, Esther Gonz\u00e1lez recoy\u00f3 la Bota d&#8217;Oru en confirm\u00e1ndose como la m\u00e1xima goliadora con cuatro dianes y Alexia acab\u00f3 como l\u00edder de la tabla d&#8217;asistentes en Suiza.<\/p>\n<p>En faciendo hestoria venciendo a Alema\u00f1a per primer vegada y llogrando la clasificaci\u00f3n para una final europea,<strong> la Selecci\u00f3n espa\u00f1ola, campeona del Mundu y de la Nations League, recupera&#8217;l tronu del f\u00fatbol femenino mundial y consolida un proyectu deportivu referente al nivel mundial.<\/strong><\/p>\n<\/div>\n<\/div>\n<\/div>\n<\/div>\n<\/div>\n<\/div>\n<\/div>\n<\/div>\n<p>&nbsp;<\/p>\n","protected":false},"excerpt":{"rendered":"<p>Selecci\u00f3n Espa\u00f1ola Femenina de F\u00fatbol\u00a0 Tres la so brillosa Eurocopa, la Selecci\u00f3n Espa\u00f1ola Femenina de F\u00fatbol vuelve al primer puestu del Ranking FIFA y consol\u00eddase como referencia internacional. Norabona!!!\u00a0 https:\/\/rfef.es\/&#8230;\/espana-recupera-el-primer-puesto-del&#8230;\/#JugarLucharYGanar<\/p>\n","protected":false},"author":117,"featured_media":0,"comment_status":"closed","ping_status":"open","sticky":false,"template":"","format":"standard","meta":{"footnotes":""},"categories":[133],"tags":[],"class_list":["post-54977","post","type-post","status-publish","format-standard","hentry","category-deportes"],"_links":{"self":[{"href":"https:\/\/edublog.educastur.es\/ixuxu\/wp-json\/wp\/v2\/posts\/54977","targetHints":{"allow":["GET"]}}],"collection":[{"href":"https:\/\/edublog.educastur.es\/ixuxu\/wp-json\/wp\/v2\/posts"}],"about":[{"href":"https:\/\/edublog.educastur.es\/ixuxu\/wp-json\/wp\/v2\/types\/post"}],"author":[{"embeddable":true,"href":"https:\/\/edublog.educastur.es\/ixuxu\/wp-json\/wp\/v2\/users\/117"}],"replies":[{"embeddable":true,"href":"https:\/\/edublog.educastur.es\/ixuxu\/wp-json\/wp\/v2\/comments?post=54977"}],"version-history":[{"count":1,"href":"https:\/\/edublog.educastur.es\/ixuxu\/wp-json\/wp\/v2\/posts\/54977\/revisions"}],"predecessor-version":[{"id":54978,"href":"https:\/\/edublog.educastur.es\/ixuxu\/wp-json\/wp\/v2\/posts\/54977\/revisions\/54978"}],"wp:attachment":[{"href":"https:\/\/edublog.educastur.es\/ixuxu\/wp-json\/wp\/v2\/media?parent=54977"}],"wp:term":[{"taxonomy":"category","embeddable":true,"href":"https:\/\/edublog.educastur.es\/ixuxu\/wp-json\/wp\/v2\/categories?post=54977"},{"taxonomy":"post_tag","embeddable":true,"href":"https:\/\/edublog.educastur.es\/ixuxu\/wp-json\/wp\/v2\/tags?post=54977"}],"curies":[{"name":"wp","href":"https:\/\/api.w.org\/{rel}","templated":true}]}}