{"id":54979,"date":"2025-08-07T11:48:23","date_gmt":"2025-08-07T09:48:23","guid":{"rendered":"https:\/\/edublog.educastur.es\/ixuxu\/?p=54979"},"modified":"2025-08-07T12:11:32","modified_gmt":"2025-08-07T10:11:32","slug":"llibru-quarrexunta-imaxes-de-monte-dun-fotografu-asturianu","status":"publish","type":"post","link":"https:\/\/edublog.educastur.es\/ixuxu\/2025\/08\/llibru-quarrexunta-imaxes-de-monte-dun-fotografu-asturianu\/","title":{"rendered":"Llibru qu&#8217;arrexunta imaxes de monte d&#8217;un fot\u00f3grafu asturianu"},"content":{"rendered":"<p style=\"text-align: center\"><span class=\"x193iq5w xeuugli x13faqbe x1vvkbs xt0psk2 x1i0vuye xvs91rp xo1l8bm x5n08af x10wh9bi xpm28yp x8viiok x1o7cslx x126k92a\"><span class=\"html-span xexx8yu x4uap5 x18d9i69 xkhd6sd x1hl2dhg x16tdsg8 x1vvkbs x3nfvp2 x1j61x8r x1fcty0u xdj266r xat24cr xgzva0m xhhsvwb xxymvpz xlup9mm x1kky2od\">\n<!-- iframe plugin v.6.0 wordpress.org\/plugins\/iframe\/ -->\n<iframe loading=\"lazy\" src=\"https:\/\/www.instagram.com\/reel\/DNDE2YpM743\/embed\" width=\"500\" height=\"640\" 0=\"\/iframe\" scrolling=\"yes\" class=\"iframe-class\" frameborder=\"0\"><\/iframe>\n<\/span><\/span><\/p>\n<div class=\"html-div xdj266r x14z9mp xat24cr xexx8yu xyri2b x18d9i69 x1c1uobl x9f619 xjbqb8w x1rg5ohu x15mokao x1ga7v0g x16uus16 xbiv7yw xdwrcjd x1n2onr6 x1plvlek xryxfnj x1c4vz4f x2lah0s x1oa3qoh\">\n<p>El monte asturianu y la lleonesa m\u00edrense, t\u00f3quense, av\u00e9rense. No puramente xeogr\u00e1fico y tami\u00e9n no art\u00edstico y lo lliterario. En Lli\u00f3n, una asociaci\u00f3n cultural bautizada La Casa de los Maestros, con sedes nos pueblos de Lois y Liegos, acaba de crear una editorial llamada <span class=\"_ap3a _aaco _aacu _aacx _aad7 _aade\" dir=\"auto\"><span style=\"color: #008080\"><strong>Herida y Cicatriz<\/strong><\/span> <a class=\"x1i10hfl xjbqb8w x1ejq31n x18oe1m7 x1sy0etr xstzfhl x972fbf x10w94by x1qhh985 x14e42zd x9f619 x1ypdohk xt0psk2 xe8uvvx xdj266r x14z9mp xat24cr x1lziwak xexx8yu xyri2b x18d9i69 x1c1uobl x16tdsg8 x1hl2dhg xggy1nq x1a2a7pz notranslate _a6hd\" role=\"link\" href=\"https:\/\/www.instagram.com\/heridaycicatriz\/\">@heridaycicatriz<\/a><\/span>, que naz con un primer llibru, una pequena xoya d&#8217;artista qu&#8217;arrexunta imaxes de monte d&#8217;un fot\u00f3grafu asturianu, l&#8217;aviles\u00edn Jos\u00e9 Manuel Lozano <span class=\"_ap3a _aaco _aacu _aacx _aad7 _aade\" dir=\"auto\">(<a class=\"x1i10hfl xjbqb8w x1ejq31n x18oe1m7 x1sy0etr xstzfhl x972fbf x10w94by x1qhh985 x14e42zd x9f619 x1ypdohk xt0psk2 xe8uvvx xdj266r x14z9mp xat24cr x1lziwak xexx8yu xyri2b x18d9i69 x1c1uobl x16tdsg8 x1hl2dhg xggy1nq x1a2a7pz notranslate _a6hd\" role=\"link\" href=\"https:\/\/www.instagram.com\/xuanrata\/\">@xuanrata<\/a>)<\/span>, que lleva&#8217;l mesmu t\u00edtulu que s&#8217;escoy\u00f3 para la editorial y que se va presentar el 2 d&#8217;agostu. <span class=\"_ap3a _aaco _aacu _aacx _aad7 _aade\" dir=\"auto\">\ud83c\udf9e\ufe0f<a href=\"https:\/\/www.instagram.com\/heridaycicatriz\/\"> https:\/\/www.instagram.com\/heridaycicatriz\/<\/a> \ud83d\udcf8 <a class=\"x1i10hfl xjbqb8w x1ejq31n x18oe1m7 x1sy0etr xstzfhl x972fbf x10w94by x1qhh985 x14e42zd x9f619 x1ypdohk xt0psk2 xe8uvvx xdj266r x14z9mp xat24cr x1lziwak xexx8yu xyri2b x18d9i69 x1c1uobl x16tdsg8 x1hl2dhg xggy1nq x1a2a7pz notranslate _a6hd\" role=\"link\" href=\"https:\/\/www.instagram.com\/xuanrata\/\">@xuanrata<\/a><\/span><\/p>\n<p>&nbsp;<\/p>\n<\/div>\n","protected":false},"excerpt":{"rendered":"<p>El monte asturianu y la lleonesa m\u00edrense, t\u00f3quense, av\u00e9rense. No puramente xeogr\u00e1fico y tami\u00e9n no art\u00edstico y lo lliterario. En Lli\u00f3n, una asociaci\u00f3n cultural bautizada La Casa de los Maestros, con sedes nos pueblos de Lois y Liegos, acaba de crear una editorial llamada Herida y Cicatriz @heridaycicatriz, que naz con un primer llibru, una [&hellip;]<\/p>\n","protected":false},"author":117,"featured_media":0,"comment_status":"closed","ping_status":"open","sticky":false,"template":"","format":"standard","meta":{"footnotes":""},"categories":[9,311,17],"tags":[],"class_list":["post-54979","post","type-post","status-publish","format-standard","hentry","category-libros-adultos","category-montes","category-semeyes"],"_links":{"self":[{"href":"https:\/\/edublog.educastur.es\/ixuxu\/wp-json\/wp\/v2\/posts\/54979","targetHints":{"allow":["GET"]}}],"collection":[{"href":"https:\/\/edublog.educastur.es\/ixuxu\/wp-json\/wp\/v2\/posts"}],"about":[{"href":"https:\/\/edublog.educastur.es\/ixuxu\/wp-json\/wp\/v2\/types\/post"}],"author":[{"embeddable":true,"href":"https:\/\/edublog.educastur.es\/ixuxu\/wp-json\/wp\/v2\/users\/117"}],"replies":[{"embeddable":true,"href":"https:\/\/edublog.educastur.es\/ixuxu\/wp-json\/wp\/v2\/comments?post=54979"}],"version-history":[{"count":3,"href":"https:\/\/edublog.educastur.es\/ixuxu\/wp-json\/wp\/v2\/posts\/54979\/revisions"}],"predecessor-version":[{"id":54982,"href":"https:\/\/edublog.educastur.es\/ixuxu\/wp-json\/wp\/v2\/posts\/54979\/revisions\/54982"}],"wp:attachment":[{"href":"https:\/\/edublog.educastur.es\/ixuxu\/wp-json\/wp\/v2\/media?parent=54979"}],"wp:term":[{"taxonomy":"category","embeddable":true,"href":"https:\/\/edublog.educastur.es\/ixuxu\/wp-json\/wp\/v2\/categories?post=54979"},{"taxonomy":"post_tag","embeddable":true,"href":"https:\/\/edublog.educastur.es\/ixuxu\/wp-json\/wp\/v2\/tags?post=54979"}],"curies":[{"name":"wp","href":"https:\/\/api.w.org\/{rel}","templated":true}]}}