{"id":54986,"date":"2025-08-06T11:00:21","date_gmt":"2025-08-06T09:00:21","guid":{"rendered":"https:\/\/edublog.educastur.es\/ixuxu\/?p=54986"},"modified":"2025-08-07T11:57:04","modified_gmt":"2025-08-07T09:57:04","slug":"la-catedral-duvieu-dedicada-a-el-salvador-celebra-la-so-festividal-6-dagostu","status":"publish","type":"post","link":"https:\/\/edublog.educastur.es\/ixuxu\/2025\/08\/la-catedral-duvieu-dedicada-a-el-salvador-celebra-la-so-festividal-6-dagostu\/","title":{"rendered":"La Catedral d&#8217;Uvi\u00e9u, dedicada a El Salvador, celebra la so festivid\u00e1&#8217;l 6 d&#8217;agostu"},"content":{"rendered":"<p style=\"text-align: center\"><span class=\"x193iq5w xeuugli x13faqbe x1vvkbs xt0psk2 x1i0vuye xvs91rp xo1l8bm x5n08af x10wh9bi xpm28yp x8viiok x1o7cslx x126k92a\"><span class=\"html-span xexx8yu x4uap5 x18d9i69 xkhd6sd x1hl2dhg x16tdsg8 x1vvkbs x3nfvp2 x1j61x8r x1fcty0u xdj266r xat24cr xgzva0m xhhsvwb xxymvpz xlup9mm x1kky2od\">\n<!-- iframe plugin v.6.0 wordpress.org\/plugins\/iframe\/ -->\n<iframe loading=\"lazy\" src=\"https:\/\/www.instagram.com\/reel\/DNAln2osmtR\/embed\" width=\"460\" height=\"640\" 0=\"\/iframe\" scrolling=\"yes\" class=\"iframe-class\" frameborder=\"0\"><\/iframe>\n<\/span><\/span><\/p>\n<div class=\"x5yr21d xw2csxc x1odjw0f x1n2onr6\">\n<div class=\"x9f619 x78zum5 xdt5ytf x5yr21d xexx8yu xv54qhq x1l90r2v xf7dkkf x10l6tqk xh8yej3\">\n<div>\n<div class=\"html-div xdj266r x14z9mp xat24cr x1lziwak xyri2b x1c1uobl x9f619 xjbqb8w x78zum5 x15mokao x1ga7v0g x16uus16 xbiv7yw xsag5q8 xz9dl7a x1uhb9sk x1plvlek xryxfnj x1c4vz4f x2lah0s x1q0g3np xqjyukv x1qjc9v5 x1oa3qoh x1nhvcw1\">\n<div class=\"html-div xdj266r x14z9mp xat24cr x1lziwak xexx8yu xyri2b x18d9i69 x1c1uobl x9f619 xjbqb8w x78zum5 x15mokao x1ga7v0g x16uus16 xbiv7yw x1uhb9sk x1plvlek xryxfnj x1iyjqo2 x2lwn1j xeuugli x1q0g3np xqjyukv x1qjc9v5 x1oa3qoh x1nhvcw1\">\n<div class=\"html-div xdj266r x14z9mp xat24cr x1lziwak xexx8yu xyri2b x18d9i69 x1c1uobl x9f619 xjbqb8w x78zum5 x15mokao x1ga7v0g x16uus16 xbiv7yw x1uhb9sk x1plvlek xryxfnj x1iyjqo2 x2lwn1j xeuugli xdt5ytf xqjyukv x1qjc9v5 x1oa3qoh x1nhvcw1\">\n<div class=\"html-div xdj266r x14z9mp xat24cr x1lziwak xexx8yu xyri2b x18d9i69 x1c1uobl x9f619 xjbqb8w x78zum5 x15mokao x1ga7v0g x16uus16 xbiv7yw x1uhb9sk x1plvlek xryxfnj x1c4vz4f x2lah0s xdt5ytf xqjyukv x1qjc9v5 x1oa3qoh x1nhvcw1\">\n<p><span class=\"x193iq5w xeuugli x13faqbe x1vvkbs xt0psk2 x1i0vuye xvs91rp xo1l8bm x5n08af x10wh9bi xpm28yp x8viiok x1o7cslx x126k92a\"><span class=\"x193iq5w xeuugli x13faqbe x1vvkbs xt0psk2 x1i0vuye xvs91rp xo1l8bm x5n08af x10wh9bi xpm28yp x8viiok x1o7cslx x126k92a\">\ud83d\udcc6 <\/span><\/span>\u00a0<strong>La Catedral d&#8217;Uvi\u00e9u, dedicada a El Salvador, celebra la so festivid\u00e1&#8217;l 6 d&#8217;agostu<\/strong>, d\u00eda de la Tresfiguraci\u00f3n del Se\u00f1or. Si g\u00fcei vis\u00edtesnos, vas poder ver la imaxe d&#8217;El Salvador, a quien esta consagrada la<span class=\"x1lliihq x1plvlek xryxfnj x1n2onr6 x1ji0vk5 x18bv5gf x193iq5w xeuugli x1fj9vlw x13faqbe x1vvkbs x1s928wv xhkezso x1gmr53x x1cpjm7i x1fgarty x1943h6x x1i0vuye xvs91rp xo1l8bm x5n08af x10wh9bi xpm28yp x8viiok x1o7cslx\" dir=\"auto\"><span class=\"x193iq5w xeuugli x13faqbe x1vvkbs xt0psk2 x1i0vuye xvs91rp xo1l8bm x5n08af x10wh9bi xpm28yp x8viiok x1o7cslx x126k92a\"> <a class=\"x1i10hfl xjbqb8w x1ejq31n x18oe1m7 x1sy0etr xstzfhl x972fbf x10w94by x1qhh985 x14e42zd x9f619 x1ypdohk xt0psk2 xe8uvvx xdj266r x14z9mp xat24cr x1lziwak xexx8yu xyri2b x18d9i69 x1c1uobl x16tdsg8 x1hl2dhg xggy1nq x1a2a7pz notranslate _a6hd\" role=\"link\" href=\"https:\/\/www.instagram.com\/catedral_de_oviedo\/\">@catedral_de_oviedo<\/a> <\/span><\/span>\u00a0ya iconu de la ciud\u00e1, afat\u00e1u con llor\u00e9u s\u00edmbolu de los trunfadores, tal que tradicionalmente vi\u00e9nose realizando.Am\u00e1s, vas poder almirar la imaxe restaurada d&#8217;El Salvador. La intervenci\u00f3n, que tuvo una duraci\u00f3n d&#8217;aprosimao dos meses, dex\u00f3 recuperar non solo la integrid\u00e1 est\u00e9tica y material de la pieza, sin\u00f3n ampliar la so llectura hist\u00f3rica y parte de la carga simb\u00f3lica qu&#8217;el repinte desenvueltu nel sieglu XIX torgaba conocer.<\/p>\n<ul>\n<li><span class=\"x193iq5w xeuugli x13faqbe x1vvkbs xt0psk2 x1i0vuye xvs91rp xo1l8bm x5n08af x10wh9bi xpm28yp x8viiok x1o7cslx x126k92a\">\u2139\ufe0f <a href=\"https:\/\/iglesiadeasturias.org\">https:\/\/iglesiadeasturias.org<\/a> \/<\/span><span class=\"x193iq5w xeuugli x13faqbe x1vvkbs xt0psk2 x1i0vuye xvs91rp xo1l8bm x5n08af x10wh9bi xpm28yp x8viiok x1o7cslx x126k92a\"><a class=\"x1i10hfl xjbqb8w x1ejq31n x18oe1m7 x1sy0etr xstzfhl x972fbf x10w94by x1qhh985 x14e42zd x9f619 x1ypdohk xt0psk2 xe8uvvx xdj266r x14z9mp xat24cr x1lziwak xexx8yu xyri2b x18d9i69 x1c1uobl x16tdsg8 x1hl2dhg xggy1nq x1a2a7pz _aa9_ _a6hd\" role=\"link\" href=\"https:\/\/www.instagram.com\/explore\/tags\/oviedo\/\">#Oviedo<\/a><\/span>\/ <span class=\"x193iq5w xeuugli x13faqbe x1vvkbs xt0psk2 x1i0vuye xvs91rp xo1l8bm x5n08af x10wh9bi xpm28yp x8viiok x1o7cslx x126k92a\"><a class=\"x1i10hfl xjbqb8w x1ejq31n x18oe1m7 x1sy0etr xstzfhl x972fbf x10w94by x1qhh985 x14e42zd x9f619 x1ypdohk xt0psk2 xe8uvvx xdj266r x14z9mp xat24cr x1lziwak xexx8yu xyri2b x18d9i69 x1c1uobl x16tdsg8 x1hl2dhg xggy1nq x1a2a7pz _aa9_ _a6hd\" role=\"link\" href=\"https:\/\/www.instagram.com\/explore\/tags\/oviedoorigendelcamino\/\">#OviedoOrigenDelCamino<\/a><\/span>\/ <span class=\"x193iq5w xeuugli x13faqbe x1vvkbs xt0psk2 x1i0vuye xvs91rp xo1l8bm x5n08af x10wh9bi xpm28yp x8viiok x1o7cslx x126k92a\"><a class=\"x1i10hfl xjbqb8w x1ejq31n x18oe1m7 x1sy0etr xstzfhl x972fbf x10w94by x1qhh985 x14e42zd x9f619 x1ypdohk xt0psk2 xe8uvvx xdj266r x14z9mp xat24cr x1lziwak xexx8yu xyri2b x18d9i69 x1c1uobl x16tdsg8 x1hl2dhg xggy1nq x1a2a7pz _aa9_ _a6hd\" role=\"link\" href=\"https:\/\/www.instagram.com\/explore\/tags\/catedraldeoviedo\/\">#CatedralDeOviedo<\/a><\/span>\/<span class=\"x193iq5w xeuugli x13faqbe x1vvkbs xt0psk2 x1i0vuye xvs91rp xo1l8bm x5n08af x10wh9bi xpm28yp x8viiok x1o7cslx x126k92a\"><a class=\"x1i10hfl xjbqb8w x1ejq31n x18oe1m7 x1sy0etr xstzfhl x972fbf x10w94by x1qhh985 x14e42zd x9f619 x1ypdohk xt0psk2 xe8uvvx xdj266r x14z9mp xat24cr x1lziwak xexx8yu xyri2b x18d9i69 x1c1uobl x16tdsg8 x1hl2dhg xggy1nq x1a2a7pz _aa9_ _a6hd\" role=\"link\" href=\"https:\/\/www.instagram.com\/explore\/tags\/elsalvador\/\">#ElSalvador<\/a> <\/span><\/li>\n<\/ul>\n<\/div>\n<\/div>\n<\/div>\n<\/div>\n<\/div>\n<\/div>\n<\/div>\n","protected":false},"excerpt":{"rendered":"<p>\ud83d\udcc6 \u00a0La Catedral d&#8217;Uvi\u00e9u, dedicada a El Salvador, celebra la so festivid\u00e1&#8217;l 6 d&#8217;agostu, d\u00eda de la Tresfiguraci\u00f3n del Se\u00f1or. Si g\u00fcei vis\u00edtesnos, vas poder ver la imaxe d&#8217;El Salvador, a quien esta consagrada la @catedral_de_oviedo \u00a0ya iconu de la ciud\u00e1, afat\u00e1u con llor\u00e9u s\u00edmbolu de los trunfadores, tal que tradicionalmente vi\u00e9nose realizando.Am\u00e1s, vas poder [&hellip;]<\/p>\n","protected":false},"author":117,"featured_media":0,"comment_status":"closed","ping_status":"open","sticky":false,"template":"","format":"standard","meta":{"footnotes":""},"categories":[441,33],"tags":[],"class_list":["post-54986","post","type-post","status-publish","format-standard","hentry","category-ilesia","category-uvieu"],"_links":{"self":[{"href":"https:\/\/edublog.educastur.es\/ixuxu\/wp-json\/wp\/v2\/posts\/54986","targetHints":{"allow":["GET"]}}],"collection":[{"href":"https:\/\/edublog.educastur.es\/ixuxu\/wp-json\/wp\/v2\/posts"}],"about":[{"href":"https:\/\/edublog.educastur.es\/ixuxu\/wp-json\/wp\/v2\/types\/post"}],"author":[{"embeddable":true,"href":"https:\/\/edublog.educastur.es\/ixuxu\/wp-json\/wp\/v2\/users\/117"}],"replies":[{"embeddable":true,"href":"https:\/\/edublog.educastur.es\/ixuxu\/wp-json\/wp\/v2\/comments?post=54986"}],"version-history":[{"count":3,"href":"https:\/\/edublog.educastur.es\/ixuxu\/wp-json\/wp\/v2\/posts\/54986\/revisions"}],"predecessor-version":[{"id":54989,"href":"https:\/\/edublog.educastur.es\/ixuxu\/wp-json\/wp\/v2\/posts\/54986\/revisions\/54989"}],"wp:attachment":[{"href":"https:\/\/edublog.educastur.es\/ixuxu\/wp-json\/wp\/v2\/media?parent=54986"}],"wp:term":[{"taxonomy":"category","embeddable":true,"href":"https:\/\/edublog.educastur.es\/ixuxu\/wp-json\/wp\/v2\/categories?post=54986"},{"taxonomy":"post_tag","embeddable":true,"href":"https:\/\/edublog.educastur.es\/ixuxu\/wp-json\/wp\/v2\/tags?post=54986"}],"curies":[{"name":"wp","href":"https:\/\/api.w.org\/{rel}","templated":true}]}}