{"id":550,"date":"2020-02-03T08:54:33","date_gmt":"2020-02-03T08:54:33","guid":{"rendered":"https:\/\/edublog.educastur.es\/ixuxu\/?p=550"},"modified":"2020-08-24T19:54:55","modified_gmt":"2020-08-24T19:54:55","slug":"dia-internacional-de-laudicion","status":"publish","type":"post","link":"https:\/\/edublog.educastur.es\/ixuxu\/2020\/02\/dia-internacional-de-laudicion\/","title":{"rendered":"D\u00eda Internacional de l\u00b4Audici\u00f3n"},"content":{"rendered":"<p><img loading=\"lazy\" decoding=\"async\" class=\"alignnone wp-image-446\" src=\"http:\/\/edublog.educastur.es\/ixuxullingua\/files\/2020\/08\/dia_internacional_audicion2015_1.jpg\" alt=\"\" width=\"449\" height=\"311\" \/><\/p>\n<p>Dende 2007 la OMS impuls\u00f3\u2019l <strong><em>D\u00eda Internacional de l\u2019Audici\u00f3n<\/em><\/strong>, para impulsar la detecci\u00f3n temprana de cualquier tipu de problema o deterioru auditivu que pueda presentase nes persones de too el mundu.<\/p>\n<p><img loading=\"lazy\" decoding=\"async\" class=\"\" src=\"https:\/\/www.who.int\/images\/default-source\/imported\/world-hearing-day-2020-es.png?sfvrsn=df048621_13\" width=\"390\" height=\"554\" \/><\/p>\n<p>Na mayor\u00eda de los casos, los pacientes con problemes na audici\u00f3n nun noten los cambeos hasta que y\u00e1 ye demasi\u00e1u tarde y el problema ta bien avanz\u00e1u. <strong><em>Ye mui importante facer a\u00f1almente un estudiu de los niveles auditivos.<\/em><\/strong><\/p>\n<p>La OMS llanz\u00f3 una aplicaci\u00f3n para realizar un exame auditivu a toes aquelles persones que la tengan instalada nos sos dispositivos m\u00f3viles. Nun busca sustituyir al m\u00e9dicu, pero dexa faer una detecci\u00f3n temprana de dalg\u00fan problema a nivel de l\u2019audici\u00f3n.<\/p>\n<p>Solo<a href=\"https:\/\/www.who.int\/health-topics\/hearing-loss\/hearwho\" target=\"_blank\" rel=\"noopener noreferrer\"> tienes de faer clic en <strong><em>HearWHO.<\/em><\/strong><\/a><\/p>\n<p><img loading=\"lazy\" decoding=\"async\" class=\"\" src=\"https:\/\/townsquare.media\/site\/397\/files\/2020\/02\/hearWHO-2.png?w=1200\" width=\"365\" height=\"219\" \/><\/p>\n","protected":false},"excerpt":{"rendered":"<p>Dende 2007 la OMS impuls\u00f3\u2019l D\u00eda Internacional de l\u2019Audici\u00f3n, para impulsar la detecci\u00f3n temprana de cualquier tipu de problema o deterioru auditivu que pueda presentase nes persones de too el mundu. Na mayor\u00eda de los casos, los pacientes con problemes na audici\u00f3n nun noten los cambeos hasta que y\u00e1 ye demasi\u00e1u tarde y el problema [&hellip;]<\/p>\n","protected":false},"author":117,"featured_media":0,"comment_status":"closed","ping_status":"open","sticky":false,"template":"","format":"standard","meta":{"footnotes":""},"categories":[6],"tags":[],"class_list":["post-550","post","type-post","status-publish","format-standard","hentry","category-dia-de"],"_links":{"self":[{"href":"https:\/\/edublog.educastur.es\/ixuxu\/wp-json\/wp\/v2\/posts\/550","targetHints":{"allow":["GET"]}}],"collection":[{"href":"https:\/\/edublog.educastur.es\/ixuxu\/wp-json\/wp\/v2\/posts"}],"about":[{"href":"https:\/\/edublog.educastur.es\/ixuxu\/wp-json\/wp\/v2\/types\/post"}],"author":[{"embeddable":true,"href":"https:\/\/edublog.educastur.es\/ixuxu\/wp-json\/wp\/v2\/users\/117"}],"replies":[{"embeddable":true,"href":"https:\/\/edublog.educastur.es\/ixuxu\/wp-json\/wp\/v2\/comments?post=550"}],"version-history":[{"count":1,"href":"https:\/\/edublog.educastur.es\/ixuxu\/wp-json\/wp\/v2\/posts\/550\/revisions"}],"predecessor-version":[{"id":551,"href":"https:\/\/edublog.educastur.es\/ixuxu\/wp-json\/wp\/v2\/posts\/550\/revisions\/551"}],"wp:attachment":[{"href":"https:\/\/edublog.educastur.es\/ixuxu\/wp-json\/wp\/v2\/media?parent=550"}],"wp:term":[{"taxonomy":"category","embeddable":true,"href":"https:\/\/edublog.educastur.es\/ixuxu\/wp-json\/wp\/v2\/categories?post=550"},{"taxonomy":"post_tag","embeddable":true,"href":"https:\/\/edublog.educastur.es\/ixuxu\/wp-json\/wp\/v2\/tags?post=550"}],"curies":[{"name":"wp","href":"https:\/\/api.w.org\/{rel}","templated":true}]}}