{"id":55022,"date":"2025-08-07T14:29:15","date_gmt":"2025-08-07T12:29:15","guid":{"rendered":"https:\/\/edublog.educastur.es\/ixuxu\/?p=55022"},"modified":"2025-08-07T14:29:15","modified_gmt":"2025-08-07T12:29:15","slug":"asturies-sigue-ganando-poblacion","status":"publish","type":"post","link":"https:\/\/edublog.educastur.es\/ixuxu\/2025\/08\/asturies-sigue-ganando-poblacion\/","title":{"rendered":"Asturies sigue ganando poblaci\u00f3n"},"content":{"rendered":"<p style=\"text-align: center\"><a href=\"https:\/\/www.vejer.es\/images\/noticias\/2022\/POBLACION-2020.png\"><img loading=\"lazy\" decoding=\"async\" class=\"aligncenter size-large\" src=\"https:\/\/www.vejer.es\/images\/noticias\/2022\/POBLACION-2020.png\" width=\"320\" height=\"320\" \/><\/a><\/p>\n<p style=\"text-align: left\">\nLa inmigraci\u00f3n fixo ganar a la rex\u00f3n 6.879 vecinos nun a\u00f1u y 1.846 solo nel \u00faltimu trimestre Olga Esteban. Asturies sigue ganando poblaci\u00f3n y consolida la so crecedera percima del mill\u00f3n d&#8217;habitantes. Y sigui faciendo gracies a la llegada d&#8217;inmigrantes. Les \u00faltimes cifres del Institutu Nacional d&#8217;Estad\u00edstica indiquen que, a 1 de xunetu, <strong>Asturies ten\u00eda 1.016.995 vecinos, lo que significa que gan\u00f3 1.846 nel \u00faltimu trimestre<\/strong>, 2.804 nun semestre y nada menos que 6.879 nun a\u00f1u, dende xunetu de 2024. <a href=\"https:\/\/www.elcomercio.es\/asturias\/asturias-habitantes-poblacion-migrantes-20250807124433-nt.html\">El Comercio<\/a><\/p>\n<p><!--more--><\/p>\n<p>La raz\u00f3n de la crecedera sigue siendo la mesma:<strong> la llegada de la poblaci\u00f3n inmigrante.<\/strong> Ye lo que compensa llargamente la perda de poblaci\u00f3n espa\u00f1ola. Porque nel \u00faltimu a\u00f1u, Asturies perdi\u00f3 unos 2.000 vecinos de nacionalid\u00e1 espa\u00f1ola, pero gan\u00f3 unos 9.000 nac\u00edos nel estranxeru.<\/p>\n<p>Nestos momentos,<strong> la poblaci\u00f3n inmigrante supon daqu\u00e9 m\u00e1s del 7% de la poblaci\u00f3n asturiana<\/strong>, un porcentaxe que lleva tiempu amont\u00e1ndose de forma constante.<\/p>\n<p>L&#8217;encl\u00edn d&#8217;Asturies ye similar a la qu&#8217;asocede nel restu del pa\u00eds. Ello ye que nel \u00faltimu trimestre aument\u00f3 la poblaci\u00f3n en toles comunidaes aut\u00f3nomes y en Ceuta y solo bax\u00f3 en Melilla. Les mayores medr\u00edes dieronse n&#8217;Arag\u00f3n (0,91%), Valencia (0,50%) y Baleares (0,42%). L&#8217;aumentu de poblaci\u00f3n n&#8217;Asturies foi del 0,18%, asiti\u00e1ndose nel octavu llugar del &#8216;ranking&#8217; por comunidaes. <strong>La medr\u00eda n&#8217;Asturies ye mayor que nel restu de comunidaes del norte.<\/strong><\/p>\n<p>La poblaci\u00f3n residente n&#8217;Espa\u00f1a aument\u00f3 en 119.811 persones nel segundu trimestre del a\u00f1u y asiti\u00f3se en 49.315.949 habitantes a 1 de xunetu de 2025. Ye&#8217;l valor m\u00e1ximu de la serie hist\u00f3rica. En t\u00e9rminos a\u00f1ales, la crecedera poblacional envalor\u00e1u foi de 508.475 persones.<\/p>\n<p>N&#8217;Espa\u00f1a, como asocede n&#8217;Asturies y recueye el mesmu INE nel so anal\u00eds de los datos, <strong>la crecedera poblacional d\u00e9bese a la medr\u00eda de persones nac\u00edes nel estranxeru<\/strong>, una y bones el n\u00famberu de nac\u00edes n&#8217;Espa\u00f1a mengu\u00f3. El n\u00famberu d&#8217;estranxeros aument\u00f3 en 95.277 persones mientres el trimestre, hasta 7.050.174. La poblaci\u00f3n de nacionalid\u00e1 espa\u00f1ola aument\u00f3 en 24.534.<\/p>\n<p>Les principales nacionalidaes de los inmigrantes mientres el segundu trimestre de 2025 fueron<strong> la colombiana (con 36.100 llegaes a Espa\u00f1a), la marroquina (25.000) y la venezolana (21.600).<\/strong><\/p>\n","protected":false},"excerpt":{"rendered":"<p>La inmigraci\u00f3n fixo ganar a la rex\u00f3n 6.879 vecinos nun a\u00f1u y 1.846 solo nel \u00faltimu trimestre Olga Esteban. Asturies sigue ganando poblaci\u00f3n y consolida la so crecedera percima del mill\u00f3n d&#8217;habitantes. Y sigui faciendo gracies a la llegada d&#8217;inmigrantes. Les \u00faltimes cifres del Institutu Nacional d&#8217;Estad\u00edstica indiquen que, a 1 de xunetu, Asturies ten\u00eda [&hellip;]<\/p>\n","protected":false},"author":117,"featured_media":0,"comment_status":"closed","ping_status":"open","sticky":false,"template":"","format":"standard","meta":{"footnotes":""},"categories":[258],"tags":[],"class_list":["post-55022","post","type-post","status-publish","format-standard","hentry","category-estadistiques"],"_links":{"self":[{"href":"https:\/\/edublog.educastur.es\/ixuxu\/wp-json\/wp\/v2\/posts\/55022","targetHints":{"allow":["GET"]}}],"collection":[{"href":"https:\/\/edublog.educastur.es\/ixuxu\/wp-json\/wp\/v2\/posts"}],"about":[{"href":"https:\/\/edublog.educastur.es\/ixuxu\/wp-json\/wp\/v2\/types\/post"}],"author":[{"embeddable":true,"href":"https:\/\/edublog.educastur.es\/ixuxu\/wp-json\/wp\/v2\/users\/117"}],"replies":[{"embeddable":true,"href":"https:\/\/edublog.educastur.es\/ixuxu\/wp-json\/wp\/v2\/comments?post=55022"}],"version-history":[{"count":1,"href":"https:\/\/edublog.educastur.es\/ixuxu\/wp-json\/wp\/v2\/posts\/55022\/revisions"}],"predecessor-version":[{"id":55023,"href":"https:\/\/edublog.educastur.es\/ixuxu\/wp-json\/wp\/v2\/posts\/55022\/revisions\/55023"}],"wp:attachment":[{"href":"https:\/\/edublog.educastur.es\/ixuxu\/wp-json\/wp\/v2\/media?parent=55022"}],"wp:term":[{"taxonomy":"category","embeddable":true,"href":"https:\/\/edublog.educastur.es\/ixuxu\/wp-json\/wp\/v2\/categories?post=55022"},{"taxonomy":"post_tag","embeddable":true,"href":"https:\/\/edublog.educastur.es\/ixuxu\/wp-json\/wp\/v2\/tags?post=55022"}],"curies":[{"name":"wp","href":"https:\/\/api.w.org\/{rel}","templated":true}]}}