{"id":55024,"date":"2025-08-07T14:34:49","date_gmt":"2025-08-07T12:34:49","guid":{"rendered":"https:\/\/edublog.educastur.es\/ixuxu\/?p=55024"},"modified":"2025-08-07T14:36:06","modified_gmt":"2025-08-07T12:36:06","slug":"dani-carbajal-namorau-dasturies","status":"publish","type":"post","link":"https:\/\/edublog.educastur.es\/ixuxu\/2025\/08\/dani-carbajal-namorau-dasturies\/","title":{"rendered":"Dani Carbajal namor\u00e1u d&#8217;Asturies"},"content":{"rendered":"<p><a href=\"https:\/\/www.lne.es\/oriente\/2025\/08\/02\/vacas-tractores-comiendo-percebes-pueblo-120290210.html?utm_content=imagen&amp;utm_medium=social&amp;utm_campaign=echobox&amp;utm_source=Facebook&amp;sfnsn=scwspmo&amp;fbclid=IwY2xjawMBe6hleHRuA2FlbQIxMQABHnkpwawiNEKTYCzjEI0HeTMGBzhn7f3O_In6_UVGn7FFERkgu48G0mJmLwiT_aem_b1aYNxXp3O-cfFt3CEvMlg#Echobox=1754128704\">LNE<\/a> \/<\/p>\n<p style=\"text-align: center\"><span class=\"x193iq5w xeuugli x13faqbe x1vvkbs xt0psk2 x1i0vuye xvs91rp xo1l8bm x5n08af x10wh9bi xpm28yp x8viiok x1o7cslx x126k92a\"><span class=\"html-span xexx8yu x4uap5 x18d9i69 xkhd6sd x1hl2dhg x16tdsg8 x1vvkbs x3nfvp2 x1j61x8r x1fcty0u xdj266r xat24cr xgzva0m xhhsvwb xxymvpz xlup9mm x1kky2od\">\n<!-- iframe plugin v.6.0 wordpress.org\/plugins\/iframe\/ -->\n<iframe loading=\"lazy\" src=\"https:\/\/www.instagram.com\/reel\/DMx33gJIJoE\/embed\" width=\"460\" height=\"640\" 0=\"\/iframe\" scrolling=\"yes\" class=\"iframe-class\" frameborder=\"0\"><\/iframe>\n<\/span><\/span><\/p>\n<p>Ente vaques y tractores y comiendo percebes: este ye&#8217;l pueblu d&#8217;Asturies que \u00abnamora\u00bb al futbolista Dani Carvajal y la so familia. \u00abTotalmente namoraos del Norte y cada vez que venimos, m\u00e1s\u00bb, aseguren el xugador del Real Madrid y la so muyer, Daphne Ca\u00f1izares<\/p>\n<p><!--more--><\/p>\n<p>Hugo Silva, Laura Escanes, Mar\u00eda Pedraza, Paula Echevarr\u00eda, Luc\u00eda Rivera, \u00c1lvaro Mu\u00f1oz Escassi&#8230; Cada vez son m\u00e1s los famosos qu&#8217;escueyen Asturies pa les sos vacaciones de branu. El postreru en faelo foi&#8217;l futbolista del Real Madrid Dani Carvajal cola so muyer, Daphne Ca\u00f1izares, y los sos dos f\u00edos, Mart\u00edn y Mauro. La pareya decl\u00e1rase \u00abtotalmente namorada\u00bb del Princip\u00e1u, n&#8217;esfrutando de dellos rincones del oriente de la rex\u00f3n.<\/p>\n<p>\u00abTotalmente namoraos del Norte y cada vez que venimos, m\u00e1s. Deseyando volver\u00bb, escribieron Carvajal y Ca\u00f1izares nuna publicaci\u00f3n conxunta <a href=\"https:\/\/www.instagram.com\/p\/DMx33gJIJoE\/?img_index=1\">nes sos cuentes d&#8217;Instagram.<\/a> Al pie de eses palabres compartieron un carrusel de fotograf\u00edes nel que se-y ve a la familia ente vaques y tractores y comiendo percebes.<\/p>\n<p><strong>L&#8217;encantu de Llanes.\u00a0<\/strong>El capit\u00e1n del Real Madrid y de la Selecci\u00f3n Espa\u00f1ola de F\u00fatbol, \u00abLa Colorada\u00bb, tuvo en Llanes y en Colunga. Visit\u00f3&#8217;l pueblu de Niembru, dende onde se fixo guapa fotograf\u00eda colos sos f\u00edos en Cabo Prieto, cola sablera de Toronda al fondu. Tami\u00e9n tuvo nel mirador de la selvaxe sablera de Torimbia y nel Mus\u00e9u del Xur\u00e1sicu d&#8217;Asturies, ente dinosaurios.<\/p>\n<p><strong>Carvajal tien la so segunda residencia en Llanes.<\/strong> Va unos a\u00f1os merc\u00f3 al pie de los sos padres un pisu en La Portiella, a tiru de piedra de la sablera de Tor\u00f3.<\/p>\n<p><strong>Ente animales.\u00a0<\/strong>Mientres estos d\u00edes, la familia Carvajal-Ca\u00f1izares, tuvieron ente animales. Nes fotograf\u00edes apaecen caballos, vaques, oveyes&#8230; Inclusive Mart\u00edn y Mauro xubieren a un tractor como dos peque\u00f1os ganaderos. El futbolista y la so familia tami\u00e9n se movieron a la vecina Cantabria pa visitar el parque de Cab\u00e1rceno.<\/p>\n<p>\u00abEqu\u00ed siempres sois bienven\u00edos\u00bb, reaccionaron los so siguidores asturianos. \u00abEn nuesa tierrina, xenial\u00bb, escribi\u00f3 otra. \u00abLlanes ye muncho Llanes\u00bb, comenta otru. \u00abT\u00e1n n&#8217;Asturies\u00bb, celebra xuna fan<\/p>\n","protected":false},"excerpt":{"rendered":"<p>LNE \/ Ente vaques y tractores y comiendo percebes: este ye&#8217;l pueblu d&#8217;Asturies que \u00abnamora\u00bb al futbolista Dani Carvajal y la so familia. \u00abTotalmente namoraos del Norte y cada vez que venimos, m\u00e1s\u00bb, aseguren el xugador del Real Madrid y la so muyer, Daphne Ca\u00f1izares<\/p>\n","protected":false},"author":117,"featured_media":0,"comment_status":"closed","ping_status":"open","sticky":false,"template":"","format":"standard","meta":{"footnotes":""},"categories":[18],"tags":[],"class_list":["post-55024","post","type-post","status-publish","format-standard","hentry","category-turismu"],"_links":{"self":[{"href":"https:\/\/edublog.educastur.es\/ixuxu\/wp-json\/wp\/v2\/posts\/55024","targetHints":{"allow":["GET"]}}],"collection":[{"href":"https:\/\/edublog.educastur.es\/ixuxu\/wp-json\/wp\/v2\/posts"}],"about":[{"href":"https:\/\/edublog.educastur.es\/ixuxu\/wp-json\/wp\/v2\/types\/post"}],"author":[{"embeddable":true,"href":"https:\/\/edublog.educastur.es\/ixuxu\/wp-json\/wp\/v2\/users\/117"}],"replies":[{"embeddable":true,"href":"https:\/\/edublog.educastur.es\/ixuxu\/wp-json\/wp\/v2\/comments?post=55024"}],"version-history":[{"count":2,"href":"https:\/\/edublog.educastur.es\/ixuxu\/wp-json\/wp\/v2\/posts\/55024\/revisions"}],"predecessor-version":[{"id":55026,"href":"https:\/\/edublog.educastur.es\/ixuxu\/wp-json\/wp\/v2\/posts\/55024\/revisions\/55026"}],"wp:attachment":[{"href":"https:\/\/edublog.educastur.es\/ixuxu\/wp-json\/wp\/v2\/media?parent=55024"}],"wp:term":[{"taxonomy":"category","embeddable":true,"href":"https:\/\/edublog.educastur.es\/ixuxu\/wp-json\/wp\/v2\/categories?post=55024"},{"taxonomy":"post_tag","embeddable":true,"href":"https:\/\/edublog.educastur.es\/ixuxu\/wp-json\/wp\/v2\/tags?post=55024"}],"curies":[{"name":"wp","href":"https:\/\/api.w.org\/{rel}","templated":true}]}}