{"id":55027,"date":"2025-08-07T14:37:43","date_gmt":"2025-08-07T12:37:43","guid":{"rendered":"https:\/\/edublog.educastur.es\/ixuxu\/?p=55027"},"modified":"2025-08-07T22:16:21","modified_gmt":"2025-08-07T20:16:21","slug":"cantares-damor-y-guerra-de-gaspar-garcia-laviana","status":"publish","type":"post","link":"https:\/\/edublog.educastur.es\/ixuxu\/2025\/08\/cantares-damor-y-guerra-de-gaspar-garcia-laviana\/","title":{"rendered":"\u00abCantares d&#8217;amor y guerra\u00bb de Gaspar Garc\u00eda Laviana"},"content":{"rendered":"<div class=\"html-div xdj266r xat24cr x1lziwak xexx8yu xyri2b x18d9i69 x1c1uobl x78zum5 x2lah0s xqtp20y x1xegmmw\">\n<div class=\"xc9qbxq x1td3qas x6s0dn4 x78zum5 xl56j7k\">\n<div class=\"\" style=\"text-align: center\"><a href=\"https:\/\/alladixital.org\/wp-content\/uploads\/2025\/08\/cantares-damor-y-guerra-1-scaled.jpg\"><img loading=\"lazy\" decoding=\"async\" class=\"aligncenter \" src=\"https:\/\/alladixital.org\/wp-content\/uploads\/2025\/08\/cantares-damor-y-guerra-1-scaled.jpg\" width=\"644\" height=\"483\" \/><\/a><\/div>\n<\/div>\n<\/div>\n<div class=\"x78zum5 xdt5ytf xz62fqu x16ldp7u\">\n<div class=\"xu06os2 x1ok221b\">\n<div class=\"html-div xdj266r x14z9mp xat24cr x1lziwak xexx8yu xyri2b x18d9i69 x1c1uobl\" data-ad-rendering-role=\"profile_name\">\n<ul>\n<li class=\"html-h3 x14z9mp xat24cr x1lziwak xexx8yu xyri2b x18d9i69 x1c1uobl x1vvkbs x1heor9g x1qlqyl8 x1pd3egz x1a2a7pz x1gslohp x1yc453h\"><span class=\"x1lliihq x6ikm8r x10wlt62 x1n2onr6\"><span class=\"xt0psk2\"><span class=\"xjp7ctv\"><a class=\"x1i10hfl xjbqb8w x1ejq31n x18oe1m7 x1sy0etr xstzfhl x972fbf x10w94by x1qhh985 x14e42zd x9f619 x1ypdohk xt0psk2 xe8uvvx xdj266r x14z9mp xat24cr x1lziwak xexx8yu xyri2b x18d9i69 x1c1uobl x16tdsg8 x1hl2dhg xggy1nq x1a2a7pz xkrqix3 x1sur9pj xzsf02u x1s688f\" role=\"link\" href=\"https:\/\/www.facebook.com\/AcademiadelaLlinguaAsturiana?__cft__[0]=AZUzXZoihglP_Xa43TH07p5sDmxZvqeR96Fs28Rx2eIe9RJbhuN4x70mIRaaK2tYYgWvR7rhAdzuhGSDoe8MFWHMMrpsfKioPTSoAIj2CwrlxXOrmAx_gx_dfAMBztatiwDqzEghnI6F1dqzQK-PFk7CI7r9xCABv-63ZcpiN6dKQZKP2ZtX-8PB2HsxKGBvAbijiXEFcncKumjK4A_zvyQ4&amp;__tn__=-UC%2CP-y-R\"><b class=\"html-b xdj266r x14z9mp xat24cr x1lziwak xexx8yu xyri2b x18d9i69 x1c1uobl x1hl2dhg x16tdsg8 x1vvkbs x1s688f\"><span class=\"html-span xdj266r x14z9mp xat24cr x1lziwak xexx8yu xyri2b x18d9i69 x1c1uobl x1hl2dhg x16tdsg8 x1vvkbs\">Academia de la Llingua Asturiana<\/span><\/b><\/a><\/span><\/span><\/span><\/li>\n<\/ul>\n<\/div>\n<\/div>\n<div class=\"xu06os2 x1ok221b\">\n<div class=\"html-div xdj266r x14z9mp xat24cr x1lziwak xexx8yu xyri2b x18d9i69 x1c1uobl x6s0dn4 x17zd0t2 x78zum5 x1q0g3np x1a02dak\"><\/div>\n<\/div>\n<\/div>\n<div class=\"html-div xdj266r x14z9mp xat24cr x1lziwak xexx8yu xyri2b x18d9i69 x1c1uobl\" dir=\"auto\">\n<div class=\"html-div xdj266r x14z9mp xat24cr x1lziwak xexx8yu xyri2b x18d9i69 x1c1uobl\" dir=\"auto\">\n<div class=\"html-div xdj266r x14z9mp xat24cr x1lziwak xexx8yu xyri2b x18d9i69 x1c1uobl\" data-ad-rendering-role=\"story_message\">\n<div class=\"x1l90r2v x1iorvi4 x1g0dm76 xpdmqnj\" data-ad-comet-preview=\"message\" data-ad-preview=\"message\">\n<div class=\"x78zum5 xdt5ytf xz62fqu x16ldp7u\">\n<div class=\"xu06os2 x1ok221b\">\n<div class=\"html-div xdj266r x14z9mp xat24cr x1lziwak xexx8yu xyri2b x18d9i69 x1c1uobl\">\n<div class=\"xdj266r x14z9mp xat24cr x1lziwak x1vvkbs x126k92a\">\n<div dir=\"auto\"><span style=\"color: #008080\"><strong>Cantares d&#8217;amor y guerra, de Gaspar Garc\u00eda Laviana<\/strong><\/span>, <strong>recueye 53 poemes<\/strong> que&#8217;l cura y guerrilleru escribi\u00f3 durante la so etapa en Nicaragua. Foi un tiempu nel que, am\u00e1s d&#8217;exercer como sacerdote y lluchar contra la dictadura de Somoza, escribi\u00f3 sobre lo que-y provoc\u00f3 la naturaleza nicarag\u00fcense y la cruda realidad social del pueblu que top\u00f3 a finales de los 70. <a href=\"https:\/\/alladixital.org\/productu\/cantares-damor-y-guerra\/\">Ficha ALLA<\/a><\/div>\n<div dir=\"auto\"><!--more--><\/div>\n<div dir=\"auto\"><\/div>\n<\/div>\n<div class=\"x14z9mp xat24cr x1lziwak x1vvkbs xtlvy1s x126k92a\">\n<div dir=\"auto\">Esta ye la poes\u00eda que lu llev\u00f3 a la guerrilla y a la muerte, y qu\u2019agora podemos lleer n\u2019asturianu gracies a la<strong> traducci\u00f3n de Lourdes \u00c1lvarez<\/strong> empobinada pola Asociaci\u00f3n por la memoria de Gaspar Garc\u00eda Laviana. M\u00e1s informaci\u00f3n: <span class=\"html-span xdj266r x14z9mp xat24cr x1lziwak xexx8yu xyri2b x18d9i69 x1c1uobl x1hl2dhg x16tdsg8 x1vvkbs\"><a class=\"x1i10hfl xjbqb8w x1ejq31n x18oe1m7 x1sy0etr xstzfhl x972fbf x10w94by x1qhh985 x14e42zd x9f619 x1ypdohk xt0psk2 xe8uvvx xdj266r x14z9mp xat24cr x1lziwak xexx8yu xyri2b x18d9i69 x1c1uobl x16tdsg8 x1hl2dhg xggy1nq x1a2a7pz xkrqix3 x1sur9pj x1fey0fg x1s688f\" role=\"link\" href=\"https:\/\/l.facebook.com\/l.php?u=https%3A%2F%2Fcutt.ly%2FIrDPfYv6%3Ffbclid%3DIwZXh0bgNhZW0CMTAAYnJpZBEwcndyTjJpWmR5UDR2ampkTAEeciokeOXXQ0Sm-c7-Octy1hhcDHmy70iAskbOe5wje5Rapsz_5iJtQELmnkU_aem_DHtrsc0hdtmmtjr9mXaA3w&amp;h=AT0Fo4XTsm0t-WSJmhhk22n84okDNAUArOJVtCBeOZ57jUxK89JLG3p2rwYlkLyKK1jnlTlYtyxoaGamzoKZ8aFbMcUfayaDPSIXhkiBfLDNCW0U8T_eUwae45k-QFqVJ1nNjCMvsUHYgiC8bsMfgsS9KTpPDQ&amp;__tn__=-UK-y-R&amp;c[0]=AT0eYb88SCzekj2lhQfjOfpt0ViJ6M3alYgEwdWrX5cXtqe18aWfN-0Ol74Gg5KxK5qOFl8iSYYhfimzkcEyC0PTvsK2rgzgWixTgR6t_0hyOEstzo6gkpKQMEcuaAsPkedKXrBIkttTTbVgTXRIQMcCtsy_TOZ-lrYz4NmMyH9-8Bexll7zSTwl2C4Vx3-XkcbtrAWgq9TPnyfflIzuSVC3GQHNjp8ff9nch-GTrtB_NVQr\" target=\"_blank\" rel=\"nofollow noopener noreferrer\">https:\/\/cutt.ly\/IrDPfYv6<\/a><\/span><\/div>\n<div dir=\"auto\"><\/div>\n<div dir=\"auto\">Gaspar Garc\u00eda Laviana, am\u00e1s de cura y guerrilleru, tami\u00e9n yera poeta, y los sos poemes circulaben de mano en mano ente los guerrilleros del Frente Sur.<\/div>\n<div dir=\"auto\"><\/div>\n<div dir=\"auto\">Estos son poemes enllenos d\u2019amor: amor al campes\u00edn, a les probes prostitutes a les que tanto defendi\u00f3 enfrent\u00e1ndose a les autoridaes somocistes, amor al paisaxe, al llagu qu\u2019\u00e9l llama \u00abel llagu m\u00e1s guapu del mundu\u00bb, a la tierra pola que morri\u00f3.<\/div>\n<div dir=\"auto\"><\/div>\n<div dir=\"auto\">Y polo mesmo son tambi\u00e9n poemes enllenos d\u2019ira. Esta ye la poes\u00eda que lu llev\u00f3 a la guerrilla y a la muerte, y qu\u2019agora podemos lleer n\u2019asturianu gracies a la traducci\u00f3n de Lourdes \u00c1lvarez empobinada pola \u00abAsociaci\u00f3n por la memoria de Gaspar Garc\u00eda Laviana\u00bb.<\/div>\n<\/div>\n<\/div>\n<\/div>\n<\/div>\n<\/div>\n<\/div>\n<\/div>\n<\/div>\n<p>&nbsp;<\/p>\n","protected":false},"excerpt":{"rendered":"<p>Academia de la Llingua Asturiana Cantares d&#8217;amor y guerra, de Gaspar Garc\u00eda Laviana, recueye 53 poemes que&#8217;l cura y guerrilleru escribi\u00f3 durante la so etapa en Nicaragua. Foi un tiempu nel que, am\u00e1s d&#8217;exercer como sacerdote y lluchar contra la dictadura de Somoza, escribi\u00f3 sobre lo que-y provoc\u00f3 la naturaleza nicarag\u00fcense y la cruda realidad [&hellip;]<\/p>\n","protected":false},"author":117,"featured_media":0,"comment_status":"closed","ping_status":"open","sticky":false,"template":"","format":"standard","meta":{"footnotes":""},"categories":[65,39],"tags":[],"class_list":["post-55027","post","type-post","status-publish","format-standard","hentry","category-alla","category-poesia"],"_links":{"self":[{"href":"https:\/\/edublog.educastur.es\/ixuxu\/wp-json\/wp\/v2\/posts\/55027","targetHints":{"allow":["GET"]}}],"collection":[{"href":"https:\/\/edublog.educastur.es\/ixuxu\/wp-json\/wp\/v2\/posts"}],"about":[{"href":"https:\/\/edublog.educastur.es\/ixuxu\/wp-json\/wp\/v2\/types\/post"}],"author":[{"embeddable":true,"href":"https:\/\/edublog.educastur.es\/ixuxu\/wp-json\/wp\/v2\/users\/117"}],"replies":[{"embeddable":true,"href":"https:\/\/edublog.educastur.es\/ixuxu\/wp-json\/wp\/v2\/comments?post=55027"}],"version-history":[{"count":5,"href":"https:\/\/edublog.educastur.es\/ixuxu\/wp-json\/wp\/v2\/posts\/55027\/revisions"}],"predecessor-version":[{"id":55109,"href":"https:\/\/edublog.educastur.es\/ixuxu\/wp-json\/wp\/v2\/posts\/55027\/revisions\/55109"}],"wp:attachment":[{"href":"https:\/\/edublog.educastur.es\/ixuxu\/wp-json\/wp\/v2\/media?parent=55027"}],"wp:term":[{"taxonomy":"category","embeddable":true,"href":"https:\/\/edublog.educastur.es\/ixuxu\/wp-json\/wp\/v2\/categories?post=55027"},{"taxonomy":"post_tag","embeddable":true,"href":"https:\/\/edublog.educastur.es\/ixuxu\/wp-json\/wp\/v2\/tags?post=55027"}],"curies":[{"name":"wp","href":"https:\/\/api.w.org\/{rel}","templated":true}]}}